{"id":15845,"date":"2025-09-16T19:00:00","date_gmt":"2025-09-16T22:00:00","guid":{"rendered":"https:\/\/crusoe.audiencelabs.com.br\/?p=15845"},"modified":"2025-09-16T05:29:38","modified_gmt":"2025-09-16T08:29:38","slug":"vista-se-de-verde-o-que-essa-cor-transmite-segundo-a-psicologia-das-cores","status":"publish","type":"post","link":"https:\/\/crusoe.audiencelabs.com.br\/vista-se-de-verde-o-que-essa-cor-transmite-segundo-a-psicologia-das-cores\/","title":{"rendered":"Vista-se de verde: o que essa cor transmite, segundo a psicologia das cores"},"content":{"rendered":"\n<p>Nos dias de hoje, onde a urbaniza\u00e7\u00e3o avan\u00e7a de forma acelerada, a<strong> cor verde <\/strong>ganha destaque. Estudos em <strong>psicologia das cores <\/strong>indicam que o verde simboliza <strong>vida, esperan\u00e7a e equil\u00edbrio<\/strong>.&nbsp;<\/p>\n\n\n\n<p>O papel do verde se torna essencial na decora\u00e7\u00e3o de interiores e na moda, buscando <strong>oferecer um ref\u00fagio aos que vivem em ambientes urbanos cinzentos<\/strong>.&nbsp;<\/p>\n\n\n\n<p>Descubra como essa cor pode influenciar positivamente o estado de esp\u00edrito e promover mudan\u00e7as em diversos aspectos da vida cotidiana.<\/p>\n\n\n\n<h2 class=\"wp-block-heading\">Verde: s\u00edmbolo de esperan\u00e7a e renova\u00e7\u00e3o<\/h2>\n\n\n\n<p>A popularidade do verde n\u00e3o \u00e9 apenas est\u00e9tica. Na psicologia das cores, o verde \u00e9 frequentemente associado a sentimentos de tranquilidade, esperan\u00e7a e renova\u00e7\u00e3o.&nbsp;<\/p>\n\n\n\n<p>Sua<strong> presen\u00e7a na moda vem crescendo<\/strong>, especialmente devido ao crescente interesse por uma ind\u00fastria mais sustent\u00e1vel. As marcas est\u00e3o cada vez mais inclinadas a utilizar o verde para simbolizar essa conex\u00e3o com a natureza e suas pr\u00e1ticas mais ecol\u00f3gicas.<\/p>\n\n\n\n<h2 class=\"wp-block-heading\">Versatilidade do verde na moda<\/h2>\n\n\n\n<p>O verde destaca-se por sua incr\u00edvel versatilidade. Ele pode assumir tons mais formais, como o <strong>verde oliva<\/strong>, ou variantes mais casuais, como o<strong> verde-esmeralda <\/strong>e <strong>jade<\/strong>.<\/p>\n\n\n\n<p>Esta capacidade de se adaptar a diversos estilos faz com que o verde seja uma escolha popular entre designers e consumidores. Al\u00e9m de ser um \u00edcone de rejuvenescimento em qualquer look, ele encapsula atitudes positivas, como esperan\u00e7a e otimismo.<\/p>\n\n\n\n<h2 class=\"wp-block-heading\">A influ\u00eancia da psicologia das cores<\/h2>\n\n\n\n<p>Entender a psicologia das cores \u00e9 crucial para compreender as escolhas de moda contempor\u00e2neas. O verde provoca respostas emocionais de calma e relaxamento, mas tamb\u00e9m \u00e9 visto como um catalisador de crescimento e prosperidade.&nbsp;<\/p>\n\n\n\n<p>Com o aumento do foco em tecnologia sustent\u00e1vel, o verde se torna ainda mais relevante, causando inova\u00e7\u00e3o tecnol\u00f3gica com design de moda.<\/p>\n\n\n\n<h2 class=\"wp-block-heading\">Verde nas tend\u00eancias futuras<\/h2>\n\n\n\n<p>A tend\u00eancia \u00e9 que o verde continue em ascens\u00e3o. Tons como Cool Matcha, que combina a ess\u00eancia da natureza com uma abordagem tecnol\u00f3gica inovadora, ilustram essa evolu\u00e7\u00e3o.&nbsp;<\/p>\n\n\n\n<p>\u00c0 medida que a moda evolui, espera-se que o verde continue a moldar a narrativa da ind\u00fastria, influenciando designers e consumidores na sua busca por uma moda consciente.<\/p>\n","protected":false},"excerpt":{"rendered":"<p>Nos dias de hoje, onde a urbaniza\u00e7\u00e3o avan\u00e7a de forma acelerada, a cor verde ganha destaque. Estudos em psicologia das cores indicam que o verde simboliza vida, esperan\u00e7a e equil\u00edbrio.&nbsp; O papel do verde se torna essencial na decora\u00e7\u00e3o de interiores e na moda, buscando oferecer um ref\u00fagio aos que vivem em ambientes urbanos cinzentos.&nbsp; [&hellip;]<\/p>\n","protected":false},"author":5,"featured_media":15846,"comment_status":"open","ping_status":"open","sticky":false,"template":"","format":"standard","meta":{"jnews-multi-image_gallery":[],"jnews_single_post":{"format":"standard"},"jnews_primary_category":[],"jnews_override_counter":[],"jnews_post_split":[],"footnotes":""},"categories":[1],"tags":[2605,1622,2603],"class_list":["post-15845","post","type-post","status-publish","format-standard","has-post-thumbnail","hentry","category-geral","tag-cor","tag-psicologia-das-cores","tag-verde"],"yoast_head":"<!-- This site is optimized with the Yoast SEO plugin v25.0 - https:\/\/yoast.com\/wordpress\/plugins\/seo\/ -->\n<title>Vista-se de verde: o que essa cor transmite, segundo a psicologia das cores<\/title>\n<meta name=\"robots\" content=\"index, follow, max-snippet:-1, max-image-preview:large, max-video-preview:-1\" \/>\n<link rel=\"canonical\" href=\"https:\/\/crusoe.audiencelabs.com.br\/vista-se-de-verde-o-que-essa-cor-transmite-segundo-a-psicologia-das-cores\/\" \/>\n<meta property=\"og:locale\" content=\"pt_BR\" \/>\n<meta property=\"og:type\" content=\"article\" \/>\n<meta property=\"og:title\" content=\"Vista-se de verde: o que essa cor transmite, segundo a psicologia das cores\" \/>\n<meta property=\"og:description\" content=\"Nos dias de hoje, onde a urbaniza\u00e7\u00e3o avan\u00e7a de forma acelerada, a cor verde ganha destaque. Estudos em psicologia das cores indicam que o verde simboliza vida, esperan\u00e7a e equil\u00edbrio.&nbsp; O papel do verde se torna essencial na decora\u00e7\u00e3o de interiores e na moda, buscando oferecer um ref\u00fagio aos que vivem em ambientes urbanos cinzentos.&nbsp; [&hellip;]\" \/>\n<meta property=\"og:url\" content=\"https:\/\/crusoe.audiencelabs.com.br\/vista-se-de-verde-o-que-essa-cor-transmite-segundo-a-psicologia-das-cores\/\" \/>\n<meta property=\"og:site_name\" content=\"Variedades - Cruso\u00e9\" \/>\n<meta property=\"article:published_time\" content=\"2025-09-16T22:00:00+00:00\" \/>\n<meta property=\"og:image\" content=\"https:\/\/cdn.crusoe.com.br\/uploads\/2025\/09\/Qual-cor-de-roupa-combina-com-verde.webp\" \/>\n\t<meta property=\"og:image:width\" content=\"1024\" \/>\n\t<meta property=\"og:image:height\" content=\"563\" \/>\n\t<meta property=\"og:image:type\" content=\"image\/webp\" \/>\n<meta name=\"author\" content=\"Milena Armando\" \/>\n<meta name=\"twitter:card\" content=\"summary_large_image\" \/>\n<meta name=\"twitter:label1\" content=\"Escrito por\" \/>\n\t<meta name=\"twitter:data1\" content=\"Milena Armando\" \/>\n\t<meta name=\"twitter:label2\" content=\"Est. tempo de leitura\" \/>\n\t<meta name=\"twitter:data2\" content=\"3 minutos\" \/>\n<script type=\"application\/ld+json\" class=\"yoast-schema-graph\">{\"@context\":\"https:\/\/schema.org\",\"@graph\":[{\"@type\":\"WebPage\",\"@id\":\"https:\/\/crusoe.audiencelabs.com.br\/vista-se-de-verde-o-que-essa-cor-transmite-segundo-a-psicologia-das-cores\/\",\"url\":\"https:\/\/crusoe.audiencelabs.com.br\/vista-se-de-verde-o-que-essa-cor-transmite-segundo-a-psicologia-das-cores\/\",\"name\":\"Vista-se de verde: o que essa cor transmite, segundo a psicologia das cores\",\"isPartOf\":{\"@id\":\"https:\/\/crusoe.audiencelabs.com.br\/#website\"},\"primaryImageOfPage\":{\"@id\":\"https:\/\/crusoe.audiencelabs.com.br\/vista-se-de-verde-o-que-essa-cor-transmite-segundo-a-psicologia-das-cores\/#primaryimage\"},\"image\":{\"@id\":\"https:\/\/crusoe.audiencelabs.com.br\/vista-se-de-verde-o-que-essa-cor-transmite-segundo-a-psicologia-das-cores\/#primaryimage\"},\"thumbnailUrl\":\"https:\/\/cdn.crusoe.com.br\/uploads\/2025\/09\/Qual-cor-de-roupa-combina-com-verde.webp\",\"datePublished\":\"2025-09-16T22:00:00+00:00\",\"author\":{\"@id\":\"https:\/\/crusoe.audiencelabs.com.br\/#\/schema\/person\/f87f73cfe89e5360de2c006bd4bd6a74\"},\"breadcrumb\":{\"@id\":\"https:\/\/crusoe.audiencelabs.com.br\/vista-se-de-verde-o-que-essa-cor-transmite-segundo-a-psicologia-das-cores\/#breadcrumb\"},\"inLanguage\":\"pt-BR\",\"potentialAction\":[{\"@type\":\"ReadAction\",\"target\":[\"https:\/\/crusoe.audiencelabs.com.br\/vista-se-de-verde-o-que-essa-cor-transmite-segundo-a-psicologia-das-cores\/\"]}]},{\"@type\":\"ImageObject\",\"inLanguage\":\"pt-BR\",\"@id\":\"https:\/\/crusoe.audiencelabs.com.br\/vista-se-de-verde-o-que-essa-cor-transmite-segundo-a-psicologia-das-cores\/#primaryimage\",\"url\":\"https:\/\/cdn.crusoe.com.br\/uploads\/2025\/09\/Qual-cor-de-roupa-combina-com-verde.webp\",\"contentUrl\":\"https:\/\/cdn.crusoe.com.br\/uploads\/2025\/09\/Qual-cor-de-roupa-combina-com-verde.webp\",\"width\":1024,\"height\":563,\"caption\":\"Foto: Oi Empreendedores\"},{\"@type\":\"BreadcrumbList\",\"@id\":\"https:\/\/crusoe.audiencelabs.com.br\/vista-se-de-verde-o-que-essa-cor-transmite-segundo-a-psicologia-das-cores\/#breadcrumb\",\"itemListElement\":[{\"@type\":\"ListItem\",\"position\":1,\"name\":\"Home\",\"item\":\"https:\/\/crusoe.audiencelabs.com.br\/\"},{\"@type\":\"ListItem\",\"position\":2,\"name\":\"Vista-se de verde: o que essa cor transmite, segundo a psicologia das cores\"}]},{\"@type\":\"WebSite\",\"@id\":\"https:\/\/crusoe.audiencelabs.com.br\/#website\",\"url\":\"https:\/\/crusoe.audiencelabs.com.br\/\",\"name\":\"Variedades - Cruso\u00e9\",\"description\":\"\",\"potentialAction\":[{\"@type\":\"SearchAction\",\"target\":{\"@type\":\"EntryPoint\",\"urlTemplate\":\"https:\/\/crusoe.audiencelabs.com.br\/?s={search_term_string}\"},\"query-input\":{\"@type\":\"PropertyValueSpecification\",\"valueRequired\":true,\"valueName\":\"search_term_string\"}}],\"inLanguage\":\"pt-BR\"},{\"@type\":\"Person\",\"@id\":\"https:\/\/crusoe.audiencelabs.com.br\/#\/schema\/person\/f87f73cfe89e5360de2c006bd4bd6a74\",\"name\":\"Milena Armando\",\"image\":{\"@type\":\"ImageObject\",\"inLanguage\":\"pt-BR\",\"@id\":\"https:\/\/crusoe.audiencelabs.com.br\/#\/schema\/person\/image\/\",\"url\":\"https:\/\/secure.gravatar.com\/avatar\/ea14ecddc9e9d202b698b18f9f69e09c9fd74cfbed5c6008d55f11faefdbdab7?s=96&d=mm&r=g\",\"contentUrl\":\"https:\/\/secure.gravatar.com\/avatar\/ea14ecddc9e9d202b698b18f9f69e09c9fd74cfbed5c6008d55f11faefdbdab7?s=96&d=mm&r=g\",\"caption\":\"Milena Armando\"},\"description\":\"Jornalista, redatora e revisora.\",\"url\":\"https:\/\/crusoe.audiencelabs.com.br\/author\/milena\/\"}]}<\/script>\n<!-- \/ Yoast SEO plugin. -->","yoast_head_json":{"title":"Vista-se de verde: o que essa cor transmite, segundo a psicologia das cores","robots":{"index":"index","follow":"follow","max-snippet":"max-snippet:-1","max-image-preview":"max-image-preview:large","max-video-preview":"max-video-preview:-1"},"canonical":"https:\/\/crusoe.audiencelabs.com.br\/vista-se-de-verde-o-que-essa-cor-transmite-segundo-a-psicologia-das-cores\/","og_locale":"pt_BR","og_type":"article","og_title":"Vista-se de verde: o que essa cor transmite, segundo a psicologia das cores","og_description":"Nos dias de hoje, onde a urbaniza\u00e7\u00e3o avan\u00e7a de forma acelerada, a cor verde ganha destaque. Estudos em psicologia das cores indicam que o verde simboliza vida, esperan\u00e7a e equil\u00edbrio.&nbsp; O papel do verde se torna essencial na decora\u00e7\u00e3o de interiores e na moda, buscando oferecer um ref\u00fagio aos que vivem em ambientes urbanos cinzentos.&nbsp; [&hellip;]","og_url":"https:\/\/crusoe.audiencelabs.com.br\/vista-se-de-verde-o-que-essa-cor-transmite-segundo-a-psicologia-das-cores\/","og_site_name":"Variedades - Cruso\u00e9","article_published_time":"2025-09-16T22:00:00+00:00","og_image":[{"width":1024,"height":563,"url":"https:\/\/cdn.crusoe.com.br\/uploads\/2025\/09\/Qual-cor-de-roupa-combina-com-verde.webp","type":"image\/webp"}],"author":"Milena Armando","twitter_card":"summary_large_image","twitter_misc":{"Escrito por":"Milena Armando","Est. tempo de leitura":"3 minutos"},"schema":{"@context":"https:\/\/schema.org","@graph":[{"@type":"WebPage","@id":"https:\/\/crusoe.audiencelabs.com.br\/vista-se-de-verde-o-que-essa-cor-transmite-segundo-a-psicologia-das-cores\/","url":"https:\/\/crusoe.audiencelabs.com.br\/vista-se-de-verde-o-que-essa-cor-transmite-segundo-a-psicologia-das-cores\/","name":"Vista-se de verde: o que essa cor transmite, segundo a psicologia das cores","isPartOf":{"@id":"https:\/\/crusoe.audiencelabs.com.br\/#website"},"primaryImageOfPage":{"@id":"https:\/\/crusoe.audiencelabs.com.br\/vista-se-de-verde-o-que-essa-cor-transmite-segundo-a-psicologia-das-cores\/#primaryimage"},"image":{"@id":"https:\/\/crusoe.audiencelabs.com.br\/vista-se-de-verde-o-que-essa-cor-transmite-segundo-a-psicologia-das-cores\/#primaryimage"},"thumbnailUrl":"https:\/\/cdn.crusoe.com.br\/uploads\/2025\/09\/Qual-cor-de-roupa-combina-com-verde.webp","datePublished":"2025-09-16T22:00:00+00:00","author":{"@id":"https:\/\/crusoe.audiencelabs.com.br\/#\/schema\/person\/f87f73cfe89e5360de2c006bd4bd6a74"},"breadcrumb":{"@id":"https:\/\/crusoe.audiencelabs.com.br\/vista-se-de-verde-o-que-essa-cor-transmite-segundo-a-psicologia-das-cores\/#breadcrumb"},"inLanguage":"pt-BR","potentialAction":[{"@type":"ReadAction","target":["https:\/\/crusoe.audiencelabs.com.br\/vista-se-de-verde-o-que-essa-cor-transmite-segundo-a-psicologia-das-cores\/"]}]},{"@type":"ImageObject","inLanguage":"pt-BR","@id":"https:\/\/crusoe.audiencelabs.com.br\/vista-se-de-verde-o-que-essa-cor-transmite-segundo-a-psicologia-das-cores\/#primaryimage","url":"https:\/\/cdn.crusoe.com.br\/uploads\/2025\/09\/Qual-cor-de-roupa-combina-com-verde.webp","contentUrl":"https:\/\/cdn.crusoe.com.br\/uploads\/2025\/09\/Qual-cor-de-roupa-combina-com-verde.webp","width":1024,"height":563,"caption":"Foto: Oi Empreendedores"},{"@type":"BreadcrumbList","@id":"https:\/\/crusoe.audiencelabs.com.br\/vista-se-de-verde-o-que-essa-cor-transmite-segundo-a-psicologia-das-cores\/#breadcrumb","itemListElement":[{"@type":"ListItem","position":1,"name":"Home","item":"https:\/\/crusoe.audiencelabs.com.br\/"},{"@type":"ListItem","position":2,"name":"Vista-se de verde: o que essa cor transmite, segundo a psicologia das cores"}]},{"@type":"WebSite","@id":"https:\/\/crusoe.audiencelabs.com.br\/#website","url":"https:\/\/crusoe.audiencelabs.com.br\/","name":"Variedades - Cruso\u00e9","description":"","potentialAction":[{"@type":"SearchAction","target":{"@type":"EntryPoint","urlTemplate":"https:\/\/crusoe.audiencelabs.com.br\/?s={search_term_string}"},"query-input":{"@type":"PropertyValueSpecification","valueRequired":true,"valueName":"search_term_string"}}],"inLanguage":"pt-BR"},{"@type":"Person","@id":"https:\/\/crusoe.audiencelabs.com.br\/#\/schema\/person\/f87f73cfe89e5360de2c006bd4bd6a74","name":"Milena Armando","image":{"@type":"ImageObject","inLanguage":"pt-BR","@id":"https:\/\/crusoe.audiencelabs.com.br\/#\/schema\/person\/image\/","url":"https:\/\/secure.gravatar.com\/avatar\/ea14ecddc9e9d202b698b18f9f69e09c9fd74cfbed5c6008d55f11faefdbdab7?s=96&d=mm&r=g","contentUrl":"https:\/\/secure.gravatar.com\/avatar\/ea14ecddc9e9d202b698b18f9f69e09c9fd74cfbed5c6008d55f11faefdbdab7?s=96&d=mm&r=g","caption":"Milena Armando"},"description":"Jornalista, redatora e revisora.","url":"https:\/\/crusoe.audiencelabs.com.br\/author\/milena\/"}]}},"_links":{"self":[{"href":"https:\/\/crusoe.audiencelabs.com.br\/wp-json\/wp\/v2\/posts\/15845","targetHints":{"allow":["GET"]}}],"collection":[{"href":"https:\/\/crusoe.audiencelabs.com.br\/wp-json\/wp\/v2\/posts"}],"about":[{"href":"https:\/\/crusoe.audiencelabs.com.br\/wp-json\/wp\/v2\/types\/post"}],"author":[{"embeddable":true,"href":"https:\/\/crusoe.audiencelabs.com.br\/wp-json\/wp\/v2\/users\/5"}],"replies":[{"embeddable":true,"href":"https:\/\/crusoe.audiencelabs.com.br\/wp-json\/wp\/v2\/comments?post=15845"}],"version-history":[{"count":1,"href":"https:\/\/crusoe.audiencelabs.com.br\/wp-json\/wp\/v2\/posts\/15845\/revisions"}],"predecessor-version":[{"id":15847,"href":"https:\/\/crusoe.audiencelabs.com.br\/wp-json\/wp\/v2\/posts\/15845\/revisions\/15847"}],"wp:featuredmedia":[{"embeddable":true,"href":"https:\/\/crusoe.audiencelabs.com.br\/wp-json\/wp\/v2\/media\/15846"}],"wp:attachment":[{"href":"https:\/\/crusoe.audiencelabs.com.br\/wp-json\/wp\/v2\/media?parent=15845"}],"wp:term":[{"taxonomy":"category","embeddable":true,"href":"https:\/\/crusoe.audiencelabs.com.br\/wp-json\/wp\/v2\/categories?post=15845"},{"taxonomy":"post_tag","embeddable":true,"href":"https:\/\/crusoe.audiencelabs.com.br\/wp-json\/wp\/v2\/tags?post=15845"}],"curies":[{"name":"wp","href":"https:\/\/api.w.org\/{rel}","templated":true}]}}