{"id":154,"date":"2025-05-13T10:40:00","date_gmt":"2025-05-13T13:40:00","guid":{"rendered":"https:\/\/crusoe.com.br\/variedades\/?p=154"},"modified":"2025-05-13T14:05:55","modified_gmt":"2025-05-13T17:05:55","slug":"prazo-do-imposto-de-renda-2025-fique-atento-para-nao-perder","status":"publish","type":"post","link":"https:\/\/crusoe.audiencelabs.com.br\/prazo-do-imposto-de-renda-2025-fique-atento-para-nao-perder\/","title":{"rendered":"Prazo do Imposto de Renda 2025: fique atento para n\u00e3o perder"},"content":{"rendered":"\n<p>A Receita Federal alerta que os contribuintes brasileiros t\u00eam at\u00e9 30 de maio para enviar a declara\u00e7\u00e3o do Imposto de Renda (IR).&nbsp;<\/p>\n\n\n\n<p>Caso n\u00e3o entreguem a tempo, enfrentar\u00e3o uma multa inicial de R$ 165,74. Esta penalidade pode aumentar at\u00e9 20% do imposto devido, conforme o tempo de atraso.<\/p>\n\n\n\n<h2 class=\"wp-block-heading\">Quem precisa declarar o IR em 2025?<\/h2>\n\n\n\n<p>Neste ano, devem prestar contas ao Fisco aqueles que tiveram rendimentos tribut\u00e1veis acima de R$ 33.888 em 2024. Al\u00e9m deles, est\u00e3o inclusos:\u00a0<\/p>\n\n\n\n<ul class=\"wp-block-list\">\n<li>Quem recebeu rendimentos isentos, n\u00e3o tribut\u00e1veis ou tributados exclusivamente na fonte, cuja soma foi superior a R$ 200 mil.\u00a0<\/li>\n\n\n\n<li>Quem obteve, em qualquer m\u00eas, ganho de capital (ou seja, lucro) na venda de bens ou direitos sujeitos \u00e0 incid\u00eancia do imposto.<\/li>\n\n\n\n<li>Quem realizou venda em Bolsas de Valores, de mercadorias e de futuros e assemelhadas cuja soma foi superior a R$ 40 mil no ano ou apurou ganho l\u00edquido sujeito \u00e0 tributa\u00e7\u00e3o.<\/li>\n\n\n\n<li>Receberam rendimentos no exterior, incluindo aplica\u00e7\u00f5es financeiras, lucros e dividendos, independentemente do valor.\u00a0<\/li>\n\n\n\n<li>Quem tinha\u00a0 posse ou propriedade, em 31 de dezembro de 2024, de bens e direitos, no valor superior a R$ 800 mil.<\/li>\n\n\n\n<li>Quem passou a ser residente no Brasil a partir de 1\/1\/2024.<\/li>\n\n\n\n<li>Foi titular de trust e demais contratos regidos no exterior com caracter\u00edsticas similares.<\/li>\n\n\n\n<li>Obteve\u00a0 receita bruta anual no valor superior a R$ 169.440 em atividade rural; entre outras situa\u00e7\u00f5es.<\/li>\n<\/ul>\n\n\n\n<h2 class=\"wp-block-heading\">Consequ\u00eancias financeiras da n\u00e3o declara\u00e7\u00e3o do IR<\/h2>\n\n\n\n<p>A n\u00e3o declara\u00e7\u00e3o traz impactos al\u00e9m das multas. O contribuinte pode ter o CPF classificado como &#8220;pendente de regulariza\u00e7\u00e3o&#8221;. Esse status imp\u00f5e dificuldades financeiras, como a impossibilidade de abrir contas banc\u00e1rias e obter cr\u00e9dito.&nbsp;<\/p>\n\n\n\n<p>Al\u00e9m disso, o nome poder\u00e1 ser inclu\u00eddo no Cadastro Informativo de Cr\u00e9ditos n\u00e3o Quitados do Setor P\u00fablico Federal (Cadin), dificultando a situa\u00e7\u00e3o financeira do indiv\u00edduo.<\/p>\n\n\n\n<h2 class=\"wp-block-heading\">N\u00e3o entregar a declara\u00e7\u00e3o pode acarretar em pris\u00e3o?&nbsp;<\/h2>\n\n\n\n<p>Embora n\u00e3o declarar n\u00e3o leve imediatamente \u00e0 pris\u00e3o, a sonega\u00e7\u00e3o fiscal, onde h\u00e1 inten\u00e7\u00e3o deliberada de esconder rendimentos, \u00e9 punida severamente.&nbsp;<\/p>\n\n\n\n<p>A Receita examina ind\u00edcios de fraude com rigor e, em casos comprovados, pode resultar em processos criminais e deten\u00e7\u00e3o.<\/p>\n\n\n\n<p>Conforme a data final se aproxima, os contribuintes devem se atentar \u00e0s suas obriga\u00e7\u00f5es para evitar penalidades.&nbsp;<\/p>\n\n\n\n<p>A Receita espera que at\u00e9 o dia 30 de maio, todos os requeridos tenham regularizado sua situa\u00e7\u00e3o, evitando complica\u00e7\u00f5es futuras e garantindo um processo fiscal tranquilo.<\/p>\n","protected":false},"excerpt":{"rendered":"<p>A Receita Federal alerta que os contribuintes brasileiros t\u00eam at\u00e9 30 de maio para enviar a declara\u00e7\u00e3o do Imposto de Renda (IR).&nbsp; Caso n\u00e3o entreguem a tempo, enfrentar\u00e3o uma multa inicial de R$ 165,74. Esta penalidade pode aumentar at\u00e9 20% do imposto devido, conforme o tempo de atraso. Quem precisa declarar o IR em 2025? [&hellip;]<\/p>\n","protected":false},"author":5,"featured_media":291,"comment_status":"open","ping_status":"open","sticky":false,"template":"","format":"standard","meta":{"jnews-multi-image_gallery":[],"jnews_single_post":{"format":"standard"},"jnews_primary_category":[],"jnews_override_counter":[],"jnews_post_split":[],"footnotes":""},"categories":[1],"tags":[69,70],"class_list":["post-154","post","type-post","status-publish","format-standard","has-post-thumbnail","hentry","category-geral","tag-imposto-de-renda-2025","tag-ir-2025"],"yoast_head":"<!-- This site is optimized with the Yoast SEO plugin v25.0 - https:\/\/yoast.com\/wordpress\/plugins\/seo\/ -->\n<title>Prazo do Imposto de Renda 2025: fique atento para n\u00e3o perder<\/title>\n<meta name=\"robots\" content=\"index, follow, max-snippet:-1, max-image-preview:large, max-video-preview:-1\" \/>\n<link rel=\"canonical\" href=\"https:\/\/crusoe.audiencelabs.com.br\/prazo-do-imposto-de-renda-2025-fique-atento-para-nao-perder\/\" \/>\n<meta property=\"og:locale\" content=\"pt_BR\" \/>\n<meta property=\"og:type\" content=\"article\" \/>\n<meta property=\"og:title\" content=\"Prazo do Imposto de Renda 2025: fique atento para n\u00e3o perder\" \/>\n<meta property=\"og:description\" content=\"A Receita Federal alerta que os contribuintes brasileiros t\u00eam at\u00e9 30 de maio para enviar a declara\u00e7\u00e3o do Imposto de Renda (IR).&nbsp; Caso n\u00e3o entreguem a tempo, enfrentar\u00e3o uma multa inicial de R$ 165,74. Esta penalidade pode aumentar at\u00e9 20% do imposto devido, conforme o tempo de atraso. Quem precisa declarar o IR em 2025? [&hellip;]\" \/>\n<meta property=\"og:url\" content=\"https:\/\/crusoe.audiencelabs.com.br\/prazo-do-imposto-de-renda-2025-fique-atento-para-nao-perder\/\" \/>\n<meta property=\"og:site_name\" content=\"Variedades - Cruso\u00e9\" \/>\n<meta property=\"article:published_time\" content=\"2025-05-13T13:40:00+00:00\" \/>\n<meta property=\"article:modified_time\" content=\"2025-05-13T17:05:55+00:00\" \/>\n<meta property=\"og:image\" content=\"https:\/\/cdn.crusoe.com.br\/uploads\/2025\/05\/imposto-de-renda-2022.jpg\" \/>\n\t<meta property=\"og:image:width\" content=\"1280\" \/>\n\t<meta property=\"og:image:height\" content=\"720\" \/>\n\t<meta property=\"og:image:type\" content=\"image\/jpeg\" \/>\n<meta name=\"author\" content=\"Milena Armando\" \/>\n<meta name=\"twitter:card\" content=\"summary_large_image\" \/>\n<meta name=\"twitter:label1\" content=\"Escrito por\" \/>\n\t<meta name=\"twitter:data1\" content=\"Milena Armando\" \/>\n\t<meta name=\"twitter:label2\" content=\"Est. tempo de leitura\" \/>\n\t<meta name=\"twitter:data2\" content=\"3 minutos\" \/>\n<script type=\"application\/ld+json\" class=\"yoast-schema-graph\">{\"@context\":\"https:\/\/schema.org\",\"@graph\":[{\"@type\":\"WebPage\",\"@id\":\"https:\/\/crusoe.audiencelabs.com.br\/prazo-do-imposto-de-renda-2025-fique-atento-para-nao-perder\/\",\"url\":\"https:\/\/crusoe.audiencelabs.com.br\/prazo-do-imposto-de-renda-2025-fique-atento-para-nao-perder\/\",\"name\":\"Prazo do Imposto de Renda 2025: fique atento para n\u00e3o perder\",\"isPartOf\":{\"@id\":\"https:\/\/crusoe.audiencelabs.com.br\/#website\"},\"primaryImageOfPage\":{\"@id\":\"https:\/\/crusoe.audiencelabs.com.br\/prazo-do-imposto-de-renda-2025-fique-atento-para-nao-perder\/#primaryimage\"},\"image\":{\"@id\":\"https:\/\/crusoe.audiencelabs.com.br\/prazo-do-imposto-de-renda-2025-fique-atento-para-nao-perder\/#primaryimage\"},\"thumbnailUrl\":\"https:\/\/cdn.crusoe.com.br\/uploads\/2025\/05\/imposto-de-renda-2022.jpg\",\"datePublished\":\"2025-05-13T13:40:00+00:00\",\"dateModified\":\"2025-05-13T17:05:55+00:00\",\"author\":{\"@id\":\"https:\/\/crusoe.audiencelabs.com.br\/#\/schema\/person\/f87f73cfe89e5360de2c006bd4bd6a74\"},\"breadcrumb\":{\"@id\":\"https:\/\/crusoe.audiencelabs.com.br\/prazo-do-imposto-de-renda-2025-fique-atento-para-nao-perder\/#breadcrumb\"},\"inLanguage\":\"pt-BR\",\"potentialAction\":[{\"@type\":\"ReadAction\",\"target\":[\"https:\/\/crusoe.audiencelabs.com.br\/prazo-do-imposto-de-renda-2025-fique-atento-para-nao-perder\/\"]}]},{\"@type\":\"ImageObject\",\"inLanguage\":\"pt-BR\",\"@id\":\"https:\/\/crusoe.audiencelabs.com.br\/prazo-do-imposto-de-renda-2025-fique-atento-para-nao-perder\/#primaryimage\",\"url\":\"https:\/\/cdn.crusoe.com.br\/uploads\/2025\/05\/imposto-de-renda-2022.jpg\",\"contentUrl\":\"https:\/\/cdn.crusoe.com.br\/uploads\/2025\/05\/imposto-de-renda-2022.jpg\",\"width\":1280,\"height\":720,\"caption\":\"Foto: CDL\"},{\"@type\":\"BreadcrumbList\",\"@id\":\"https:\/\/crusoe.audiencelabs.com.br\/prazo-do-imposto-de-renda-2025-fique-atento-para-nao-perder\/#breadcrumb\",\"itemListElement\":[{\"@type\":\"ListItem\",\"position\":1,\"name\":\"Home\",\"item\":\"https:\/\/crusoe.audiencelabs.com.br\/\"},{\"@type\":\"ListItem\",\"position\":2,\"name\":\"Prazo do Imposto de Renda 2025: fique atento para n\u00e3o perder\"}]},{\"@type\":\"WebSite\",\"@id\":\"https:\/\/crusoe.audiencelabs.com.br\/#website\",\"url\":\"https:\/\/crusoe.audiencelabs.com.br\/\",\"name\":\"Variedades - Cruso\u00e9\",\"description\":\"\",\"potentialAction\":[{\"@type\":\"SearchAction\",\"target\":{\"@type\":\"EntryPoint\",\"urlTemplate\":\"https:\/\/crusoe.audiencelabs.com.br\/?s={search_term_string}\"},\"query-input\":{\"@type\":\"PropertyValueSpecification\",\"valueRequired\":true,\"valueName\":\"search_term_string\"}}],\"inLanguage\":\"pt-BR\"},{\"@type\":\"Person\",\"@id\":\"https:\/\/crusoe.audiencelabs.com.br\/#\/schema\/person\/f87f73cfe89e5360de2c006bd4bd6a74\",\"name\":\"Milena Armando\",\"image\":{\"@type\":\"ImageObject\",\"inLanguage\":\"pt-BR\",\"@id\":\"https:\/\/crusoe.audiencelabs.com.br\/#\/schema\/person\/image\/\",\"url\":\"https:\/\/secure.gravatar.com\/avatar\/ea14ecddc9e9d202b698b18f9f69e09c9fd74cfbed5c6008d55f11faefdbdab7?s=96&d=mm&r=g\",\"contentUrl\":\"https:\/\/secure.gravatar.com\/avatar\/ea14ecddc9e9d202b698b18f9f69e09c9fd74cfbed5c6008d55f11faefdbdab7?s=96&d=mm&r=g\",\"caption\":\"Milena Armando\"},\"description\":\"Jornalista, redatora e revisora.\",\"url\":\"https:\/\/crusoe.audiencelabs.com.br\/author\/milena\/\"}]}<\/script>\n<!-- \/ Yoast SEO plugin. -->","yoast_head_json":{"title":"Prazo do Imposto de Renda 2025: fique atento para n\u00e3o perder","robots":{"index":"index","follow":"follow","max-snippet":"max-snippet:-1","max-image-preview":"max-image-preview:large","max-video-preview":"max-video-preview:-1"},"canonical":"https:\/\/crusoe.audiencelabs.com.br\/prazo-do-imposto-de-renda-2025-fique-atento-para-nao-perder\/","og_locale":"pt_BR","og_type":"article","og_title":"Prazo do Imposto de Renda 2025: fique atento para n\u00e3o perder","og_description":"A Receita Federal alerta que os contribuintes brasileiros t\u00eam at\u00e9 30 de maio para enviar a declara\u00e7\u00e3o do Imposto de Renda (IR).&nbsp; Caso n\u00e3o entreguem a tempo, enfrentar\u00e3o uma multa inicial de R$ 165,74. Esta penalidade pode aumentar at\u00e9 20% do imposto devido, conforme o tempo de atraso. Quem precisa declarar o IR em 2025? [&hellip;]","og_url":"https:\/\/crusoe.audiencelabs.com.br\/prazo-do-imposto-de-renda-2025-fique-atento-para-nao-perder\/","og_site_name":"Variedades - Cruso\u00e9","article_published_time":"2025-05-13T13:40:00+00:00","article_modified_time":"2025-05-13T17:05:55+00:00","og_image":[{"width":1280,"height":720,"url":"https:\/\/cdn.crusoe.com.br\/uploads\/2025\/05\/imposto-de-renda-2022.jpg","type":"image\/jpeg"}],"author":"Milena Armando","twitter_card":"summary_large_image","twitter_misc":{"Escrito por":"Milena Armando","Est. tempo de leitura":"3 minutos"},"schema":{"@context":"https:\/\/schema.org","@graph":[{"@type":"WebPage","@id":"https:\/\/crusoe.audiencelabs.com.br\/prazo-do-imposto-de-renda-2025-fique-atento-para-nao-perder\/","url":"https:\/\/crusoe.audiencelabs.com.br\/prazo-do-imposto-de-renda-2025-fique-atento-para-nao-perder\/","name":"Prazo do Imposto de Renda 2025: fique atento para n\u00e3o perder","isPartOf":{"@id":"https:\/\/crusoe.audiencelabs.com.br\/#website"},"primaryImageOfPage":{"@id":"https:\/\/crusoe.audiencelabs.com.br\/prazo-do-imposto-de-renda-2025-fique-atento-para-nao-perder\/#primaryimage"},"image":{"@id":"https:\/\/crusoe.audiencelabs.com.br\/prazo-do-imposto-de-renda-2025-fique-atento-para-nao-perder\/#primaryimage"},"thumbnailUrl":"https:\/\/cdn.crusoe.com.br\/uploads\/2025\/05\/imposto-de-renda-2022.jpg","datePublished":"2025-05-13T13:40:00+00:00","dateModified":"2025-05-13T17:05:55+00:00","author":{"@id":"https:\/\/crusoe.audiencelabs.com.br\/#\/schema\/person\/f87f73cfe89e5360de2c006bd4bd6a74"},"breadcrumb":{"@id":"https:\/\/crusoe.audiencelabs.com.br\/prazo-do-imposto-de-renda-2025-fique-atento-para-nao-perder\/#breadcrumb"},"inLanguage":"pt-BR","potentialAction":[{"@type":"ReadAction","target":["https:\/\/crusoe.audiencelabs.com.br\/prazo-do-imposto-de-renda-2025-fique-atento-para-nao-perder\/"]}]},{"@type":"ImageObject","inLanguage":"pt-BR","@id":"https:\/\/crusoe.audiencelabs.com.br\/prazo-do-imposto-de-renda-2025-fique-atento-para-nao-perder\/#primaryimage","url":"https:\/\/cdn.crusoe.com.br\/uploads\/2025\/05\/imposto-de-renda-2022.jpg","contentUrl":"https:\/\/cdn.crusoe.com.br\/uploads\/2025\/05\/imposto-de-renda-2022.jpg","width":1280,"height":720,"caption":"Foto: CDL"},{"@type":"BreadcrumbList","@id":"https:\/\/crusoe.audiencelabs.com.br\/prazo-do-imposto-de-renda-2025-fique-atento-para-nao-perder\/#breadcrumb","itemListElement":[{"@type":"ListItem","position":1,"name":"Home","item":"https:\/\/crusoe.audiencelabs.com.br\/"},{"@type":"ListItem","position":2,"name":"Prazo do Imposto de Renda 2025: fique atento para n\u00e3o perder"}]},{"@type":"WebSite","@id":"https:\/\/crusoe.audiencelabs.com.br\/#website","url":"https:\/\/crusoe.audiencelabs.com.br\/","name":"Variedades - Cruso\u00e9","description":"","potentialAction":[{"@type":"SearchAction","target":{"@type":"EntryPoint","urlTemplate":"https:\/\/crusoe.audiencelabs.com.br\/?s={search_term_string}"},"query-input":{"@type":"PropertyValueSpecification","valueRequired":true,"valueName":"search_term_string"}}],"inLanguage":"pt-BR"},{"@type":"Person","@id":"https:\/\/crusoe.audiencelabs.com.br\/#\/schema\/person\/f87f73cfe89e5360de2c006bd4bd6a74","name":"Milena Armando","image":{"@type":"ImageObject","inLanguage":"pt-BR","@id":"https:\/\/crusoe.audiencelabs.com.br\/#\/schema\/person\/image\/","url":"https:\/\/secure.gravatar.com\/avatar\/ea14ecddc9e9d202b698b18f9f69e09c9fd74cfbed5c6008d55f11faefdbdab7?s=96&d=mm&r=g","contentUrl":"https:\/\/secure.gravatar.com\/avatar\/ea14ecddc9e9d202b698b18f9f69e09c9fd74cfbed5c6008d55f11faefdbdab7?s=96&d=mm&r=g","caption":"Milena Armando"},"description":"Jornalista, redatora e revisora.","url":"https:\/\/crusoe.audiencelabs.com.br\/author\/milena\/"}]}},"_links":{"self":[{"href":"https:\/\/crusoe.audiencelabs.com.br\/wp-json\/wp\/v2\/posts\/154","targetHints":{"allow":["GET"]}}],"collection":[{"href":"https:\/\/crusoe.audiencelabs.com.br\/wp-json\/wp\/v2\/posts"}],"about":[{"href":"https:\/\/crusoe.audiencelabs.com.br\/wp-json\/wp\/v2\/types\/post"}],"author":[{"embeddable":true,"href":"https:\/\/crusoe.audiencelabs.com.br\/wp-json\/wp\/v2\/users\/5"}],"replies":[{"embeddable":true,"href":"https:\/\/crusoe.audiencelabs.com.br\/wp-json\/wp\/v2\/comments?post=154"}],"version-history":[{"count":2,"href":"https:\/\/crusoe.audiencelabs.com.br\/wp-json\/wp\/v2\/posts\/154\/revisions"}],"predecessor-version":[{"id":161,"href":"https:\/\/crusoe.audiencelabs.com.br\/wp-json\/wp\/v2\/posts\/154\/revisions\/161"}],"wp:featuredmedia":[{"embeddable":true,"href":"https:\/\/crusoe.audiencelabs.com.br\/wp-json\/wp\/v2\/media\/291"}],"wp:attachment":[{"href":"https:\/\/crusoe.audiencelabs.com.br\/wp-json\/wp\/v2\/media?parent=154"}],"wp:term":[{"taxonomy":"category","embeddable":true,"href":"https:\/\/crusoe.audiencelabs.com.br\/wp-json\/wp\/v2\/categories?post=154"},{"taxonomy":"post_tag","embeddable":true,"href":"https:\/\/crusoe.audiencelabs.com.br\/wp-json\/wp\/v2\/tags?post=154"}],"curies":[{"name":"wp","href":"https:\/\/api.w.org\/{rel}","templated":true}]}}