{"id":15212,"date":"2025-09-14T13:30:00","date_gmt":"2025-09-14T16:30:00","guid":{"rendered":"https:\/\/crusoe.audiencelabs.com.br\/?p=15212"},"modified":"2025-09-11T21:49:41","modified_gmt":"2025-09-12T00:49:41","slug":"reliquia-perdida-por-seculos-foi-encontrada-no-fundo-do-mar","status":"publish","type":"post","link":"https:\/\/crusoe.audiencelabs.com.br\/reliquia-perdida-por-seculos-foi-encontrada-no-fundo-do-mar\/","title":{"rendered":"Rel\u00edquia perdida por s\u00e9culos foi encontrada no fundo do mar"},"content":{"rendered":"\n<p>Arque\u00f3logos realizaram uma descoberta significativa, resgatando um <strong>capacete militar romano do tipo Montefortino<\/strong>,<strong> nas profundezas do Mar Mediterr\u00e2neo<\/strong>, pr\u00f3ximo ao arquip\u00e9lago das Ilhas \u00c9gadi, na Sic\u00edlia.&nbsp;<\/p>\n\n\n\n<p>O capacete de bronze, preservado por s\u00e9culos, estava no local da Batalha das Ilhas \u00c9gadi, travada em 241 a.C. Essa batalha foi fundamental para encerrar a Primeira Guerra P\u00fanica, assegurando a vit\u00f3ria de Roma sobre Cartago e mudando o equil\u00edbrio de poder no Mediterr\u00e2neo ocidental.<\/p>\n\n\n\n<p>A recupera\u00e7\u00e3o do capacete integra um projeto arqueol\u00f3gico de 15 anos, conduzido por mergulhadores e especialistas. Durante essas escava\u00e7\u00f5es, foram descobertos cerca de 30 outros artefatos met\u00e1licos, como espadas, lan\u00e7as e ar\u00edetes navais. Estes itens oferecem informa\u00e7\u00f5es valiosas sobre as<strong> condi\u00e7\u00f5es e estrat\u00e9gias de combate na Antiguidade<\/strong>.<\/p>\n\n\n<div class=\"wp-block-image\">\n<figure class=\"aligncenter size-large is-resized\"><img loading=\"lazy\" decoding=\"async\" width=\"1024\" height=\"683\" src=\"https:\/\/cdn.crusoe.com.br\/uploads\/2025\/09\/capacete-1024x683.jpeg\" alt=\"Rel\u00edquia perdida por s\u00e9culos foi encontrada no fundo do mar\" class=\"wp-image-15217\" style=\"width:698px;height:auto\" srcset=\"https:\/\/cdn.crusoe.com.br\/uploads\/2025\/09\/capacete-1024x683.jpeg 1024w, https:\/\/cdn.crusoe.com.br\/uploads\/2025\/09\/capacete-300x200.jpeg 300w, https:\/\/cdn.crusoe.com.br\/uploads\/2025\/09\/capacete-768x512.jpeg 768w, https:\/\/cdn.crusoe.com.br\/uploads\/2025\/09\/capacete-750x500.jpeg 750w, https:\/\/cdn.crusoe.com.br\/uploads\/2025\/09\/capacete-1140x760.jpeg 1140w, https:\/\/cdn.crusoe.com.br\/uploads\/2025\/09\/capacete.jpeg 1200w\" sizes=\"auto, (max-width: 1024px) 100vw, 1024px\" \/><figcaption class=\"wp-element-caption\">Foto: Metr\u00f3poles <\/figcaption><\/figure>\n<\/div>\n\n\n<h2 class=\"wp-block-heading\">A batalha das Ilhas \u00c9gadi<\/h2>\n\n\n\n<p>A Batalha das Ilhas \u00c9gadi marcou a derrota definitiva de Cartago. Apesar de estarem em desvantagem num\u00e9rica, os soldados romanos, bem treinados, conseguiram superar as for\u00e7as cartaginesas. Essa vit\u00f3ria consolidou a influ\u00eancia de Roma na Sic\u00edlia e encerrou a Primeira Guerra P\u00fanica, ap\u00f3s 23 anos de conflito.<\/p>\n\n\n\n<p>Os artefatos recuperados, incluindo armaduras e ar\u00edetes de proa, servem como testemunhos hist\u00f3ricos dessa resist\u00eancia. Muitos desses objetos foram lan\u00e7ados ao mar durante a batalha, quando navios romanos eram capturados ou abandonados.<\/p>\n\n\n\n<h3 class=\"wp-block-heading\">Caracter\u00edsticas do capacete Montefortino<\/h3>\n\n\n\n<p>O capacete Montefortino, adotado pelos romanos no s\u00e9culo 4 a.C. dos celtas, \u00e9 distinguido por um bot\u00e3o no topo para fixa\u00e7\u00e3o de plumas, uma aba similar a um bon\u00e9 moderno e protetores de face.&nbsp;Este modelo foi usado por soldados at\u00e9 o primeiro s\u00e9culo d.C., simbolizando a evolu\u00e7\u00e3o das t\u00e1ticas militares romanas.<\/p>\n\n\n\n<h2 class=\"wp-block-heading\">Impacto das novas descobertas<\/h2>\n\n\n\n<p>As descobertas nas Ilhas \u00c9gadi n\u00e3o apenas enriquecem o conhecimento hist\u00f3rico, mas tamb\u00e9m revelam a log\u00edstica e economia militar de Roma.&nbsp;<\/p>\n\n\n\n<p>O estudo cont\u00ednuo dos artefatos encontrados est\u00e1 sendo aprimorado por novas t\u00e9cnicas de imagem, possibilitando a revela\u00e7\u00e3o de segredos guardados nas profundezas da Sic\u00edlia por mil\u00eanios.<\/p>\n\n\n\n<p>Este s\u00edtio arqueol\u00f3gico \u00e9 uma janela para o passado, proporcionando compreens\u00e3o sobre a intera\u00e7\u00e3o entre com\u00e9rcio e guerra, al\u00e9m de destacar a resili\u00eancia dos armamentos antigos.&nbsp;<\/p>\n","protected":false},"excerpt":{"rendered":"<p>Arque\u00f3logos realizaram uma descoberta significativa, resgatando um capacete militar romano do tipo Montefortino, nas profundezas do Mar Mediterr\u00e2neo, pr\u00f3ximo ao arquip\u00e9lago das Ilhas \u00c9gadi, na Sic\u00edlia.&nbsp; O capacete de bronze, preservado por s\u00e9culos, estava no local da Batalha das Ilhas \u00c9gadi, travada em 241 a.C. Essa batalha foi fundamental para encerrar a Primeira Guerra P\u00fanica, [&hellip;]<\/p>\n","protected":false},"author":5,"featured_media":15220,"comment_status":"open","ping_status":"open","sticky":false,"template":"","format":"standard","meta":{"jnews-multi-image_gallery":[],"jnews_single_post":{"format":"standard"},"jnews_primary_category":[],"jnews_override_counter":[],"jnews_post_split":[],"footnotes":""},"categories":[1],"tags":[2527,718],"class_list":["post-15212","post","type-post","status-publish","format-standard","has-post-thumbnail","hentry","category-geral","tag-capacete-romano","tag-descoberta"],"yoast_head":"<!-- This site is optimized with the Yoast SEO plugin v25.0 - https:\/\/yoast.com\/wordpress\/plugins\/seo\/ -->\n<title>Rel\u00edquia perdida por s\u00e9culos foi encontrada no fundo do mar<\/title>\n<meta name=\"robots\" content=\"index, follow, max-snippet:-1, max-image-preview:large, max-video-preview:-1\" \/>\n<link rel=\"canonical\" href=\"https:\/\/crusoe.audiencelabs.com.br\/reliquia-perdida-por-seculos-foi-encontrada-no-fundo-do-mar\/\" \/>\n<meta property=\"og:locale\" content=\"pt_BR\" \/>\n<meta property=\"og:type\" content=\"article\" \/>\n<meta property=\"og:title\" content=\"Rel\u00edquia perdida por s\u00e9culos foi encontrada no fundo do mar\" \/>\n<meta property=\"og:description\" content=\"Arque\u00f3logos realizaram uma descoberta significativa, resgatando um capacete militar romano do tipo Montefortino, nas profundezas do Mar Mediterr\u00e2neo, pr\u00f3ximo ao arquip\u00e9lago das Ilhas \u00c9gadi, na Sic\u00edlia.&nbsp; O capacete de bronze, preservado por s\u00e9culos, estava no local da Batalha das Ilhas \u00c9gadi, travada em 241 a.C. Essa batalha foi fundamental para encerrar a Primeira Guerra P\u00fanica, [&hellip;]\" \/>\n<meta property=\"og:url\" content=\"https:\/\/crusoe.audiencelabs.com.br\/reliquia-perdida-por-seculos-foi-encontrada-no-fundo-do-mar\/\" \/>\n<meta property=\"og:site_name\" content=\"Variedades - Cruso\u00e9\" \/>\n<meta property=\"article:published_time\" content=\"2025-09-14T16:30:00+00:00\" \/>\n<meta property=\"og:image\" content=\"https:\/\/cdn.crusoe.com.br\/uploads\/2025\/09\/capacete-romano-montefortino-1024x720-1-e1757638154256.jpg\" \/>\n\t<meta property=\"og:image:width\" content=\"1024\" \/>\n\t<meta property=\"og:image:height\" content=\"604\" \/>\n\t<meta property=\"og:image:type\" content=\"image\/jpeg\" \/>\n<meta name=\"author\" content=\"Milena Armando\" \/>\n<meta name=\"twitter:card\" content=\"summary_large_image\" \/>\n<meta name=\"twitter:label1\" content=\"Escrito por\" \/>\n\t<meta name=\"twitter:data1\" content=\"Milena Armando\" \/>\n\t<meta name=\"twitter:label2\" content=\"Est. tempo de leitura\" \/>\n\t<meta name=\"twitter:data2\" content=\"3 minutos\" \/>\n<script type=\"application\/ld+json\" class=\"yoast-schema-graph\">{\"@context\":\"https:\/\/schema.org\",\"@graph\":[{\"@type\":\"WebPage\",\"@id\":\"https:\/\/crusoe.audiencelabs.com.br\/reliquia-perdida-por-seculos-foi-encontrada-no-fundo-do-mar\/\",\"url\":\"https:\/\/crusoe.audiencelabs.com.br\/reliquia-perdida-por-seculos-foi-encontrada-no-fundo-do-mar\/\",\"name\":\"Rel\u00edquia perdida por s\u00e9culos foi encontrada no fundo do mar\",\"isPartOf\":{\"@id\":\"https:\/\/crusoe.audiencelabs.com.br\/#website\"},\"primaryImageOfPage\":{\"@id\":\"https:\/\/crusoe.audiencelabs.com.br\/reliquia-perdida-por-seculos-foi-encontrada-no-fundo-do-mar\/#primaryimage\"},\"image\":{\"@id\":\"https:\/\/crusoe.audiencelabs.com.br\/reliquia-perdida-por-seculos-foi-encontrada-no-fundo-do-mar\/#primaryimage\"},\"thumbnailUrl\":\"https:\/\/cdn.crusoe.com.br\/uploads\/2025\/09\/capacete-romano-montefortino-1024x720-1-e1757638154256.jpg\",\"datePublished\":\"2025-09-14T16:30:00+00:00\",\"author\":{\"@id\":\"https:\/\/crusoe.audiencelabs.com.br\/#\/schema\/person\/f87f73cfe89e5360de2c006bd4bd6a74\"},\"breadcrumb\":{\"@id\":\"https:\/\/crusoe.audiencelabs.com.br\/reliquia-perdida-por-seculos-foi-encontrada-no-fundo-do-mar\/#breadcrumb\"},\"inLanguage\":\"pt-BR\",\"potentialAction\":[{\"@type\":\"ReadAction\",\"target\":[\"https:\/\/crusoe.audiencelabs.com.br\/reliquia-perdida-por-seculos-foi-encontrada-no-fundo-do-mar\/\"]}]},{\"@type\":\"ImageObject\",\"inLanguage\":\"pt-BR\",\"@id\":\"https:\/\/crusoe.audiencelabs.com.br\/reliquia-perdida-por-seculos-foi-encontrada-no-fundo-do-mar\/#primaryimage\",\"url\":\"https:\/\/cdn.crusoe.com.br\/uploads\/2025\/09\/capacete-romano-montefortino-1024x720-1-e1757638154256.jpg\",\"contentUrl\":\"https:\/\/cdn.crusoe.com.br\/uploads\/2025\/09\/capacete-romano-montefortino-1024x720-1-e1757638154256.jpg\",\"width\":1024,\"height\":604,\"caption\":\"Foto: Jafet Numism\u00e1tica\"},{\"@type\":\"BreadcrumbList\",\"@id\":\"https:\/\/crusoe.audiencelabs.com.br\/reliquia-perdida-por-seculos-foi-encontrada-no-fundo-do-mar\/#breadcrumb\",\"itemListElement\":[{\"@type\":\"ListItem\",\"position\":1,\"name\":\"Home\",\"item\":\"https:\/\/crusoe.audiencelabs.com.br\/\"},{\"@type\":\"ListItem\",\"position\":2,\"name\":\"Rel\u00edquia perdida por s\u00e9culos foi encontrada no fundo do mar\"}]},{\"@type\":\"WebSite\",\"@id\":\"https:\/\/crusoe.audiencelabs.com.br\/#website\",\"url\":\"https:\/\/crusoe.audiencelabs.com.br\/\",\"name\":\"Variedades - Cruso\u00e9\",\"description\":\"\",\"potentialAction\":[{\"@type\":\"SearchAction\",\"target\":{\"@type\":\"EntryPoint\",\"urlTemplate\":\"https:\/\/crusoe.audiencelabs.com.br\/?s={search_term_string}\"},\"query-input\":{\"@type\":\"PropertyValueSpecification\",\"valueRequired\":true,\"valueName\":\"search_term_string\"}}],\"inLanguage\":\"pt-BR\"},{\"@type\":\"Person\",\"@id\":\"https:\/\/crusoe.audiencelabs.com.br\/#\/schema\/person\/f87f73cfe89e5360de2c006bd4bd6a74\",\"name\":\"Milena Armando\",\"image\":{\"@type\":\"ImageObject\",\"inLanguage\":\"pt-BR\",\"@id\":\"https:\/\/crusoe.audiencelabs.com.br\/#\/schema\/person\/image\/\",\"url\":\"https:\/\/secure.gravatar.com\/avatar\/ea14ecddc9e9d202b698b18f9f69e09c9fd74cfbed5c6008d55f11faefdbdab7?s=96&d=mm&r=g\",\"contentUrl\":\"https:\/\/secure.gravatar.com\/avatar\/ea14ecddc9e9d202b698b18f9f69e09c9fd74cfbed5c6008d55f11faefdbdab7?s=96&d=mm&r=g\",\"caption\":\"Milena Armando\"},\"description\":\"Jornalista, redatora e revisora.\",\"url\":\"https:\/\/crusoe.audiencelabs.com.br\/author\/milena\/\"}]}<\/script>\n<!-- \/ Yoast SEO plugin. -->","yoast_head_json":{"title":"Rel\u00edquia perdida por s\u00e9culos foi encontrada no fundo do mar","robots":{"index":"index","follow":"follow","max-snippet":"max-snippet:-1","max-image-preview":"max-image-preview:large","max-video-preview":"max-video-preview:-1"},"canonical":"https:\/\/crusoe.audiencelabs.com.br\/reliquia-perdida-por-seculos-foi-encontrada-no-fundo-do-mar\/","og_locale":"pt_BR","og_type":"article","og_title":"Rel\u00edquia perdida por s\u00e9culos foi encontrada no fundo do mar","og_description":"Arque\u00f3logos realizaram uma descoberta significativa, resgatando um capacete militar romano do tipo Montefortino, nas profundezas do Mar Mediterr\u00e2neo, pr\u00f3ximo ao arquip\u00e9lago das Ilhas \u00c9gadi, na Sic\u00edlia.&nbsp; O capacete de bronze, preservado por s\u00e9culos, estava no local da Batalha das Ilhas \u00c9gadi, travada em 241 a.C. Essa batalha foi fundamental para encerrar a Primeira Guerra P\u00fanica, [&hellip;]","og_url":"https:\/\/crusoe.audiencelabs.com.br\/reliquia-perdida-por-seculos-foi-encontrada-no-fundo-do-mar\/","og_site_name":"Variedades - Cruso\u00e9","article_published_time":"2025-09-14T16:30:00+00:00","og_image":[{"width":1024,"height":604,"url":"https:\/\/cdn.crusoe.com.br\/uploads\/2025\/09\/capacete-romano-montefortino-1024x720-1-e1757638154256.jpg","type":"image\/jpeg"}],"author":"Milena Armando","twitter_card":"summary_large_image","twitter_misc":{"Escrito por":"Milena Armando","Est. tempo de leitura":"3 minutos"},"schema":{"@context":"https:\/\/schema.org","@graph":[{"@type":"WebPage","@id":"https:\/\/crusoe.audiencelabs.com.br\/reliquia-perdida-por-seculos-foi-encontrada-no-fundo-do-mar\/","url":"https:\/\/crusoe.audiencelabs.com.br\/reliquia-perdida-por-seculos-foi-encontrada-no-fundo-do-mar\/","name":"Rel\u00edquia perdida por s\u00e9culos foi encontrada no fundo do mar","isPartOf":{"@id":"https:\/\/crusoe.audiencelabs.com.br\/#website"},"primaryImageOfPage":{"@id":"https:\/\/crusoe.audiencelabs.com.br\/reliquia-perdida-por-seculos-foi-encontrada-no-fundo-do-mar\/#primaryimage"},"image":{"@id":"https:\/\/crusoe.audiencelabs.com.br\/reliquia-perdida-por-seculos-foi-encontrada-no-fundo-do-mar\/#primaryimage"},"thumbnailUrl":"https:\/\/cdn.crusoe.com.br\/uploads\/2025\/09\/capacete-romano-montefortino-1024x720-1-e1757638154256.jpg","datePublished":"2025-09-14T16:30:00+00:00","author":{"@id":"https:\/\/crusoe.audiencelabs.com.br\/#\/schema\/person\/f87f73cfe89e5360de2c006bd4bd6a74"},"breadcrumb":{"@id":"https:\/\/crusoe.audiencelabs.com.br\/reliquia-perdida-por-seculos-foi-encontrada-no-fundo-do-mar\/#breadcrumb"},"inLanguage":"pt-BR","potentialAction":[{"@type":"ReadAction","target":["https:\/\/crusoe.audiencelabs.com.br\/reliquia-perdida-por-seculos-foi-encontrada-no-fundo-do-mar\/"]}]},{"@type":"ImageObject","inLanguage":"pt-BR","@id":"https:\/\/crusoe.audiencelabs.com.br\/reliquia-perdida-por-seculos-foi-encontrada-no-fundo-do-mar\/#primaryimage","url":"https:\/\/cdn.crusoe.com.br\/uploads\/2025\/09\/capacete-romano-montefortino-1024x720-1-e1757638154256.jpg","contentUrl":"https:\/\/cdn.crusoe.com.br\/uploads\/2025\/09\/capacete-romano-montefortino-1024x720-1-e1757638154256.jpg","width":1024,"height":604,"caption":"Foto: Jafet Numism\u00e1tica"},{"@type":"BreadcrumbList","@id":"https:\/\/crusoe.audiencelabs.com.br\/reliquia-perdida-por-seculos-foi-encontrada-no-fundo-do-mar\/#breadcrumb","itemListElement":[{"@type":"ListItem","position":1,"name":"Home","item":"https:\/\/crusoe.audiencelabs.com.br\/"},{"@type":"ListItem","position":2,"name":"Rel\u00edquia perdida por s\u00e9culos foi encontrada no fundo do mar"}]},{"@type":"WebSite","@id":"https:\/\/crusoe.audiencelabs.com.br\/#website","url":"https:\/\/crusoe.audiencelabs.com.br\/","name":"Variedades - Cruso\u00e9","description":"","potentialAction":[{"@type":"SearchAction","target":{"@type":"EntryPoint","urlTemplate":"https:\/\/crusoe.audiencelabs.com.br\/?s={search_term_string}"},"query-input":{"@type":"PropertyValueSpecification","valueRequired":true,"valueName":"search_term_string"}}],"inLanguage":"pt-BR"},{"@type":"Person","@id":"https:\/\/crusoe.audiencelabs.com.br\/#\/schema\/person\/f87f73cfe89e5360de2c006bd4bd6a74","name":"Milena Armando","image":{"@type":"ImageObject","inLanguage":"pt-BR","@id":"https:\/\/crusoe.audiencelabs.com.br\/#\/schema\/person\/image\/","url":"https:\/\/secure.gravatar.com\/avatar\/ea14ecddc9e9d202b698b18f9f69e09c9fd74cfbed5c6008d55f11faefdbdab7?s=96&d=mm&r=g","contentUrl":"https:\/\/secure.gravatar.com\/avatar\/ea14ecddc9e9d202b698b18f9f69e09c9fd74cfbed5c6008d55f11faefdbdab7?s=96&d=mm&r=g","caption":"Milena Armando"},"description":"Jornalista, redatora e revisora.","url":"https:\/\/crusoe.audiencelabs.com.br\/author\/milena\/"}]}},"_links":{"self":[{"href":"https:\/\/crusoe.audiencelabs.com.br\/wp-json\/wp\/v2\/posts\/15212","targetHints":{"allow":["GET"]}}],"collection":[{"href":"https:\/\/crusoe.audiencelabs.com.br\/wp-json\/wp\/v2\/posts"}],"about":[{"href":"https:\/\/crusoe.audiencelabs.com.br\/wp-json\/wp\/v2\/types\/post"}],"author":[{"embeddable":true,"href":"https:\/\/crusoe.audiencelabs.com.br\/wp-json\/wp\/v2\/users\/5"}],"replies":[{"embeddable":true,"href":"https:\/\/crusoe.audiencelabs.com.br\/wp-json\/wp\/v2\/comments?post=15212"}],"version-history":[{"count":3,"href":"https:\/\/crusoe.audiencelabs.com.br\/wp-json\/wp\/v2\/posts\/15212\/revisions"}],"predecessor-version":[{"id":15223,"href":"https:\/\/crusoe.audiencelabs.com.br\/wp-json\/wp\/v2\/posts\/15212\/revisions\/15223"}],"wp:featuredmedia":[{"embeddable":true,"href":"https:\/\/crusoe.audiencelabs.com.br\/wp-json\/wp\/v2\/media\/15220"}],"wp:attachment":[{"href":"https:\/\/crusoe.audiencelabs.com.br\/wp-json\/wp\/v2\/media?parent=15212"}],"wp:term":[{"taxonomy":"category","embeddable":true,"href":"https:\/\/crusoe.audiencelabs.com.br\/wp-json\/wp\/v2\/categories?post=15212"},{"taxonomy":"post_tag","embeddable":true,"href":"https:\/\/crusoe.audiencelabs.com.br\/wp-json\/wp\/v2\/tags?post=15212"}],"curies":[{"name":"wp","href":"https:\/\/api.w.org\/{rel}","templated":true}]}}