{"id":15015,"date":"2025-09-11T17:30:00","date_gmt":"2025-09-11T20:30:00","guid":{"rendered":"https:\/\/crusoe.audiencelabs.com.br\/?p=15015"},"modified":"2025-09-11T06:36:05","modified_gmt":"2025-09-11T09:36:05","slug":"o-que-significa-o-emoji-do-coracao-preto-e-quando-e-o-momento-de-usa-lo","status":"publish","type":"post","link":"https:\/\/crusoe.audiencelabs.com.br\/o-que-significa-o-emoji-do-coracao-preto-e-quando-e-o-momento-de-usa-lo\/","title":{"rendered":"O que significa o emoji do cora\u00e7\u00e3o preto e quando \u00e9 o momento de us\u00e1-lo"},"content":{"rendered":"\n<p>O <strong>emoji de cora\u00e7\u00e3o preto (\ud83d\udda4)<\/strong> est\u00e1 presente em diversas plataformas digitais, como <strong>WhatsApp e Instagram<\/strong>, gerando interesse quanto ao seu <strong>real significado e uso<\/strong>.&nbsp;<\/p>\n\n\n\n<p><strong>Tradicionalmente associado a emo\u00e7\u00f5es de tristeza e luto<\/strong>, este emoji \u00e9 frequentemente utilizado em <strong>mensagens de condol\u00eancias e empatia<\/strong>. Entretanto, seu significado pode ir al\u00e9m, integrando um conjunto de conota\u00e7\u00f5es que incluem <strong>humor ir\u00f4nico e estilo pessoal.<\/strong><\/p>\n\n\n\n<h2 class=\"wp-block-heading\">Emo\u00e7\u00f5es e mensagens no cora\u00e7\u00e3o preto<\/h2>\n\n\n\n<p>Normalmente utilizado para expressar dor e luto, o emoji de cora\u00e7\u00e3o preto oferece um meio visual de transmitir emo\u00e7\u00f5es complexas sem a necessidade de palavras.&nbsp;<\/p>\n\n\n\n<p>Sua popularidade como s\u00edmbolo de tristeza <strong>reflete o desejo de compartilhar sentimentos de consolo em momentos dif\u00edceis<\/strong>, sendo amplamente empregado em mensagens de apoio e empatia.<\/p>\n\n\n\n<p>Al\u00e9m disso, o cora\u00e7\u00e3o preto possui uma dualidade de interpreta\u00e7\u00e3o. Usado em <strong>contextos de humor negro<\/strong>, ele \u00e9 uma ferramenta expressiva para indiv\u00edduos que optam por<strong> sarcasmo ou um senso de humor peculiar<\/strong>.<\/p>\n\n\n\n<h2 class=\"wp-block-heading\">S\u00edmbolo de estilo e comunidade<\/h2>\n\n\n\n<p>Embora carregado de significados associados \u00e0 tristeza, o cora\u00e7\u00e3o preto \u00e9 adotado por<strong> grupos como admiradores do rock e da est\u00e9tica g\u00f3tica<\/strong>.&nbsp;<\/p>\n\n\n\n<p>Neste contexto, ele evolui para um emblema de resist\u00eancia cultural e identidade, transcendendo seu significado original. Para muitos, \u00e9 um s\u00edmbolo de amor por bandas de rock ou uma refer\u00eancia a estilos de vida alternativos e monocrom\u00e1ticos.<\/p>\n\n\n\n<h2 class=\"wp-block-heading\">Variedade de cores e significados dos emojis de cora\u00e7\u00e3o<\/h2>\n\n\n\n<p>O cora\u00e7\u00e3o preto faz parte de um espectro mais amplo de emojis de cora\u00e7\u00e3o, cada um com suas pr\u00f3prias conota\u00e7\u00f5es e cores. Veja:<br><\/p>\n\n\n\n<ul class=\"wp-block-list\">\n<li><strong>Cora\u00e7\u00e3o amarelo (\ud83d\udc9b) <\/strong>\u00e9 comumente associado \u00e0 amizade e felicidade, sendo ideal para intera\u00e7\u00f5es mais leves, sem conota\u00e7\u00f5es rom\u00e2nticas;<\/li>\n\n\n\n<li><strong>Cora\u00e7\u00e3o verde (\ud83d\udc9a)<\/strong> representa sa\u00fade e renova\u00e7\u00e3o, sendo usado em contextos que promovem bem-estar e causas ambientais;<\/li>\n\n\n\n<li><strong>Cora\u00e7\u00e3o azul (\ud83d\udc99) <\/strong>\u00e9 visto como s\u00edmbolo de confian\u00e7a e lealdade, utilizado em mensagens que indicam um amor est\u00e1vel e plat\u00f4nico;<\/li>\n\n\n\n<li><strong>Cora\u00e7\u00e3o\u00a0 roxo (\ud83d\udc9c)<\/strong> est\u00e1 associado \u00e0 compaix\u00e3o e empatia, mas tamb\u00e9m pode remeter \u00e0 admira\u00e7\u00e3o e at\u00e9 mesmo ao amor plat\u00f4nico;<\/li>\n\n\n\n<li><strong>Cora\u00e7\u00e3o branco (\ud83e\udd0d) <\/strong>simboliza pureza e sinceridade, ideal para transmitir inten\u00e7\u00f5es pac\u00edficas e estreitas rela\u00e7\u00f5es de carinho e amizade.<\/li>\n<\/ul>\n\n\n\n<p><em>Via: Exame<\/em><\/p>\n\n\n\n<p>Essa variedade permite que os usu\u00e1rios escolham com precis\u00e3o a nuance emocional que desejam comunicar.&nbsp;<\/p>\n\n\n\n<p>Independentemente da cor, os emojis de cora\u00e7\u00e3o desempenham um papel crucial na cria\u00e7\u00e3o de narrativas e express\u00f5es pessoais nas intera\u00e7\u00f5es online.<\/p>\n","protected":false},"excerpt":{"rendered":"<p>O emoji de cora\u00e7\u00e3o preto (\ud83d\udda4) est\u00e1 presente em diversas plataformas digitais, como WhatsApp e Instagram, gerando interesse quanto ao seu real significado e uso.&nbsp; Tradicionalmente associado a emo\u00e7\u00f5es de tristeza e luto, este emoji \u00e9 frequentemente utilizado em mensagens de condol\u00eancias e empatia. Entretanto, seu significado pode ir al\u00e9m, integrando um conjunto de conota\u00e7\u00f5es [&hellip;]<\/p>\n","protected":false},"author":5,"featured_media":15016,"comment_status":"open","ping_status":"open","sticky":false,"template":"","format":"standard","meta":{"jnews-multi-image_gallery":[],"jnews_single_post":{"format":"standard"},"jnews_primary_category":[],"jnews_override_counter":[],"jnews_post_split":[],"footnotes":""},"categories":[1],"tags":[2506,2507],"class_list":["post-15015","post","type-post","status-publish","format-standard","has-post-thumbnail","hentry","category-geral","tag-emoji-do-coracao-preto","tag-significados"],"yoast_head":"<!-- This site is optimized with the Yoast SEO plugin v25.0 - https:\/\/yoast.com\/wordpress\/plugins\/seo\/ -->\n<title>O que significa o emoji do cora\u00e7\u00e3o preto e quando \u00e9 o momento de us\u00e1-lo<\/title>\n<meta name=\"description\" content=\"Descubra o significado surpreendente por tr\u00e1s do emoji de cora\u00e7\u00e3o preto\" \/>\n<meta name=\"robots\" content=\"index, follow, max-snippet:-1, max-image-preview:large, max-video-preview:-1\" \/>\n<link rel=\"canonical\" href=\"https:\/\/crusoe.audiencelabs.com.br\/o-que-significa-o-emoji-do-coracao-preto-e-quando-e-o-momento-de-usa-lo\/\" \/>\n<meta property=\"og:locale\" content=\"pt_BR\" \/>\n<meta property=\"og:type\" content=\"article\" \/>\n<meta property=\"og:title\" content=\"O que significa o emoji do cora\u00e7\u00e3o preto e quando \u00e9 o momento de us\u00e1-lo\" \/>\n<meta property=\"og:description\" content=\"Descubra o significado surpreendente por tr\u00e1s do emoji de cora\u00e7\u00e3o preto\" \/>\n<meta property=\"og:url\" content=\"https:\/\/crusoe.audiencelabs.com.br\/o-que-significa-o-emoji-do-coracao-preto-e-quando-e-o-momento-de-usa-lo\/\" \/>\n<meta property=\"og:site_name\" content=\"Variedades - Cruso\u00e9\" \/>\n<meta property=\"article:published_time\" content=\"2025-09-11T20:30:00+00:00\" \/>\n<meta property=\"og:image\" content=\"https:\/\/cdn.crusoe.com.br\/uploads\/2025\/09\/181740.jpg\" \/>\n\t<meta property=\"og:image:width\" content=\"560\" \/>\n\t<meta property=\"og:image:height\" content=\"300\" \/>\n\t<meta property=\"og:image:type\" content=\"image\/jpeg\" \/>\n<meta name=\"author\" content=\"Milena Armando\" \/>\n<meta name=\"twitter:card\" content=\"summary_large_image\" \/>\n<meta name=\"twitter:label1\" content=\"Escrito por\" \/>\n\t<meta name=\"twitter:data1\" content=\"Milena Armando\" \/>\n\t<meta name=\"twitter:label2\" content=\"Est. tempo de leitura\" \/>\n\t<meta name=\"twitter:data2\" content=\"3 minutos\" \/>\n<script type=\"application\/ld+json\" class=\"yoast-schema-graph\">{\"@context\":\"https:\/\/schema.org\",\"@graph\":[{\"@type\":\"WebPage\",\"@id\":\"https:\/\/crusoe.audiencelabs.com.br\/o-que-significa-o-emoji-do-coracao-preto-e-quando-e-o-momento-de-usa-lo\/\",\"url\":\"https:\/\/crusoe.audiencelabs.com.br\/o-que-significa-o-emoji-do-coracao-preto-e-quando-e-o-momento-de-usa-lo\/\",\"name\":\"O que significa o emoji do cora\u00e7\u00e3o preto e quando \u00e9 o momento de us\u00e1-lo\",\"isPartOf\":{\"@id\":\"https:\/\/crusoe.audiencelabs.com.br\/#website\"},\"primaryImageOfPage\":{\"@id\":\"https:\/\/crusoe.audiencelabs.com.br\/o-que-significa-o-emoji-do-coracao-preto-e-quando-e-o-momento-de-usa-lo\/#primaryimage\"},\"image\":{\"@id\":\"https:\/\/crusoe.audiencelabs.com.br\/o-que-significa-o-emoji-do-coracao-preto-e-quando-e-o-momento-de-usa-lo\/#primaryimage\"},\"thumbnailUrl\":\"https:\/\/cdn.crusoe.com.br\/uploads\/2025\/09\/181740.jpg\",\"datePublished\":\"2025-09-11T20:30:00+00:00\",\"author\":{\"@id\":\"https:\/\/crusoe.audiencelabs.com.br\/#\/schema\/person\/f87f73cfe89e5360de2c006bd4bd6a74\"},\"description\":\"Descubra o significado surpreendente por tr\u00e1s do emoji de cora\u00e7\u00e3o preto\",\"breadcrumb\":{\"@id\":\"https:\/\/crusoe.audiencelabs.com.br\/o-que-significa-o-emoji-do-coracao-preto-e-quando-e-o-momento-de-usa-lo\/#breadcrumb\"},\"inLanguage\":\"pt-BR\",\"potentialAction\":[{\"@type\":\"ReadAction\",\"target\":[\"https:\/\/crusoe.audiencelabs.com.br\/o-que-significa-o-emoji-do-coracao-preto-e-quando-e-o-momento-de-usa-lo\/\"]}]},{\"@type\":\"ImageObject\",\"inLanguage\":\"pt-BR\",\"@id\":\"https:\/\/crusoe.audiencelabs.com.br\/o-que-significa-o-emoji-do-coracao-preto-e-quando-e-o-momento-de-usa-lo\/#primaryimage\",\"url\":\"https:\/\/cdn.crusoe.com.br\/uploads\/2025\/09\/181740.jpg\",\"contentUrl\":\"https:\/\/cdn.crusoe.com.br\/uploads\/2025\/09\/181740.jpg\",\"width\":560,\"height\":300,\"caption\":\"Foto: TudoCelular\"},{\"@type\":\"BreadcrumbList\",\"@id\":\"https:\/\/crusoe.audiencelabs.com.br\/o-que-significa-o-emoji-do-coracao-preto-e-quando-e-o-momento-de-usa-lo\/#breadcrumb\",\"itemListElement\":[{\"@type\":\"ListItem\",\"position\":1,\"name\":\"Home\",\"item\":\"https:\/\/crusoe.audiencelabs.com.br\/\"},{\"@type\":\"ListItem\",\"position\":2,\"name\":\"O que significa o emoji do cora\u00e7\u00e3o preto e quando \u00e9 o momento de us\u00e1-lo\"}]},{\"@type\":\"WebSite\",\"@id\":\"https:\/\/crusoe.audiencelabs.com.br\/#website\",\"url\":\"https:\/\/crusoe.audiencelabs.com.br\/\",\"name\":\"Variedades - Cruso\u00e9\",\"description\":\"\",\"potentialAction\":[{\"@type\":\"SearchAction\",\"target\":{\"@type\":\"EntryPoint\",\"urlTemplate\":\"https:\/\/crusoe.audiencelabs.com.br\/?s={search_term_string}\"},\"query-input\":{\"@type\":\"PropertyValueSpecification\",\"valueRequired\":true,\"valueName\":\"search_term_string\"}}],\"inLanguage\":\"pt-BR\"},{\"@type\":\"Person\",\"@id\":\"https:\/\/crusoe.audiencelabs.com.br\/#\/schema\/person\/f87f73cfe89e5360de2c006bd4bd6a74\",\"name\":\"Milena Armando\",\"image\":{\"@type\":\"ImageObject\",\"inLanguage\":\"pt-BR\",\"@id\":\"https:\/\/crusoe.audiencelabs.com.br\/#\/schema\/person\/image\/\",\"url\":\"https:\/\/secure.gravatar.com\/avatar\/ea14ecddc9e9d202b698b18f9f69e09c9fd74cfbed5c6008d55f11faefdbdab7?s=96&d=mm&r=g\",\"contentUrl\":\"https:\/\/secure.gravatar.com\/avatar\/ea14ecddc9e9d202b698b18f9f69e09c9fd74cfbed5c6008d55f11faefdbdab7?s=96&d=mm&r=g\",\"caption\":\"Milena Armando\"},\"description\":\"Jornalista, redatora e revisora.\",\"url\":\"https:\/\/crusoe.audiencelabs.com.br\/author\/milena\/\"}]}<\/script>\n<!-- \/ Yoast SEO plugin. -->","yoast_head_json":{"title":"O que significa o emoji do cora\u00e7\u00e3o preto e quando \u00e9 o momento de us\u00e1-lo","description":"Descubra o significado surpreendente por tr\u00e1s do emoji de cora\u00e7\u00e3o preto","robots":{"index":"index","follow":"follow","max-snippet":"max-snippet:-1","max-image-preview":"max-image-preview:large","max-video-preview":"max-video-preview:-1"},"canonical":"https:\/\/crusoe.audiencelabs.com.br\/o-que-significa-o-emoji-do-coracao-preto-e-quando-e-o-momento-de-usa-lo\/","og_locale":"pt_BR","og_type":"article","og_title":"O que significa o emoji do cora\u00e7\u00e3o preto e quando \u00e9 o momento de us\u00e1-lo","og_description":"Descubra o significado surpreendente por tr\u00e1s do emoji de cora\u00e7\u00e3o preto","og_url":"https:\/\/crusoe.audiencelabs.com.br\/o-que-significa-o-emoji-do-coracao-preto-e-quando-e-o-momento-de-usa-lo\/","og_site_name":"Variedades - Cruso\u00e9","article_published_time":"2025-09-11T20:30:00+00:00","og_image":[{"width":560,"height":300,"url":"https:\/\/cdn.crusoe.com.br\/uploads\/2025\/09\/181740.jpg","type":"image\/jpeg"}],"author":"Milena Armando","twitter_card":"summary_large_image","twitter_misc":{"Escrito por":"Milena Armando","Est. tempo de leitura":"3 minutos"},"schema":{"@context":"https:\/\/schema.org","@graph":[{"@type":"WebPage","@id":"https:\/\/crusoe.audiencelabs.com.br\/o-que-significa-o-emoji-do-coracao-preto-e-quando-e-o-momento-de-usa-lo\/","url":"https:\/\/crusoe.audiencelabs.com.br\/o-que-significa-o-emoji-do-coracao-preto-e-quando-e-o-momento-de-usa-lo\/","name":"O que significa o emoji do cora\u00e7\u00e3o preto e quando \u00e9 o momento de us\u00e1-lo","isPartOf":{"@id":"https:\/\/crusoe.audiencelabs.com.br\/#website"},"primaryImageOfPage":{"@id":"https:\/\/crusoe.audiencelabs.com.br\/o-que-significa-o-emoji-do-coracao-preto-e-quando-e-o-momento-de-usa-lo\/#primaryimage"},"image":{"@id":"https:\/\/crusoe.audiencelabs.com.br\/o-que-significa-o-emoji-do-coracao-preto-e-quando-e-o-momento-de-usa-lo\/#primaryimage"},"thumbnailUrl":"https:\/\/cdn.crusoe.com.br\/uploads\/2025\/09\/181740.jpg","datePublished":"2025-09-11T20:30:00+00:00","author":{"@id":"https:\/\/crusoe.audiencelabs.com.br\/#\/schema\/person\/f87f73cfe89e5360de2c006bd4bd6a74"},"description":"Descubra o significado surpreendente por tr\u00e1s do emoji de cora\u00e7\u00e3o preto","breadcrumb":{"@id":"https:\/\/crusoe.audiencelabs.com.br\/o-que-significa-o-emoji-do-coracao-preto-e-quando-e-o-momento-de-usa-lo\/#breadcrumb"},"inLanguage":"pt-BR","potentialAction":[{"@type":"ReadAction","target":["https:\/\/crusoe.audiencelabs.com.br\/o-que-significa-o-emoji-do-coracao-preto-e-quando-e-o-momento-de-usa-lo\/"]}]},{"@type":"ImageObject","inLanguage":"pt-BR","@id":"https:\/\/crusoe.audiencelabs.com.br\/o-que-significa-o-emoji-do-coracao-preto-e-quando-e-o-momento-de-usa-lo\/#primaryimage","url":"https:\/\/cdn.crusoe.com.br\/uploads\/2025\/09\/181740.jpg","contentUrl":"https:\/\/cdn.crusoe.com.br\/uploads\/2025\/09\/181740.jpg","width":560,"height":300,"caption":"Foto: TudoCelular"},{"@type":"BreadcrumbList","@id":"https:\/\/crusoe.audiencelabs.com.br\/o-que-significa-o-emoji-do-coracao-preto-e-quando-e-o-momento-de-usa-lo\/#breadcrumb","itemListElement":[{"@type":"ListItem","position":1,"name":"Home","item":"https:\/\/crusoe.audiencelabs.com.br\/"},{"@type":"ListItem","position":2,"name":"O que significa o emoji do cora\u00e7\u00e3o preto e quando \u00e9 o momento de us\u00e1-lo"}]},{"@type":"WebSite","@id":"https:\/\/crusoe.audiencelabs.com.br\/#website","url":"https:\/\/crusoe.audiencelabs.com.br\/","name":"Variedades - Cruso\u00e9","description":"","potentialAction":[{"@type":"SearchAction","target":{"@type":"EntryPoint","urlTemplate":"https:\/\/crusoe.audiencelabs.com.br\/?s={search_term_string}"},"query-input":{"@type":"PropertyValueSpecification","valueRequired":true,"valueName":"search_term_string"}}],"inLanguage":"pt-BR"},{"@type":"Person","@id":"https:\/\/crusoe.audiencelabs.com.br\/#\/schema\/person\/f87f73cfe89e5360de2c006bd4bd6a74","name":"Milena Armando","image":{"@type":"ImageObject","inLanguage":"pt-BR","@id":"https:\/\/crusoe.audiencelabs.com.br\/#\/schema\/person\/image\/","url":"https:\/\/secure.gravatar.com\/avatar\/ea14ecddc9e9d202b698b18f9f69e09c9fd74cfbed5c6008d55f11faefdbdab7?s=96&d=mm&r=g","contentUrl":"https:\/\/secure.gravatar.com\/avatar\/ea14ecddc9e9d202b698b18f9f69e09c9fd74cfbed5c6008d55f11faefdbdab7?s=96&d=mm&r=g","caption":"Milena Armando"},"description":"Jornalista, redatora e revisora.","url":"https:\/\/crusoe.audiencelabs.com.br\/author\/milena\/"}]}},"_links":{"self":[{"href":"https:\/\/crusoe.audiencelabs.com.br\/wp-json\/wp\/v2\/posts\/15015","targetHints":{"allow":["GET"]}}],"collection":[{"href":"https:\/\/crusoe.audiencelabs.com.br\/wp-json\/wp\/v2\/posts"}],"about":[{"href":"https:\/\/crusoe.audiencelabs.com.br\/wp-json\/wp\/v2\/types\/post"}],"author":[{"embeddable":true,"href":"https:\/\/crusoe.audiencelabs.com.br\/wp-json\/wp\/v2\/users\/5"}],"replies":[{"embeddable":true,"href":"https:\/\/crusoe.audiencelabs.com.br\/wp-json\/wp\/v2\/comments?post=15015"}],"version-history":[{"count":1,"href":"https:\/\/crusoe.audiencelabs.com.br\/wp-json\/wp\/v2\/posts\/15015\/revisions"}],"predecessor-version":[{"id":15017,"href":"https:\/\/crusoe.audiencelabs.com.br\/wp-json\/wp\/v2\/posts\/15015\/revisions\/15017"}],"wp:featuredmedia":[{"embeddable":true,"href":"https:\/\/crusoe.audiencelabs.com.br\/wp-json\/wp\/v2\/media\/15016"}],"wp:attachment":[{"href":"https:\/\/crusoe.audiencelabs.com.br\/wp-json\/wp\/v2\/media?parent=15015"}],"wp:term":[{"taxonomy":"category","embeddable":true,"href":"https:\/\/crusoe.audiencelabs.com.br\/wp-json\/wp\/v2\/categories?post=15015"},{"taxonomy":"post_tag","embeddable":true,"href":"https:\/\/crusoe.audiencelabs.com.br\/wp-json\/wp\/v2\/tags?post=15015"}],"curies":[{"name":"wp","href":"https:\/\/api.w.org\/{rel}","templated":true}]}}