{"id":14833,"date":"2025-09-14T08:00:00","date_gmt":"2025-09-14T11:00:00","guid":{"rendered":"https:\/\/crusoe.audiencelabs.com.br\/?p=14833"},"modified":"2025-09-10T09:21:35","modified_gmt":"2025-09-10T12:21:35","slug":"perigo-voador-aves-em-sao-paulo-podem-espalhar-superbacterias","status":"publish","type":"post","link":"https:\/\/crusoe.audiencelabs.com.br\/perigo-voador-aves-em-sao-paulo-podem-espalhar-superbacterias\/","title":{"rendered":"Perigo voador: aves em S\u00e3o Paulo podem espalhar superbact\u00e9rias"},"content":{"rendered":"\n<p>Pesquisadores descobriram <strong>cepas resistentes de Escherichia coli (E. coli) em aves no <\/strong><a href=\"https:\/\/www.santos.sp.gov.br\/?q=portal\/orquidario\"><strong>Orquid\u00e1rio Municipal de Santos<\/strong><\/a>, <strong>S\u00e3o Paulo<\/strong>. As amostras foram coletadas no in\u00edcio de setembro.\u00a0<\/p>\n\n\n\n<p>As bact\u00e9rias,<strong> comuns em infec\u00e7\u00f5es humanas<\/strong>, estavam presentes em<strong> um urubu e uma coruja<\/strong>, ambos sem sinais cl\u00ednicos de infec\u00e7\u00e3o. Tal descoberta \u00e9 preocupante para a sa\u00fade p\u00fablica, <strong>principalmente para indiv\u00edduos com sistema imunol\u00f3gico comprometido.<\/strong><\/p>\n\n\n\n<p>Os genes de resist\u00eancia, localizados em elementos gen\u00e9ticos m\u00f3veis, foram detectados no trato intestinal das aves. Esses elementos podem transferir resist\u00eancia a outras bact\u00e9rias, mesmo aquelas nunca antes expostas a antibi\u00f3ticos.&nbsp;<\/p>\n\n\n\n<h2 class=\"wp-block-heading\">A origem da amea\u00e7a<\/h2>\n\n\n\n<p>O urubu tinha acabado de chegar ao centro quando a presen\u00e7a de E. coli foi detectada. Possivelmente, adquiriu a bact\u00e9ria em ambientes urbanos.&nbsp;<\/p>\n\n\n\n<p>A coruja, h\u00e1 uma d\u00e9cada no local, recebeu antibi\u00f3ticos no passado, tornando dif\u00edcil identificar o momento da contamina\u00e7\u00e3o. Ambas as aves estavam inclu\u00eddas em um estudo que testou 49 animais do orquid\u00e1rio.<\/p>\n\n\n\n<h2 class=\"wp-block-heading\">Significado maior da descoberta<\/h2>\n\n\n\n<p>A resist\u00eancia antimicrobiana ocorre quando bact\u00e9rias adquirem genes em elementos gen\u00e9ticos m\u00f3veis, como plasm\u00eddeos e integr\u00f5es, que circulam entre bact\u00e9rias de diferentes esp\u00e9cies.&nbsp;<\/p>\n\n\n\n<p>Isso destaca a import\u00e2ncia cr\u00edtica de vigil\u00e2ncia constante e medidas preventivas, mesmo em locais sem contato direto com antibi\u00f3ticos.<\/p>\n\n\n\n<h2 class=\"wp-block-heading\">Necessidade de protocolos<\/h2>\n\n\n\n<p>A pesquisa enfatiza a implementa\u00e7\u00e3o de protocolos rigorosos nos centros de reabilita\u00e7\u00e3o para prevenir a dissemina\u00e7\u00e3o dessas bact\u00e9rias.&nbsp;Medidas incluem testagens na admiss\u00e3o dos animais e interven\u00e7\u00f5es de descoloniza\u00e7\u00e3o antes da reintrodu\u00e7\u00e3o na natureza.&nbsp;<\/p>\n\n\n\n<p>At\u00e9 o momento, os dados coletados servir\u00e3o de base para futuras diretrizes no monitoramento epidemiol\u00f3gico e na prote\u00e7\u00e3o da fauna e da sa\u00fade p\u00fablica. O estudo destaca a necessidade de investimento cont\u00ednuo em pesquisa e controle de resist\u00eancia bacteriana em ambientes diversos.<\/p>\n","protected":false},"excerpt":{"rendered":"<p>Pesquisadores descobriram cepas resistentes de Escherichia coli (E. coli) em aves no Orquid\u00e1rio Municipal de Santos, S\u00e3o Paulo. As amostras foram coletadas no in\u00edcio de setembro.\u00a0 As bact\u00e9rias, comuns em infec\u00e7\u00f5es humanas, estavam presentes em um urubu e uma coruja, ambos sem sinais cl\u00ednicos de infec\u00e7\u00e3o. Tal descoberta \u00e9 preocupante para a sa\u00fade p\u00fablica, principalmente [&hellip;]<\/p>\n","protected":false},"author":5,"featured_media":14836,"comment_status":"open","ping_status":"open","sticky":false,"template":"","format":"standard","meta":{"jnews-multi-image_gallery":[],"jnews_single_post":{"format":"standard"},"jnews_primary_category":[],"jnews_override_counter":[],"jnews_post_split":[],"footnotes":""},"categories":[1],"tags":[2501,1291,2502],"class_list":["post-14833","post","type-post","status-publish","format-standard","has-post-thumbnail","hentry","category-geral","tag-aves","tag-santos","tag-superbacterias"],"yoast_head":"<!-- This site is optimized with the Yoast SEO plugin v25.0 - https:\/\/yoast.com\/wordpress\/plugins\/seo\/ -->\n<title>Perigo voador: aves em S\u00e3o Paulo podem espalhar superbact\u00e9rias<\/title>\n<meta name=\"description\" content=\"Superbact\u00e9rias invadem aves silvestres em Santos e preocupam sa\u00fade p\u00fablica\" \/>\n<meta name=\"robots\" content=\"index, follow, max-snippet:-1, max-image-preview:large, max-video-preview:-1\" \/>\n<link rel=\"canonical\" href=\"https:\/\/crusoe.audiencelabs.com.br\/perigo-voador-aves-em-sao-paulo-podem-espalhar-superbacterias\/\" \/>\n<meta property=\"og:locale\" content=\"pt_BR\" \/>\n<meta property=\"og:type\" content=\"article\" \/>\n<meta property=\"og:title\" content=\"Perigo voador: aves em S\u00e3o Paulo podem espalhar superbact\u00e9rias\" \/>\n<meta property=\"og:description\" content=\"Superbact\u00e9rias invadem aves silvestres em Santos e preocupam sa\u00fade p\u00fablica\" \/>\n<meta property=\"og:url\" content=\"https:\/\/crusoe.audiencelabs.com.br\/perigo-voador-aves-em-sao-paulo-podem-espalhar-superbacterias\/\" \/>\n<meta property=\"og:site_name\" content=\"Variedades - Cruso\u00e9\" \/>\n<meta property=\"article:published_time\" content=\"2025-09-14T11:00:00+00:00\" \/>\n<meta property=\"og:image\" content=\"https:\/\/cdn.crusoe.com.br\/uploads\/2025\/09\/urubu_come_carne_humana_23963_orig.jpg\" \/>\n\t<meta property=\"og:image:width\" content=\"1920\" \/>\n\t<meta property=\"og:image:height\" content=\"1236\" \/>\n\t<meta property=\"og:image:type\" content=\"image\/jpeg\" \/>\n<meta name=\"author\" content=\"Milena Armando\" \/>\n<meta name=\"twitter:card\" content=\"summary_large_image\" \/>\n<meta name=\"twitter:label1\" content=\"Escrito por\" \/>\n\t<meta name=\"twitter:data1\" content=\"Milena Armando\" \/>\n\t<meta name=\"twitter:label2\" content=\"Est. tempo de leitura\" \/>\n\t<meta name=\"twitter:data2\" content=\"2 minutos\" \/>\n<script type=\"application\/ld+json\" class=\"yoast-schema-graph\">{\"@context\":\"https:\/\/schema.org\",\"@graph\":[{\"@type\":\"WebPage\",\"@id\":\"https:\/\/crusoe.audiencelabs.com.br\/perigo-voador-aves-em-sao-paulo-podem-espalhar-superbacterias\/\",\"url\":\"https:\/\/crusoe.audiencelabs.com.br\/perigo-voador-aves-em-sao-paulo-podem-espalhar-superbacterias\/\",\"name\":\"Perigo voador: aves em S\u00e3o Paulo podem espalhar superbact\u00e9rias\",\"isPartOf\":{\"@id\":\"https:\/\/crusoe.audiencelabs.com.br\/#website\"},\"primaryImageOfPage\":{\"@id\":\"https:\/\/crusoe.audiencelabs.com.br\/perigo-voador-aves-em-sao-paulo-podem-espalhar-superbacterias\/#primaryimage\"},\"image\":{\"@id\":\"https:\/\/crusoe.audiencelabs.com.br\/perigo-voador-aves-em-sao-paulo-podem-espalhar-superbacterias\/#primaryimage\"},\"thumbnailUrl\":\"https:\/\/cdn.crusoe.com.br\/uploads\/2025\/09\/urubu_come_carne_humana_23963_orig.jpg\",\"datePublished\":\"2025-09-14T11:00:00+00:00\",\"author\":{\"@id\":\"https:\/\/crusoe.audiencelabs.com.br\/#\/schema\/person\/f87f73cfe89e5360de2c006bd4bd6a74\"},\"description\":\"Superbact\u00e9rias invadem aves silvestres em Santos e preocupam sa\u00fade p\u00fablica\",\"breadcrumb\":{\"@id\":\"https:\/\/crusoe.audiencelabs.com.br\/perigo-voador-aves-em-sao-paulo-podem-espalhar-superbacterias\/#breadcrumb\"},\"inLanguage\":\"pt-BR\",\"potentialAction\":[{\"@type\":\"ReadAction\",\"target\":[\"https:\/\/crusoe.audiencelabs.com.br\/perigo-voador-aves-em-sao-paulo-podem-espalhar-superbacterias\/\"]}]},{\"@type\":\"ImageObject\",\"inLanguage\":\"pt-BR\",\"@id\":\"https:\/\/crusoe.audiencelabs.com.br\/perigo-voador-aves-em-sao-paulo-podem-espalhar-superbacterias\/#primaryimage\",\"url\":\"https:\/\/cdn.crusoe.com.br\/uploads\/2025\/09\/urubu_come_carne_humana_23963_orig.jpg\",\"contentUrl\":\"https:\/\/cdn.crusoe.com.br\/uploads\/2025\/09\/urubu_come_carne_humana_23963_orig.jpg\",\"width\":1920,\"height\":1236,\"caption\":\"Foto: Perito Animal\"},{\"@type\":\"BreadcrumbList\",\"@id\":\"https:\/\/crusoe.audiencelabs.com.br\/perigo-voador-aves-em-sao-paulo-podem-espalhar-superbacterias\/#breadcrumb\",\"itemListElement\":[{\"@type\":\"ListItem\",\"position\":1,\"name\":\"Home\",\"item\":\"https:\/\/crusoe.audiencelabs.com.br\/\"},{\"@type\":\"ListItem\",\"position\":2,\"name\":\"Perigo voador: aves em S\u00e3o Paulo podem espalhar superbact\u00e9rias\"}]},{\"@type\":\"WebSite\",\"@id\":\"https:\/\/crusoe.audiencelabs.com.br\/#website\",\"url\":\"https:\/\/crusoe.audiencelabs.com.br\/\",\"name\":\"Variedades - Cruso\u00e9\",\"description\":\"\",\"potentialAction\":[{\"@type\":\"SearchAction\",\"target\":{\"@type\":\"EntryPoint\",\"urlTemplate\":\"https:\/\/crusoe.audiencelabs.com.br\/?s={search_term_string}\"},\"query-input\":{\"@type\":\"PropertyValueSpecification\",\"valueRequired\":true,\"valueName\":\"search_term_string\"}}],\"inLanguage\":\"pt-BR\"},{\"@type\":\"Person\",\"@id\":\"https:\/\/crusoe.audiencelabs.com.br\/#\/schema\/person\/f87f73cfe89e5360de2c006bd4bd6a74\",\"name\":\"Milena Armando\",\"image\":{\"@type\":\"ImageObject\",\"inLanguage\":\"pt-BR\",\"@id\":\"https:\/\/crusoe.audiencelabs.com.br\/#\/schema\/person\/image\/\",\"url\":\"https:\/\/secure.gravatar.com\/avatar\/ea14ecddc9e9d202b698b18f9f69e09c9fd74cfbed5c6008d55f11faefdbdab7?s=96&d=mm&r=g\",\"contentUrl\":\"https:\/\/secure.gravatar.com\/avatar\/ea14ecddc9e9d202b698b18f9f69e09c9fd74cfbed5c6008d55f11faefdbdab7?s=96&d=mm&r=g\",\"caption\":\"Milena Armando\"},\"description\":\"Jornalista, redatora e revisora.\",\"url\":\"https:\/\/crusoe.audiencelabs.com.br\/author\/milena\/\"}]}<\/script>\n<!-- \/ Yoast SEO plugin. -->","yoast_head_json":{"title":"Perigo voador: aves em S\u00e3o Paulo podem espalhar superbact\u00e9rias","description":"Superbact\u00e9rias invadem aves silvestres em Santos e preocupam sa\u00fade p\u00fablica","robots":{"index":"index","follow":"follow","max-snippet":"max-snippet:-1","max-image-preview":"max-image-preview:large","max-video-preview":"max-video-preview:-1"},"canonical":"https:\/\/crusoe.audiencelabs.com.br\/perigo-voador-aves-em-sao-paulo-podem-espalhar-superbacterias\/","og_locale":"pt_BR","og_type":"article","og_title":"Perigo voador: aves em S\u00e3o Paulo podem espalhar superbact\u00e9rias","og_description":"Superbact\u00e9rias invadem aves silvestres em Santos e preocupam sa\u00fade p\u00fablica","og_url":"https:\/\/crusoe.audiencelabs.com.br\/perigo-voador-aves-em-sao-paulo-podem-espalhar-superbacterias\/","og_site_name":"Variedades - Cruso\u00e9","article_published_time":"2025-09-14T11:00:00+00:00","og_image":[{"width":1920,"height":1236,"url":"https:\/\/cdn.crusoe.com.br\/uploads\/2025\/09\/urubu_come_carne_humana_23963_orig.jpg","type":"image\/jpeg"}],"author":"Milena Armando","twitter_card":"summary_large_image","twitter_misc":{"Escrito por":"Milena Armando","Est. tempo de leitura":"2 minutos"},"schema":{"@context":"https:\/\/schema.org","@graph":[{"@type":"WebPage","@id":"https:\/\/crusoe.audiencelabs.com.br\/perigo-voador-aves-em-sao-paulo-podem-espalhar-superbacterias\/","url":"https:\/\/crusoe.audiencelabs.com.br\/perigo-voador-aves-em-sao-paulo-podem-espalhar-superbacterias\/","name":"Perigo voador: aves em S\u00e3o Paulo podem espalhar superbact\u00e9rias","isPartOf":{"@id":"https:\/\/crusoe.audiencelabs.com.br\/#website"},"primaryImageOfPage":{"@id":"https:\/\/crusoe.audiencelabs.com.br\/perigo-voador-aves-em-sao-paulo-podem-espalhar-superbacterias\/#primaryimage"},"image":{"@id":"https:\/\/crusoe.audiencelabs.com.br\/perigo-voador-aves-em-sao-paulo-podem-espalhar-superbacterias\/#primaryimage"},"thumbnailUrl":"https:\/\/cdn.crusoe.com.br\/uploads\/2025\/09\/urubu_come_carne_humana_23963_orig.jpg","datePublished":"2025-09-14T11:00:00+00:00","author":{"@id":"https:\/\/crusoe.audiencelabs.com.br\/#\/schema\/person\/f87f73cfe89e5360de2c006bd4bd6a74"},"description":"Superbact\u00e9rias invadem aves silvestres em Santos e preocupam sa\u00fade p\u00fablica","breadcrumb":{"@id":"https:\/\/crusoe.audiencelabs.com.br\/perigo-voador-aves-em-sao-paulo-podem-espalhar-superbacterias\/#breadcrumb"},"inLanguage":"pt-BR","potentialAction":[{"@type":"ReadAction","target":["https:\/\/crusoe.audiencelabs.com.br\/perigo-voador-aves-em-sao-paulo-podem-espalhar-superbacterias\/"]}]},{"@type":"ImageObject","inLanguage":"pt-BR","@id":"https:\/\/crusoe.audiencelabs.com.br\/perigo-voador-aves-em-sao-paulo-podem-espalhar-superbacterias\/#primaryimage","url":"https:\/\/cdn.crusoe.com.br\/uploads\/2025\/09\/urubu_come_carne_humana_23963_orig.jpg","contentUrl":"https:\/\/cdn.crusoe.com.br\/uploads\/2025\/09\/urubu_come_carne_humana_23963_orig.jpg","width":1920,"height":1236,"caption":"Foto: Perito Animal"},{"@type":"BreadcrumbList","@id":"https:\/\/crusoe.audiencelabs.com.br\/perigo-voador-aves-em-sao-paulo-podem-espalhar-superbacterias\/#breadcrumb","itemListElement":[{"@type":"ListItem","position":1,"name":"Home","item":"https:\/\/crusoe.audiencelabs.com.br\/"},{"@type":"ListItem","position":2,"name":"Perigo voador: aves em S\u00e3o Paulo podem espalhar superbact\u00e9rias"}]},{"@type":"WebSite","@id":"https:\/\/crusoe.audiencelabs.com.br\/#website","url":"https:\/\/crusoe.audiencelabs.com.br\/","name":"Variedades - Cruso\u00e9","description":"","potentialAction":[{"@type":"SearchAction","target":{"@type":"EntryPoint","urlTemplate":"https:\/\/crusoe.audiencelabs.com.br\/?s={search_term_string}"},"query-input":{"@type":"PropertyValueSpecification","valueRequired":true,"valueName":"search_term_string"}}],"inLanguage":"pt-BR"},{"@type":"Person","@id":"https:\/\/crusoe.audiencelabs.com.br\/#\/schema\/person\/f87f73cfe89e5360de2c006bd4bd6a74","name":"Milena Armando","image":{"@type":"ImageObject","inLanguage":"pt-BR","@id":"https:\/\/crusoe.audiencelabs.com.br\/#\/schema\/person\/image\/","url":"https:\/\/secure.gravatar.com\/avatar\/ea14ecddc9e9d202b698b18f9f69e09c9fd74cfbed5c6008d55f11faefdbdab7?s=96&d=mm&r=g","contentUrl":"https:\/\/secure.gravatar.com\/avatar\/ea14ecddc9e9d202b698b18f9f69e09c9fd74cfbed5c6008d55f11faefdbdab7?s=96&d=mm&r=g","caption":"Milena Armando"},"description":"Jornalista, redatora e revisora.","url":"https:\/\/crusoe.audiencelabs.com.br\/author\/milena\/"}]}},"_links":{"self":[{"href":"https:\/\/crusoe.audiencelabs.com.br\/wp-json\/wp\/v2\/posts\/14833","targetHints":{"allow":["GET"]}}],"collection":[{"href":"https:\/\/crusoe.audiencelabs.com.br\/wp-json\/wp\/v2\/posts"}],"about":[{"href":"https:\/\/crusoe.audiencelabs.com.br\/wp-json\/wp\/v2\/types\/post"}],"author":[{"embeddable":true,"href":"https:\/\/crusoe.audiencelabs.com.br\/wp-json\/wp\/v2\/users\/5"}],"replies":[{"embeddable":true,"href":"https:\/\/crusoe.audiencelabs.com.br\/wp-json\/wp\/v2\/comments?post=14833"}],"version-history":[{"count":2,"href":"https:\/\/crusoe.audiencelabs.com.br\/wp-json\/wp\/v2\/posts\/14833\/revisions"}],"predecessor-version":[{"id":14844,"href":"https:\/\/crusoe.audiencelabs.com.br\/wp-json\/wp\/v2\/posts\/14833\/revisions\/14844"}],"wp:featuredmedia":[{"embeddable":true,"href":"https:\/\/crusoe.audiencelabs.com.br\/wp-json\/wp\/v2\/media\/14836"}],"wp:attachment":[{"href":"https:\/\/crusoe.audiencelabs.com.br\/wp-json\/wp\/v2\/media?parent=14833"}],"wp:term":[{"taxonomy":"category","embeddable":true,"href":"https:\/\/crusoe.audiencelabs.com.br\/wp-json\/wp\/v2\/categories?post=14833"},{"taxonomy":"post_tag","embeddable":true,"href":"https:\/\/crusoe.audiencelabs.com.br\/wp-json\/wp\/v2\/tags?post=14833"}],"curies":[{"name":"wp","href":"https:\/\/api.w.org\/{rel}","templated":true}]}}