{"id":14413,"date":"2025-09-08T18:30:00","date_gmt":"2025-09-08T21:30:00","guid":{"rendered":"https:\/\/crusoe.com.br\/variedades\/?p=14413"},"modified":"2025-09-08T14:39:02","modified_gmt":"2025-09-08T17:39:02","slug":"especialistas-alertam-cafe-preto-ao-acordar-e-o-pior-erro-que-voce-pode-cometer","status":"publish","type":"post","link":"https:\/\/crusoe.audiencelabs.com.br\/especialistas-alertam-cafe-preto-ao-acordar-e-o-pior-erro-que-voce-pode-cometer\/","title":{"rendered":"Especialistas alertam: caf\u00e9 preto ao acordar \u00e9 o pior erro que voc\u00ea pode cometer"},"content":{"rendered":"\n<p>Tomado por muitos ao acordar, o caf\u00e9 n\u00e3o se apresenta como uma boa alternativa. Por isso, \u00e9 preciso aguardar um tempo antes de ingerir a bebida.<\/p>\n\n\n\n<p>Com o pensamento de que ele ajudar\u00e1 a despertar, o necess\u00e1rio \u00e9 tom\u00e1-lo uma hora depois de sair da cama.<\/p>\n\n\n\n<p>O cortisol est\u00e1 presente no corpo, sendo denominado um horm\u00f4nio do estresse. Por meio dele, o metabolismo \u00e9 estimulado, mantendo uma pessoa em alerta.<\/p>\n\n\n\n<h2 class=\"wp-block-heading\"><strong>O impacto da bebida pela manh\u00e3<\/strong><\/h2>\n\n\n\n<p>Sobre o processo do corpo, envolvendo o cortisol e seus fundamentos, a eleva\u00e7\u00e3o dele ao acordar acontece entre os 30 e 45 minutos iniciais do dia, com sua diminui\u00e7\u00e3o conforme as horas v\u00e3o passando. Ao ingerir o caf\u00e9 logo ao acordar, a pessoa pode ter a sua constata\u00e7\u00e3o natural afetada.<\/p>\n\n\n\n<p>Ao ser consultada pelo Capitalist, o site, Fernanda Esquitino, nutricionista, disse: \u201c<em>Esperar uma hora respeita o ritmo circadiano e evita que a cafe\u00edna interfira nos mecanismos hormonais naturais\u201d<\/em>. Segundo ela, o composto de cafe\u00edna age como uma sobreposi\u00e7\u00e3o, afetando o circadiano.<\/p>\n\n\n\n<p>O caf\u00e9 tomado ao acordar pode ainda se transformar em ansiedade, causando muito estresse para quem o ingere. Dando um tempo antes de tom\u00e1-lo, ele pode ser melhor aproveitado, dando as indica\u00e7\u00f5es que se precisa, sem prejudicar o bem-estar. Por isso, \u00e9 poss\u00edvel se dedicar a outras coisas, como tomar um banho antes e fazer organiza\u00e7\u00f5es, pensando em tomar a bebida depois.<\/p>\n\n\n\n<p>Ainda sobre o caf\u00e9, ele \u00e9 indicado por especialistas, sendo preciso ingeri-lo depois de beber \u00e1gua. Esse h\u00e1bito faz com que se inicie a rotina se hidratando. Mantendo o corpo saud\u00e1vel, uma pessoa deve tomar aten\u00e7\u00e3o com o tempo de espera. Portanto, durante o dia ele ainda pode ser bebido, como uma forma de degusta\u00e7\u00e3o \u00e0 tarde.<\/p>\n\n\n\n<p>Seguindo as recomenda\u00e7\u00f5es, tamb\u00e9m \u00e9 preciso complementar o caf\u00e9 com uma alimenta\u00e7\u00e3o saud\u00e1vel pela manh\u00e3. Por isso, frutas devem prevalecer. Quanto a p\u00e3es, bolos e outros complementos, como bolachas, eles apresentam muitos carboidratos, sendo eles refinados.<\/p>\n\n\n\n<p><\/p>\n","protected":false},"excerpt":{"rendered":"<p>Interferindo no processo natural do corpo, beber caf\u00e9 ao se levantar pode ser um erro. <\/p>\n","protected":false},"author":8,"featured_media":14423,"comment_status":"open","ping_status":"open","sticky":false,"template":"","format":"standard","meta":{"jnews-multi-image_gallery":[],"jnews_single_post":{"format":"standard"},"jnews_primary_category":[],"jnews_override_counter":[],"jnews_post_split":[],"footnotes":""},"categories":[1],"tags":[],"class_list":["post-14413","post","type-post","status-publish","format-standard","has-post-thumbnail","hentry","category-geral"],"yoast_head":"<!-- This site is optimized with the Yoast SEO plugin v25.0 - https:\/\/yoast.com\/wordpress\/plugins\/seo\/ -->\n<title>Especialistas alertam: caf\u00e9 preto ao acordar \u00e9 o pior erro que voc\u00ea pode cometer<\/title>\n<meta name=\"robots\" content=\"index, follow, max-snippet:-1, max-image-preview:large, max-video-preview:-1\" \/>\n<link rel=\"canonical\" href=\"https:\/\/crusoe.audiencelabs.com.br\/especialistas-alertam-cafe-preto-ao-acordar-e-o-pior-erro-que-voce-pode-cometer\/\" \/>\n<meta property=\"og:locale\" content=\"pt_BR\" \/>\n<meta property=\"og:type\" content=\"article\" \/>\n<meta property=\"og:title\" content=\"Especialistas alertam: caf\u00e9 preto ao acordar \u00e9 o pior erro que voc\u00ea pode cometer\" \/>\n<meta property=\"og:description\" content=\"Interferindo no processo natural do corpo, beber caf\u00e9 ao se levantar pode ser um erro.\" \/>\n<meta property=\"og:url\" content=\"https:\/\/crusoe.audiencelabs.com.br\/especialistas-alertam-cafe-preto-ao-acordar-e-o-pior-erro-que-voce-pode-cometer\/\" \/>\n<meta property=\"og:site_name\" content=\"Variedades - Cruso\u00e9\" \/>\n<meta property=\"article:published_time\" content=\"2025-09-08T21:30:00+00:00\" \/>\n<meta property=\"og:image\" content=\"https:\/\/cdn.crusoe.com.br\/uploads\/2025\/09\/Cafe-.jpg\" \/>\n\t<meta property=\"og:image:width\" content=\"1280\" \/>\n\t<meta property=\"og:image:height\" content=\"853\" \/>\n\t<meta property=\"og:image:type\" content=\"image\/jpeg\" \/>\n<meta name=\"author\" content=\"Gabriela Santos\" \/>\n<meta name=\"twitter:card\" content=\"summary_large_image\" \/>\n<meta name=\"twitter:label1\" content=\"Escrito por\" \/>\n\t<meta name=\"twitter:data1\" content=\"Gabriela Santos\" \/>\n\t<meta name=\"twitter:label2\" content=\"Est. tempo de leitura\" \/>\n\t<meta name=\"twitter:data2\" content=\"2 minutos\" \/>\n<script type=\"application\/ld+json\" class=\"yoast-schema-graph\">{\"@context\":\"https:\/\/schema.org\",\"@graph\":[{\"@type\":\"WebPage\",\"@id\":\"https:\/\/crusoe.audiencelabs.com.br\/especialistas-alertam-cafe-preto-ao-acordar-e-o-pior-erro-que-voce-pode-cometer\/\",\"url\":\"https:\/\/crusoe.audiencelabs.com.br\/especialistas-alertam-cafe-preto-ao-acordar-e-o-pior-erro-que-voce-pode-cometer\/\",\"name\":\"Especialistas alertam: caf\u00e9 preto ao acordar \u00e9 o pior erro que voc\u00ea pode cometer\",\"isPartOf\":{\"@id\":\"https:\/\/crusoe.audiencelabs.com.br\/#website\"},\"primaryImageOfPage\":{\"@id\":\"https:\/\/crusoe.audiencelabs.com.br\/especialistas-alertam-cafe-preto-ao-acordar-e-o-pior-erro-que-voce-pode-cometer\/#primaryimage\"},\"image\":{\"@id\":\"https:\/\/crusoe.audiencelabs.com.br\/especialistas-alertam-cafe-preto-ao-acordar-e-o-pior-erro-que-voce-pode-cometer\/#primaryimage\"},\"thumbnailUrl\":\"https:\/\/cdn.crusoe.com.br\/uploads\/2025\/09\/Cafe-.jpg\",\"datePublished\":\"2025-09-08T21:30:00+00:00\",\"author\":{\"@id\":\"https:\/\/crusoe.audiencelabs.com.br\/#\/schema\/person\/be66e7e59ad3bc2a7c0833132c5c8c00\"},\"breadcrumb\":{\"@id\":\"https:\/\/crusoe.audiencelabs.com.br\/especialistas-alertam-cafe-preto-ao-acordar-e-o-pior-erro-que-voce-pode-cometer\/#breadcrumb\"},\"inLanguage\":\"pt-BR\",\"potentialAction\":[{\"@type\":\"ReadAction\",\"target\":[\"https:\/\/crusoe.audiencelabs.com.br\/especialistas-alertam-cafe-preto-ao-acordar-e-o-pior-erro-que-voce-pode-cometer\/\"]}]},{\"@type\":\"ImageObject\",\"inLanguage\":\"pt-BR\",\"@id\":\"https:\/\/crusoe.audiencelabs.com.br\/especialistas-alertam-cafe-preto-ao-acordar-e-o-pior-erro-que-voce-pode-cometer\/#primaryimage\",\"url\":\"https:\/\/cdn.crusoe.com.br\/uploads\/2025\/09\/Cafe-.jpg\",\"contentUrl\":\"https:\/\/cdn.crusoe.com.br\/uploads\/2025\/09\/Cafe-.jpg\",\"width\":1280,\"height\":853,\"caption\":\"Reprodu\u00e7\u00e3o: Pixabay (PublicDomainPictures)\"},{\"@type\":\"BreadcrumbList\",\"@id\":\"https:\/\/crusoe.audiencelabs.com.br\/especialistas-alertam-cafe-preto-ao-acordar-e-o-pior-erro-que-voce-pode-cometer\/#breadcrumb\",\"itemListElement\":[{\"@type\":\"ListItem\",\"position\":1,\"name\":\"Home\",\"item\":\"https:\/\/crusoe.audiencelabs.com.br\/\"},{\"@type\":\"ListItem\",\"position\":2,\"name\":\"Especialistas alertam: caf\u00e9 preto ao acordar \u00e9 o pior erro que voc\u00ea pode cometer\"}]},{\"@type\":\"WebSite\",\"@id\":\"https:\/\/crusoe.audiencelabs.com.br\/#website\",\"url\":\"https:\/\/crusoe.audiencelabs.com.br\/\",\"name\":\"Variedades - Cruso\u00e9\",\"description\":\"\",\"potentialAction\":[{\"@type\":\"SearchAction\",\"target\":{\"@type\":\"EntryPoint\",\"urlTemplate\":\"https:\/\/crusoe.audiencelabs.com.br\/?s={search_term_string}\"},\"query-input\":{\"@type\":\"PropertyValueSpecification\",\"valueRequired\":true,\"valueName\":\"search_term_string\"}}],\"inLanguage\":\"pt-BR\"},{\"@type\":\"Person\",\"@id\":\"https:\/\/crusoe.audiencelabs.com.br\/#\/schema\/person\/be66e7e59ad3bc2a7c0833132c5c8c00\",\"name\":\"Gabriela Santos\",\"image\":{\"@type\":\"ImageObject\",\"inLanguage\":\"pt-BR\",\"@id\":\"https:\/\/crusoe.audiencelabs.com.br\/#\/schema\/person\/image\/\",\"url\":\"https:\/\/secure.gravatar.com\/avatar\/d58b244b5f316c2ae218c4fd7fd0fdf0fbcf215931ac50c70906d65db85b6002?s=96&d=mm&r=g\",\"contentUrl\":\"https:\/\/secure.gravatar.com\/avatar\/d58b244b5f316c2ae218c4fd7fd0fdf0fbcf215931ac50c70906d65db85b6002?s=96&d=mm&r=g\",\"caption\":\"Gabriela Santos\"},\"description\":\"Jornalista que atua com a produ\u00e7\u00e3o de conte\u00fado em temas diversos, aproximando o leitor por meio de informa\u00e7\u00f5es que refletem o cotidiano.\",\"url\":\"https:\/\/crusoe.audiencelabs.com.br\/author\/gabrielasantos\/\"}]}<\/script>\n<!-- \/ Yoast SEO plugin. -->","yoast_head_json":{"title":"Especialistas alertam: caf\u00e9 preto ao acordar \u00e9 o pior erro que voc\u00ea pode cometer","robots":{"index":"index","follow":"follow","max-snippet":"max-snippet:-1","max-image-preview":"max-image-preview:large","max-video-preview":"max-video-preview:-1"},"canonical":"https:\/\/crusoe.audiencelabs.com.br\/especialistas-alertam-cafe-preto-ao-acordar-e-o-pior-erro-que-voce-pode-cometer\/","og_locale":"pt_BR","og_type":"article","og_title":"Especialistas alertam: caf\u00e9 preto ao acordar \u00e9 o pior erro que voc\u00ea pode cometer","og_description":"Interferindo no processo natural do corpo, beber caf\u00e9 ao se levantar pode ser um erro.","og_url":"https:\/\/crusoe.audiencelabs.com.br\/especialistas-alertam-cafe-preto-ao-acordar-e-o-pior-erro-que-voce-pode-cometer\/","og_site_name":"Variedades - Cruso\u00e9","article_published_time":"2025-09-08T21:30:00+00:00","og_image":[{"width":1280,"height":853,"url":"https:\/\/cdn.crusoe.com.br\/uploads\/2025\/09\/Cafe-.jpg","type":"image\/jpeg"}],"author":"Gabriela Santos","twitter_card":"summary_large_image","twitter_misc":{"Escrito por":"Gabriela Santos","Est. tempo de leitura":"2 minutos"},"schema":{"@context":"https:\/\/schema.org","@graph":[{"@type":"WebPage","@id":"https:\/\/crusoe.audiencelabs.com.br\/especialistas-alertam-cafe-preto-ao-acordar-e-o-pior-erro-que-voce-pode-cometer\/","url":"https:\/\/crusoe.audiencelabs.com.br\/especialistas-alertam-cafe-preto-ao-acordar-e-o-pior-erro-que-voce-pode-cometer\/","name":"Especialistas alertam: caf\u00e9 preto ao acordar \u00e9 o pior erro que voc\u00ea pode cometer","isPartOf":{"@id":"https:\/\/crusoe.audiencelabs.com.br\/#website"},"primaryImageOfPage":{"@id":"https:\/\/crusoe.audiencelabs.com.br\/especialistas-alertam-cafe-preto-ao-acordar-e-o-pior-erro-que-voce-pode-cometer\/#primaryimage"},"image":{"@id":"https:\/\/crusoe.audiencelabs.com.br\/especialistas-alertam-cafe-preto-ao-acordar-e-o-pior-erro-que-voce-pode-cometer\/#primaryimage"},"thumbnailUrl":"https:\/\/cdn.crusoe.com.br\/uploads\/2025\/09\/Cafe-.jpg","datePublished":"2025-09-08T21:30:00+00:00","author":{"@id":"https:\/\/crusoe.audiencelabs.com.br\/#\/schema\/person\/be66e7e59ad3bc2a7c0833132c5c8c00"},"breadcrumb":{"@id":"https:\/\/crusoe.audiencelabs.com.br\/especialistas-alertam-cafe-preto-ao-acordar-e-o-pior-erro-que-voce-pode-cometer\/#breadcrumb"},"inLanguage":"pt-BR","potentialAction":[{"@type":"ReadAction","target":["https:\/\/crusoe.audiencelabs.com.br\/especialistas-alertam-cafe-preto-ao-acordar-e-o-pior-erro-que-voce-pode-cometer\/"]}]},{"@type":"ImageObject","inLanguage":"pt-BR","@id":"https:\/\/crusoe.audiencelabs.com.br\/especialistas-alertam-cafe-preto-ao-acordar-e-o-pior-erro-que-voce-pode-cometer\/#primaryimage","url":"https:\/\/cdn.crusoe.com.br\/uploads\/2025\/09\/Cafe-.jpg","contentUrl":"https:\/\/cdn.crusoe.com.br\/uploads\/2025\/09\/Cafe-.jpg","width":1280,"height":853,"caption":"Reprodu\u00e7\u00e3o: Pixabay (PublicDomainPictures)"},{"@type":"BreadcrumbList","@id":"https:\/\/crusoe.audiencelabs.com.br\/especialistas-alertam-cafe-preto-ao-acordar-e-o-pior-erro-que-voce-pode-cometer\/#breadcrumb","itemListElement":[{"@type":"ListItem","position":1,"name":"Home","item":"https:\/\/crusoe.audiencelabs.com.br\/"},{"@type":"ListItem","position":2,"name":"Especialistas alertam: caf\u00e9 preto ao acordar \u00e9 o pior erro que voc\u00ea pode cometer"}]},{"@type":"WebSite","@id":"https:\/\/crusoe.audiencelabs.com.br\/#website","url":"https:\/\/crusoe.audiencelabs.com.br\/","name":"Variedades - Cruso\u00e9","description":"","potentialAction":[{"@type":"SearchAction","target":{"@type":"EntryPoint","urlTemplate":"https:\/\/crusoe.audiencelabs.com.br\/?s={search_term_string}"},"query-input":{"@type":"PropertyValueSpecification","valueRequired":true,"valueName":"search_term_string"}}],"inLanguage":"pt-BR"},{"@type":"Person","@id":"https:\/\/crusoe.audiencelabs.com.br\/#\/schema\/person\/be66e7e59ad3bc2a7c0833132c5c8c00","name":"Gabriela Santos","image":{"@type":"ImageObject","inLanguage":"pt-BR","@id":"https:\/\/crusoe.audiencelabs.com.br\/#\/schema\/person\/image\/","url":"https:\/\/secure.gravatar.com\/avatar\/d58b244b5f316c2ae218c4fd7fd0fdf0fbcf215931ac50c70906d65db85b6002?s=96&d=mm&r=g","contentUrl":"https:\/\/secure.gravatar.com\/avatar\/d58b244b5f316c2ae218c4fd7fd0fdf0fbcf215931ac50c70906d65db85b6002?s=96&d=mm&r=g","caption":"Gabriela Santos"},"description":"Jornalista que atua com a produ\u00e7\u00e3o de conte\u00fado em temas diversos, aproximando o leitor por meio de informa\u00e7\u00f5es que refletem o cotidiano.","url":"https:\/\/crusoe.audiencelabs.com.br\/author\/gabrielasantos\/"}]}},"_links":{"self":[{"href":"https:\/\/crusoe.audiencelabs.com.br\/wp-json\/wp\/v2\/posts\/14413","targetHints":{"allow":["GET"]}}],"collection":[{"href":"https:\/\/crusoe.audiencelabs.com.br\/wp-json\/wp\/v2\/posts"}],"about":[{"href":"https:\/\/crusoe.audiencelabs.com.br\/wp-json\/wp\/v2\/types\/post"}],"author":[{"embeddable":true,"href":"https:\/\/crusoe.audiencelabs.com.br\/wp-json\/wp\/v2\/users\/8"}],"replies":[{"embeddable":true,"href":"https:\/\/crusoe.audiencelabs.com.br\/wp-json\/wp\/v2\/comments?post=14413"}],"version-history":[{"count":14,"href":"https:\/\/crusoe.audiencelabs.com.br\/wp-json\/wp\/v2\/posts\/14413\/revisions"}],"predecessor-version":[{"id":14428,"href":"https:\/\/crusoe.audiencelabs.com.br\/wp-json\/wp\/v2\/posts\/14413\/revisions\/14428"}],"wp:featuredmedia":[{"embeddable":true,"href":"https:\/\/crusoe.audiencelabs.com.br\/wp-json\/wp\/v2\/media\/14423"}],"wp:attachment":[{"href":"https:\/\/crusoe.audiencelabs.com.br\/wp-json\/wp\/v2\/media?parent=14413"}],"wp:term":[{"taxonomy":"category","embeddable":true,"href":"https:\/\/crusoe.audiencelabs.com.br\/wp-json\/wp\/v2\/categories?post=14413"},{"taxonomy":"post_tag","embeddable":true,"href":"https:\/\/crusoe.audiencelabs.com.br\/wp-json\/wp\/v2\/tags?post=14413"}],"curies":[{"name":"wp","href":"https:\/\/api.w.org\/{rel}","templated":true}]}}