{"id":1400,"date":"2025-05-30T11:31:34","date_gmt":"2025-05-30T14:31:34","guid":{"rendered":"https:\/\/crusoe.com.br\/variedades\/?p=1400"},"modified":"2025-05-30T11:31:35","modified_gmt":"2025-05-30T14:31:35","slug":"como-autonomos-e-meis-devem-declarar-o-imposto-de-renda-em-2025","status":"publish","type":"post","link":"https:\/\/crusoe.audiencelabs.com.br\/como-autonomos-e-meis-devem-declarar-o-imposto-de-renda-em-2025\/","title":{"rendered":"Como aut\u00f4nomos e MEIs devem declarar o Imposto de Renda em 2025"},"content":{"rendered":"\n<p>Encerra nesta sexta-feira (30\/05), o prazo para a entrega da Declara\u00e7\u00e3o do Imposto de Renda Pessoa F\u00edsica (IRPF) 2025, que come\u00e7ou no dia 17 de mar\u00e7o e permitiu que milh\u00f5es de brasileiros enviassem suas declara\u00e7\u00f5es desde ent\u00e3o. Apesar de ser o \u00faltimo dia, ainda d\u00e1 tempo de enviar e quem \u00e9 MEI, microempreendedores individuais, pode tirar suas d\u00favidas para fazer de forma correta a sua documenta\u00e7\u00e3o.&nbsp;<\/p>\n\n\n\n<p>Quem n\u00e3o possui carteira assinada e trabalha como aut\u00f4nomo ou free lancers tendo MEI como forma de ter seus direitos pelo INSS, precisa se atentar em como declarar seus bens da maneira certa e n\u00e3o ter riscos de se prejudicar com a Receita Federal. Isso serve para profissionais liberais, prestadores de servi\u00e7os informais e donos de CNPJ MEI devem ficar atentos \u00e0s regras para evitar problemas com o Fisco.<\/p>\n\n\n\n<h2 class=\"wp-block-heading\">Entenda como MEI precisas declarar o Imposto de Renda<\/h2>\n\n\n\n<p>Independente da renda n\u00e3o ultrapassar o limite do Imposto de Renda do ano, o MEI precisa fazer alguns processos para apresentar quais foram os seus rendimentos no ano anterior. Isso \u00e9 poss\u00edvel ser feito pela Declara\u00e7\u00e3o Anual do Simples Nacional (DASN-SIMEI), que \u00e9 referente ao faturamento da empresa, e a Declara\u00e7\u00e3o de Imposto de Renda Pessoa F\u00edsica (DIRPF), que se refere aos rendimentos do pr\u00f3prio empreendedor.<\/p>\n\n\n\n<p>Se n\u00e3o entregar a DASN-SIMEI dentro do prazo, poder\u00e1 gerar multa de 2% por m\u00eas, limitada a 20% do valor total dos tributos declarados, com valor m\u00ednimo de R$ 50,00. Corre o risco de ter o bloqueio do DAS, impedindo o pagamento mensal do MEI e ficar com pend\u00eancias na Receita Federal, o que pode gerar impedimentos para emiss\u00e3o de notas fiscais, obten\u00e7\u00e3o de certid\u00f5es, acesso a cr\u00e9ditos e at\u00e9 mesmo a exclus\u00e3o do SIMEI.<\/p>\n\n\n\n<p>Quando a pessoa teve rendimento superiores, que no caso deste ano \u00e9 acima de R$ 33.888 no ano-base que foi 2024, ela precisa declarar o Imposto de Renda Pessoa F\u00edsica (IRPF) para o MEI depende dos rendimentos e bens do pr\u00f3prio empreendedor, n\u00e3o apenas do fato de ser MEI. <strong>Ser MEI n\u00e3o o isenta automaticamente de declarar o IRPF.<\/strong><\/p>\n","protected":false},"excerpt":{"rendered":"<p>Encerra nesta sexta-feira (30\/05), o prazo para a entrega da Declara\u00e7\u00e3o do Imposto de Renda Pessoa F\u00edsica (IRPF) 2025, que come\u00e7ou no dia 17 de mar\u00e7o e permitiu que milh\u00f5es de brasileiros enviassem suas declara\u00e7\u00f5es desde ent\u00e3o. Apesar de ser o \u00faltimo dia, ainda d\u00e1 tempo de enviar e quem \u00e9 MEI, microempreendedores individuais, pode [&hellip;]<\/p>\n","protected":false},"author":4,"featured_media":1401,"comment_status":"open","ping_status":"open","sticky":false,"template":"","format":"standard","meta":{"jnews-multi-image_gallery":[],"jnews_single_post":{"format":"standard"},"jnews_primary_category":[],"jnews_override_counter":[],"jnews_post_split":[],"footnotes":""},"categories":[1],"tags":[],"class_list":["post-1400","post","type-post","status-publish","format-standard","has-post-thumbnail","hentry","category-geral"],"yoast_head":"<!-- This site is optimized with the Yoast SEO plugin v25.0 - https:\/\/yoast.com\/wordpress\/plugins\/seo\/ -->\n<title>Como aut\u00f4nomos e MEIs devem declarar o Imposto de Renda em 2025<\/title>\n<meta name=\"robots\" content=\"index, follow, max-snippet:-1, max-image-preview:large, max-video-preview:-1\" \/>\n<link rel=\"canonical\" href=\"https:\/\/crusoe.audiencelabs.com.br\/como-autonomos-e-meis-devem-declarar-o-imposto-de-renda-em-2025\/\" \/>\n<meta property=\"og:locale\" content=\"pt_BR\" \/>\n<meta property=\"og:type\" content=\"article\" \/>\n<meta property=\"og:title\" content=\"Como aut\u00f4nomos e MEIs devem declarar o Imposto de Renda em 2025\" \/>\n<meta property=\"og:description\" content=\"Encerra nesta sexta-feira (30\/05), o prazo para a entrega da Declara\u00e7\u00e3o do Imposto de Renda Pessoa F\u00edsica (IRPF) 2025, que come\u00e7ou no dia 17 de mar\u00e7o e permitiu que milh\u00f5es de brasileiros enviassem suas declara\u00e7\u00f5es desde ent\u00e3o. Apesar de ser o \u00faltimo dia, ainda d\u00e1 tempo de enviar e quem \u00e9 MEI, microempreendedores individuais, pode [&hellip;]\" \/>\n<meta property=\"og:url\" content=\"https:\/\/crusoe.audiencelabs.com.br\/como-autonomos-e-meis-devem-declarar-o-imposto-de-renda-em-2025\/\" \/>\n<meta property=\"og:site_name\" content=\"Variedades - Cruso\u00e9\" \/>\n<meta property=\"article:published_time\" content=\"2025-05-30T14:31:34+00:00\" \/>\n<meta property=\"article:modified_time\" content=\"2025-05-30T14:31:35+00:00\" \/>\n<meta property=\"og:image\" content=\"https:\/\/cdn.crusoe.com.br\/uploads\/2025\/05\/WhatsApp-Image-2025-05-30-at-11.20.55.jpeg\" \/>\n\t<meta property=\"og:image:width\" content=\"1600\" \/>\n\t<meta property=\"og:image:height\" content=\"1066\" \/>\n\t<meta property=\"og:image:type\" content=\"image\/jpeg\" \/>\n<meta name=\"author\" content=\"Gabriela Giordani\" \/>\n<meta name=\"twitter:card\" content=\"summary_large_image\" \/>\n<meta name=\"twitter:label1\" content=\"Escrito por\" \/>\n\t<meta name=\"twitter:data1\" content=\"Gabriela Giordani\" \/>\n\t<meta name=\"twitter:label2\" content=\"Est. tempo de leitura\" \/>\n\t<meta name=\"twitter:data2\" content=\"3 minutos\" \/>\n<script type=\"application\/ld+json\" class=\"yoast-schema-graph\">{\"@context\":\"https:\/\/schema.org\",\"@graph\":[{\"@type\":\"WebPage\",\"@id\":\"https:\/\/crusoe.audiencelabs.com.br\/como-autonomos-e-meis-devem-declarar-o-imposto-de-renda-em-2025\/\",\"url\":\"https:\/\/crusoe.audiencelabs.com.br\/como-autonomos-e-meis-devem-declarar-o-imposto-de-renda-em-2025\/\",\"name\":\"Como aut\u00f4nomos e MEIs devem declarar o Imposto de Renda em 2025\",\"isPartOf\":{\"@id\":\"https:\/\/crusoe.audiencelabs.com.br\/#website\"},\"primaryImageOfPage\":{\"@id\":\"https:\/\/crusoe.audiencelabs.com.br\/como-autonomos-e-meis-devem-declarar-o-imposto-de-renda-em-2025\/#primaryimage\"},\"image\":{\"@id\":\"https:\/\/crusoe.audiencelabs.com.br\/como-autonomos-e-meis-devem-declarar-o-imposto-de-renda-em-2025\/#primaryimage\"},\"thumbnailUrl\":\"https:\/\/cdn.crusoe.com.br\/uploads\/2025\/05\/WhatsApp-Image-2025-05-30-at-11.20.55.jpeg\",\"datePublished\":\"2025-05-30T14:31:34+00:00\",\"dateModified\":\"2025-05-30T14:31:35+00:00\",\"author\":{\"@id\":\"https:\/\/crusoe.audiencelabs.com.br\/#\/schema\/person\/b2494d013cd11aa1c655f0408d00161a\"},\"breadcrumb\":{\"@id\":\"https:\/\/crusoe.audiencelabs.com.br\/como-autonomos-e-meis-devem-declarar-o-imposto-de-renda-em-2025\/#breadcrumb\"},\"inLanguage\":\"pt-BR\",\"potentialAction\":[{\"@type\":\"ReadAction\",\"target\":[\"https:\/\/crusoe.audiencelabs.com.br\/como-autonomos-e-meis-devem-declarar-o-imposto-de-renda-em-2025\/\"]}]},{\"@type\":\"ImageObject\",\"inLanguage\":\"pt-BR\",\"@id\":\"https:\/\/crusoe.audiencelabs.com.br\/como-autonomos-e-meis-devem-declarar-o-imposto-de-renda-em-2025\/#primaryimage\",\"url\":\"https:\/\/cdn.crusoe.com.br\/uploads\/2025\/05\/WhatsApp-Image-2025-05-30-at-11.20.55.jpeg\",\"contentUrl\":\"https:\/\/cdn.crusoe.com.br\/uploads\/2025\/05\/WhatsApp-Image-2025-05-30-at-11.20.55.jpeg\",\"width\":1600,\"height\":1066},{\"@type\":\"BreadcrumbList\",\"@id\":\"https:\/\/crusoe.audiencelabs.com.br\/como-autonomos-e-meis-devem-declarar-o-imposto-de-renda-em-2025\/#breadcrumb\",\"itemListElement\":[{\"@type\":\"ListItem\",\"position\":1,\"name\":\"Home\",\"item\":\"https:\/\/crusoe.audiencelabs.com.br\/\"},{\"@type\":\"ListItem\",\"position\":2,\"name\":\"Como aut\u00f4nomos e MEIs devem declarar o Imposto de Renda em 2025\"}]},{\"@type\":\"WebSite\",\"@id\":\"https:\/\/crusoe.audiencelabs.com.br\/#website\",\"url\":\"https:\/\/crusoe.audiencelabs.com.br\/\",\"name\":\"Variedades - Cruso\u00e9\",\"description\":\"\",\"potentialAction\":[{\"@type\":\"SearchAction\",\"target\":{\"@type\":\"EntryPoint\",\"urlTemplate\":\"https:\/\/crusoe.audiencelabs.com.br\/?s={search_term_string}\"},\"query-input\":{\"@type\":\"PropertyValueSpecification\",\"valueRequired\":true,\"valueName\":\"search_term_string\"}}],\"inLanguage\":\"pt-BR\"},{\"@type\":\"Person\",\"@id\":\"https:\/\/crusoe.audiencelabs.com.br\/#\/schema\/person\/b2494d013cd11aa1c655f0408d00161a\",\"name\":\"Gabriela Giordani\",\"image\":{\"@type\":\"ImageObject\",\"inLanguage\":\"pt-BR\",\"@id\":\"https:\/\/crusoe.audiencelabs.com.br\/#\/schema\/person\/image\/\",\"url\":\"https:\/\/secure.gravatar.com\/avatar\/9670c7f79ae9e94c7f6c40d36771164b2c1f55a636bc061973651a1b686ce80b?s=96&d=mm&r=g\",\"contentUrl\":\"https:\/\/secure.gravatar.com\/avatar\/9670c7f79ae9e94c7f6c40d36771164b2c1f55a636bc061973651a1b686ce80b?s=96&d=mm&r=g\",\"caption\":\"Gabriela Giordani\"},\"description\":\"Jornalista pela Unesp de Bauru.\",\"url\":\"https:\/\/crusoe.audiencelabs.com.br\/author\/gabriela\/\"}]}<\/script>\n<!-- \/ Yoast SEO plugin. -->","yoast_head_json":{"title":"Como aut\u00f4nomos e MEIs devem declarar o Imposto de Renda em 2025","robots":{"index":"index","follow":"follow","max-snippet":"max-snippet:-1","max-image-preview":"max-image-preview:large","max-video-preview":"max-video-preview:-1"},"canonical":"https:\/\/crusoe.audiencelabs.com.br\/como-autonomos-e-meis-devem-declarar-o-imposto-de-renda-em-2025\/","og_locale":"pt_BR","og_type":"article","og_title":"Como aut\u00f4nomos e MEIs devem declarar o Imposto de Renda em 2025","og_description":"Encerra nesta sexta-feira (30\/05), o prazo para a entrega da Declara\u00e7\u00e3o do Imposto de Renda Pessoa F\u00edsica (IRPF) 2025, que come\u00e7ou no dia 17 de mar\u00e7o e permitiu que milh\u00f5es de brasileiros enviassem suas declara\u00e7\u00f5es desde ent\u00e3o. Apesar de ser o \u00faltimo dia, ainda d\u00e1 tempo de enviar e quem \u00e9 MEI, microempreendedores individuais, pode [&hellip;]","og_url":"https:\/\/crusoe.audiencelabs.com.br\/como-autonomos-e-meis-devem-declarar-o-imposto-de-renda-em-2025\/","og_site_name":"Variedades - Cruso\u00e9","article_published_time":"2025-05-30T14:31:34+00:00","article_modified_time":"2025-05-30T14:31:35+00:00","og_image":[{"width":1600,"height":1066,"url":"https:\/\/cdn.crusoe.com.br\/uploads\/2025\/05\/WhatsApp-Image-2025-05-30-at-11.20.55.jpeg","type":"image\/jpeg"}],"author":"Gabriela Giordani","twitter_card":"summary_large_image","twitter_misc":{"Escrito por":"Gabriela Giordani","Est. tempo de leitura":"3 minutos"},"schema":{"@context":"https:\/\/schema.org","@graph":[{"@type":"WebPage","@id":"https:\/\/crusoe.audiencelabs.com.br\/como-autonomos-e-meis-devem-declarar-o-imposto-de-renda-em-2025\/","url":"https:\/\/crusoe.audiencelabs.com.br\/como-autonomos-e-meis-devem-declarar-o-imposto-de-renda-em-2025\/","name":"Como aut\u00f4nomos e MEIs devem declarar o Imposto de Renda em 2025","isPartOf":{"@id":"https:\/\/crusoe.audiencelabs.com.br\/#website"},"primaryImageOfPage":{"@id":"https:\/\/crusoe.audiencelabs.com.br\/como-autonomos-e-meis-devem-declarar-o-imposto-de-renda-em-2025\/#primaryimage"},"image":{"@id":"https:\/\/crusoe.audiencelabs.com.br\/como-autonomos-e-meis-devem-declarar-o-imposto-de-renda-em-2025\/#primaryimage"},"thumbnailUrl":"https:\/\/cdn.crusoe.com.br\/uploads\/2025\/05\/WhatsApp-Image-2025-05-30-at-11.20.55.jpeg","datePublished":"2025-05-30T14:31:34+00:00","dateModified":"2025-05-30T14:31:35+00:00","author":{"@id":"https:\/\/crusoe.audiencelabs.com.br\/#\/schema\/person\/b2494d013cd11aa1c655f0408d00161a"},"breadcrumb":{"@id":"https:\/\/crusoe.audiencelabs.com.br\/como-autonomos-e-meis-devem-declarar-o-imposto-de-renda-em-2025\/#breadcrumb"},"inLanguage":"pt-BR","potentialAction":[{"@type":"ReadAction","target":["https:\/\/crusoe.audiencelabs.com.br\/como-autonomos-e-meis-devem-declarar-o-imposto-de-renda-em-2025\/"]}]},{"@type":"ImageObject","inLanguage":"pt-BR","@id":"https:\/\/crusoe.audiencelabs.com.br\/como-autonomos-e-meis-devem-declarar-o-imposto-de-renda-em-2025\/#primaryimage","url":"https:\/\/cdn.crusoe.com.br\/uploads\/2025\/05\/WhatsApp-Image-2025-05-30-at-11.20.55.jpeg","contentUrl":"https:\/\/cdn.crusoe.com.br\/uploads\/2025\/05\/WhatsApp-Image-2025-05-30-at-11.20.55.jpeg","width":1600,"height":1066},{"@type":"BreadcrumbList","@id":"https:\/\/crusoe.audiencelabs.com.br\/como-autonomos-e-meis-devem-declarar-o-imposto-de-renda-em-2025\/#breadcrumb","itemListElement":[{"@type":"ListItem","position":1,"name":"Home","item":"https:\/\/crusoe.audiencelabs.com.br\/"},{"@type":"ListItem","position":2,"name":"Como aut\u00f4nomos e MEIs devem declarar o Imposto de Renda em 2025"}]},{"@type":"WebSite","@id":"https:\/\/crusoe.audiencelabs.com.br\/#website","url":"https:\/\/crusoe.audiencelabs.com.br\/","name":"Variedades - Cruso\u00e9","description":"","potentialAction":[{"@type":"SearchAction","target":{"@type":"EntryPoint","urlTemplate":"https:\/\/crusoe.audiencelabs.com.br\/?s={search_term_string}"},"query-input":{"@type":"PropertyValueSpecification","valueRequired":true,"valueName":"search_term_string"}}],"inLanguage":"pt-BR"},{"@type":"Person","@id":"https:\/\/crusoe.audiencelabs.com.br\/#\/schema\/person\/b2494d013cd11aa1c655f0408d00161a","name":"Gabriela Giordani","image":{"@type":"ImageObject","inLanguage":"pt-BR","@id":"https:\/\/crusoe.audiencelabs.com.br\/#\/schema\/person\/image\/","url":"https:\/\/secure.gravatar.com\/avatar\/9670c7f79ae9e94c7f6c40d36771164b2c1f55a636bc061973651a1b686ce80b?s=96&d=mm&r=g","contentUrl":"https:\/\/secure.gravatar.com\/avatar\/9670c7f79ae9e94c7f6c40d36771164b2c1f55a636bc061973651a1b686ce80b?s=96&d=mm&r=g","caption":"Gabriela Giordani"},"description":"Jornalista pela Unesp de Bauru.","url":"https:\/\/crusoe.audiencelabs.com.br\/author\/gabriela\/"}]}},"_links":{"self":[{"href":"https:\/\/crusoe.audiencelabs.com.br\/wp-json\/wp\/v2\/posts\/1400","targetHints":{"allow":["GET"]}}],"collection":[{"href":"https:\/\/crusoe.audiencelabs.com.br\/wp-json\/wp\/v2\/posts"}],"about":[{"href":"https:\/\/crusoe.audiencelabs.com.br\/wp-json\/wp\/v2\/types\/post"}],"author":[{"embeddable":true,"href":"https:\/\/crusoe.audiencelabs.com.br\/wp-json\/wp\/v2\/users\/4"}],"replies":[{"embeddable":true,"href":"https:\/\/crusoe.audiencelabs.com.br\/wp-json\/wp\/v2\/comments?post=1400"}],"version-history":[{"count":1,"href":"https:\/\/crusoe.audiencelabs.com.br\/wp-json\/wp\/v2\/posts\/1400\/revisions"}],"predecessor-version":[{"id":1402,"href":"https:\/\/crusoe.audiencelabs.com.br\/wp-json\/wp\/v2\/posts\/1400\/revisions\/1402"}],"wp:featuredmedia":[{"embeddable":true,"href":"https:\/\/crusoe.audiencelabs.com.br\/wp-json\/wp\/v2\/media\/1401"}],"wp:attachment":[{"href":"https:\/\/crusoe.audiencelabs.com.br\/wp-json\/wp\/v2\/media?parent=1400"}],"wp:term":[{"taxonomy":"category","embeddable":true,"href":"https:\/\/crusoe.audiencelabs.com.br\/wp-json\/wp\/v2\/categories?post=1400"},{"taxonomy":"post_tag","embeddable":true,"href":"https:\/\/crusoe.audiencelabs.com.br\/wp-json\/wp\/v2\/tags?post=1400"}],"curies":[{"name":"wp","href":"https:\/\/api.w.org\/{rel}","templated":true}]}}