{"id":13668,"date":"2025-09-03T22:00:00","date_gmt":"2025-09-04T01:00:00","guid":{"rendered":"https:\/\/crusoe.com.br\/variedades\/?p=13668"},"modified":"2025-09-03T18:02:34","modified_gmt":"2025-09-03T21:02:34","slug":"alerta-maximo-contas-bancarias-de-brasileiros-podem-ser-bloqueadas-por-medida-inedita-do-governo","status":"publish","type":"post","link":"https:\/\/crusoe.audiencelabs.com.br\/alerta-maximo-contas-bancarias-de-brasileiros-podem-ser-bloqueadas-por-medida-inedita-do-governo\/","title":{"rendered":"Alerta m\u00e1ximo: contas banc\u00e1rias de brasileiros podem ser bloqueadas por medida in\u00e9dita do governo"},"content":{"rendered":"\n<p>Na Argentina, e com determina\u00e7\u00e3o da Ag\u00eancia de Arrecada\u00e7\u00e3o e Controle Aduaneiro (ARCA), contas banc\u00e1rias podem ser bloqueadas.<\/p>\n\n\n\n<p>Para brasileiros que contam com meios financeiros no pa\u00eds, eles devem tamb\u00e9m se enquadrar nas regras impostas.<\/p>\n\n\n\n<p>Com isso, cart\u00f5es de cr\u00e9dito est\u00e3o inclusos, assim como carteiras digitais, sejam de indiv\u00edduos ou de empresas.<\/p>\n\n\n\n<h2 class=\"wp-block-heading\"><strong>O impacto no setor financeiro<\/strong><\/h2>\n\n\n\n<p>Caso seja notada alguma irregularidade nas contas banc\u00e1rias, a medida deve atingir n\u00e3o s\u00f3 os argentinos, mas tamb\u00e9m outros estrangeiros, sendo assim, aqueles que t\u00eam meios banc\u00e1rios na Argentina. O prop\u00f3sito dessa implementa\u00e7\u00e3o \u00e9 evitar fraudes, especialmente tribut\u00e1rias, al\u00e9m de fiscalizar movimentos estranhos e at\u00e9 inadimpl\u00eancia.<\/p>\n\n\n\n<p>Por uma esp\u00e9cie de lista, esta \u00e9 sobre aqueles que n\u00e3o s\u00e3o confi\u00e1veis, incluindo n\u00e3o s\u00f3 pessoas f\u00edsicas, mas tamb\u00e9m jur\u00eddicas. Al\u00e9m disso, o envolvimento contar\u00e1 com declara\u00e7\u00f5es fiscais, que precisam estar de acordo com os movimentos econ\u00f4micos.<\/p>\n\n\n\n<p>Para evitar que contas banc\u00e1rias sejam bloqueadas, argentinos, brasileiros e outros que t\u00eam conta no pa\u00eds n\u00e3o podem ter ac\u00famulo de quest\u00f5es tribut\u00e1rias. Al\u00e9m disso, todas as transa\u00e7\u00f5es precisam ter uma justifica\u00e7\u00e3o legal. A presen\u00e7a na lista dar\u00e1 a possibilidade de que as pessoas saibam o que levou \u00e0 suspens\u00e3o. Com isso, tamb\u00e9m ser\u00e1 fundamental regularizar-se junto \u00e0 ARCA.<\/p>\n\n\n\n<p>Se algu\u00e9m for bloqueado, n\u00e3o poder\u00e1 usar cart\u00f5es nem fazer movimenta\u00e7\u00f5es nas contas banc\u00e1rias, levando at\u00e9 mesmo ao bloqueio do saldo daquelas que est\u00e3o no modelo digital. Afetando operadoras que atuam com pagamentos, estas devem barrar qualquer transfer\u00eancia que seja determinada como irregular.<\/p>\n\n\n\n<p>Com o Banco Central da Rep\u00fablica Argentina, a ARCA determinou a rigidez para considerar aqueles que estar\u00e3o na lista. Por isso, brasileiros n\u00e3o ficar\u00e3o de fora, sendo eles os que t\u00eam contas banc\u00e1rias no pa\u00eds. A sugest\u00e3o \u00e9 que, como uma pessoa investidora, que comercializa no territ\u00f3rio ou tem resid\u00eancia gradual, confira tudo aquilo que est\u00e1 direcionado quanto \u00e0s declara\u00e7\u00f5es para as autoridades.<\/p>\n","protected":false},"excerpt":{"rendered":"<p>\u00c9 preciso se regularizar junto \u00e0 ARCA, n\u00e3o s\u00f3 argentinos, mas tamb\u00e9m brasileiros e outros estrangeiros. <\/p>\n","protected":false},"author":8,"featured_media":13677,"comment_status":"open","ping_status":"open","sticky":false,"template":"","format":"standard","meta":{"jnews-multi-image_gallery":[],"jnews_single_post":{"format":"standard"},"jnews_primary_category":[],"jnews_override_counter":[],"jnews_post_split":[],"footnotes":""},"categories":[1],"tags":[],"class_list":["post-13668","post","type-post","status-publish","format-standard","has-post-thumbnail","hentry","category-geral"],"yoast_head":"<!-- This site is optimized with the Yoast SEO plugin v25.0 - https:\/\/yoast.com\/wordpress\/plugins\/seo\/ -->\n<title>Alerta m\u00e1ximo: contas banc\u00e1rias de brasileiros podem ser bloqueadas por medida in\u00e9dita do governo<\/title>\n<meta name=\"robots\" content=\"index, follow, max-snippet:-1, max-image-preview:large, max-video-preview:-1\" \/>\n<link rel=\"canonical\" href=\"https:\/\/crusoe.audiencelabs.com.br\/alerta-maximo-contas-bancarias-de-brasileiros-podem-ser-bloqueadas-por-medida-inedita-do-governo\/\" \/>\n<meta property=\"og:locale\" content=\"pt_BR\" \/>\n<meta property=\"og:type\" content=\"article\" \/>\n<meta property=\"og:title\" content=\"Alerta m\u00e1ximo: contas banc\u00e1rias de brasileiros podem ser bloqueadas por medida in\u00e9dita do governo\" \/>\n<meta property=\"og:description\" content=\"\u00c9 preciso se regularizar junto \u00e0 ARCA, n\u00e3o s\u00f3 argentinos, mas tamb\u00e9m brasileiros e outros estrangeiros.\" \/>\n<meta property=\"og:url\" content=\"https:\/\/crusoe.audiencelabs.com.br\/alerta-maximo-contas-bancarias-de-brasileiros-podem-ser-bloqueadas-por-medida-inedita-do-governo\/\" \/>\n<meta property=\"og:site_name\" content=\"Variedades - Cruso\u00e9\" \/>\n<meta property=\"article:published_time\" content=\"2025-09-04T01:00:00+00:00\" \/>\n<meta property=\"og:image\" content=\"https:\/\/cdn.crusoe.com.br\/uploads\/2025\/09\/Alerta-maximo-contas-bancarias.webp\" \/>\n\t<meta property=\"og:image:width\" content=\"1170\" \/>\n\t<meta property=\"og:image:height\" content=\"700\" \/>\n\t<meta property=\"og:image:type\" content=\"image\/webp\" \/>\n<meta name=\"author\" content=\"Gabriela Santos\" \/>\n<meta name=\"twitter:card\" content=\"summary_large_image\" \/>\n<meta name=\"twitter:label1\" content=\"Escrito por\" \/>\n\t<meta name=\"twitter:data1\" content=\"Gabriela Santos\" \/>\n\t<meta name=\"twitter:label2\" content=\"Est. tempo de leitura\" \/>\n\t<meta name=\"twitter:data2\" content=\"2 minutos\" \/>\n<script type=\"application\/ld+json\" class=\"yoast-schema-graph\">{\"@context\":\"https:\/\/schema.org\",\"@graph\":[{\"@type\":\"WebPage\",\"@id\":\"https:\/\/crusoe.audiencelabs.com.br\/alerta-maximo-contas-bancarias-de-brasileiros-podem-ser-bloqueadas-por-medida-inedita-do-governo\/\",\"url\":\"https:\/\/crusoe.audiencelabs.com.br\/alerta-maximo-contas-bancarias-de-brasileiros-podem-ser-bloqueadas-por-medida-inedita-do-governo\/\",\"name\":\"Alerta m\u00e1ximo: contas banc\u00e1rias de brasileiros podem ser bloqueadas por medida in\u00e9dita do governo\",\"isPartOf\":{\"@id\":\"https:\/\/crusoe.audiencelabs.com.br\/#website\"},\"primaryImageOfPage\":{\"@id\":\"https:\/\/crusoe.audiencelabs.com.br\/alerta-maximo-contas-bancarias-de-brasileiros-podem-ser-bloqueadas-por-medida-inedita-do-governo\/#primaryimage\"},\"image\":{\"@id\":\"https:\/\/crusoe.audiencelabs.com.br\/alerta-maximo-contas-bancarias-de-brasileiros-podem-ser-bloqueadas-por-medida-inedita-do-governo\/#primaryimage\"},\"thumbnailUrl\":\"https:\/\/cdn.crusoe.com.br\/uploads\/2025\/09\/Alerta-maximo-contas-bancarias.webp\",\"datePublished\":\"2025-09-04T01:00:00+00:00\",\"author\":{\"@id\":\"https:\/\/crusoe.audiencelabs.com.br\/#\/schema\/person\/be66e7e59ad3bc2a7c0833132c5c8c00\"},\"breadcrumb\":{\"@id\":\"https:\/\/crusoe.audiencelabs.com.br\/alerta-maximo-contas-bancarias-de-brasileiros-podem-ser-bloqueadas-por-medida-inedita-do-governo\/#breadcrumb\"},\"inLanguage\":\"pt-BR\",\"potentialAction\":[{\"@type\":\"ReadAction\",\"target\":[\"https:\/\/crusoe.audiencelabs.com.br\/alerta-maximo-contas-bancarias-de-brasileiros-podem-ser-bloqueadas-por-medida-inedita-do-governo\/\"]}]},{\"@type\":\"ImageObject\",\"inLanguage\":\"pt-BR\",\"@id\":\"https:\/\/crusoe.audiencelabs.com.br\/alerta-maximo-contas-bancarias-de-brasileiros-podem-ser-bloqueadas-por-medida-inedita-do-governo\/#primaryimage\",\"url\":\"https:\/\/cdn.crusoe.com.br\/uploads\/2025\/09\/Alerta-maximo-contas-bancarias.webp\",\"contentUrl\":\"https:\/\/cdn.crusoe.com.br\/uploads\/2025\/09\/Alerta-maximo-contas-bancarias.webp\",\"width\":1170,\"height\":700,\"caption\":\"Reprodu\u00e7\u00e3o: Ag\u00eancia Brasil (Jos\u00e9 Cruz)\"},{\"@type\":\"BreadcrumbList\",\"@id\":\"https:\/\/crusoe.audiencelabs.com.br\/alerta-maximo-contas-bancarias-de-brasileiros-podem-ser-bloqueadas-por-medida-inedita-do-governo\/#breadcrumb\",\"itemListElement\":[{\"@type\":\"ListItem\",\"position\":1,\"name\":\"Home\",\"item\":\"https:\/\/crusoe.audiencelabs.com.br\/\"},{\"@type\":\"ListItem\",\"position\":2,\"name\":\"Alerta m\u00e1ximo: contas banc\u00e1rias de brasileiros podem ser bloqueadas por medida in\u00e9dita do governo\"}]},{\"@type\":\"WebSite\",\"@id\":\"https:\/\/crusoe.audiencelabs.com.br\/#website\",\"url\":\"https:\/\/crusoe.audiencelabs.com.br\/\",\"name\":\"Variedades - Cruso\u00e9\",\"description\":\"\",\"potentialAction\":[{\"@type\":\"SearchAction\",\"target\":{\"@type\":\"EntryPoint\",\"urlTemplate\":\"https:\/\/crusoe.audiencelabs.com.br\/?s={search_term_string}\"},\"query-input\":{\"@type\":\"PropertyValueSpecification\",\"valueRequired\":true,\"valueName\":\"search_term_string\"}}],\"inLanguage\":\"pt-BR\"},{\"@type\":\"Person\",\"@id\":\"https:\/\/crusoe.audiencelabs.com.br\/#\/schema\/person\/be66e7e59ad3bc2a7c0833132c5c8c00\",\"name\":\"Gabriela Santos\",\"image\":{\"@type\":\"ImageObject\",\"inLanguage\":\"pt-BR\",\"@id\":\"https:\/\/crusoe.audiencelabs.com.br\/#\/schema\/person\/image\/\",\"url\":\"https:\/\/secure.gravatar.com\/avatar\/d58b244b5f316c2ae218c4fd7fd0fdf0fbcf215931ac50c70906d65db85b6002?s=96&d=mm&r=g\",\"contentUrl\":\"https:\/\/secure.gravatar.com\/avatar\/d58b244b5f316c2ae218c4fd7fd0fdf0fbcf215931ac50c70906d65db85b6002?s=96&d=mm&r=g\",\"caption\":\"Gabriela Santos\"},\"description\":\"Jornalista que atua com a produ\u00e7\u00e3o de conte\u00fado em temas diversos, aproximando o leitor por meio de informa\u00e7\u00f5es que refletem o cotidiano.\",\"url\":\"https:\/\/crusoe.audiencelabs.com.br\/author\/gabrielasantos\/\"}]}<\/script>\n<!-- \/ Yoast SEO plugin. -->","yoast_head_json":{"title":"Alerta m\u00e1ximo: contas banc\u00e1rias de brasileiros podem ser bloqueadas por medida in\u00e9dita do governo","robots":{"index":"index","follow":"follow","max-snippet":"max-snippet:-1","max-image-preview":"max-image-preview:large","max-video-preview":"max-video-preview:-1"},"canonical":"https:\/\/crusoe.audiencelabs.com.br\/alerta-maximo-contas-bancarias-de-brasileiros-podem-ser-bloqueadas-por-medida-inedita-do-governo\/","og_locale":"pt_BR","og_type":"article","og_title":"Alerta m\u00e1ximo: contas banc\u00e1rias de brasileiros podem ser bloqueadas por medida in\u00e9dita do governo","og_description":"\u00c9 preciso se regularizar junto \u00e0 ARCA, n\u00e3o s\u00f3 argentinos, mas tamb\u00e9m brasileiros e outros estrangeiros.","og_url":"https:\/\/crusoe.audiencelabs.com.br\/alerta-maximo-contas-bancarias-de-brasileiros-podem-ser-bloqueadas-por-medida-inedita-do-governo\/","og_site_name":"Variedades - Cruso\u00e9","article_published_time":"2025-09-04T01:00:00+00:00","og_image":[{"width":1170,"height":700,"url":"https:\/\/cdn.crusoe.com.br\/uploads\/2025\/09\/Alerta-maximo-contas-bancarias.webp","type":"image\/webp"}],"author":"Gabriela Santos","twitter_card":"summary_large_image","twitter_misc":{"Escrito por":"Gabriela Santos","Est. tempo de leitura":"2 minutos"},"schema":{"@context":"https:\/\/schema.org","@graph":[{"@type":"WebPage","@id":"https:\/\/crusoe.audiencelabs.com.br\/alerta-maximo-contas-bancarias-de-brasileiros-podem-ser-bloqueadas-por-medida-inedita-do-governo\/","url":"https:\/\/crusoe.audiencelabs.com.br\/alerta-maximo-contas-bancarias-de-brasileiros-podem-ser-bloqueadas-por-medida-inedita-do-governo\/","name":"Alerta m\u00e1ximo: contas banc\u00e1rias de brasileiros podem ser bloqueadas por medida in\u00e9dita do governo","isPartOf":{"@id":"https:\/\/crusoe.audiencelabs.com.br\/#website"},"primaryImageOfPage":{"@id":"https:\/\/crusoe.audiencelabs.com.br\/alerta-maximo-contas-bancarias-de-brasileiros-podem-ser-bloqueadas-por-medida-inedita-do-governo\/#primaryimage"},"image":{"@id":"https:\/\/crusoe.audiencelabs.com.br\/alerta-maximo-contas-bancarias-de-brasileiros-podem-ser-bloqueadas-por-medida-inedita-do-governo\/#primaryimage"},"thumbnailUrl":"https:\/\/cdn.crusoe.com.br\/uploads\/2025\/09\/Alerta-maximo-contas-bancarias.webp","datePublished":"2025-09-04T01:00:00+00:00","author":{"@id":"https:\/\/crusoe.audiencelabs.com.br\/#\/schema\/person\/be66e7e59ad3bc2a7c0833132c5c8c00"},"breadcrumb":{"@id":"https:\/\/crusoe.audiencelabs.com.br\/alerta-maximo-contas-bancarias-de-brasileiros-podem-ser-bloqueadas-por-medida-inedita-do-governo\/#breadcrumb"},"inLanguage":"pt-BR","potentialAction":[{"@type":"ReadAction","target":["https:\/\/crusoe.audiencelabs.com.br\/alerta-maximo-contas-bancarias-de-brasileiros-podem-ser-bloqueadas-por-medida-inedita-do-governo\/"]}]},{"@type":"ImageObject","inLanguage":"pt-BR","@id":"https:\/\/crusoe.audiencelabs.com.br\/alerta-maximo-contas-bancarias-de-brasileiros-podem-ser-bloqueadas-por-medida-inedita-do-governo\/#primaryimage","url":"https:\/\/cdn.crusoe.com.br\/uploads\/2025\/09\/Alerta-maximo-contas-bancarias.webp","contentUrl":"https:\/\/cdn.crusoe.com.br\/uploads\/2025\/09\/Alerta-maximo-contas-bancarias.webp","width":1170,"height":700,"caption":"Reprodu\u00e7\u00e3o: Ag\u00eancia Brasil (Jos\u00e9 Cruz)"},{"@type":"BreadcrumbList","@id":"https:\/\/crusoe.audiencelabs.com.br\/alerta-maximo-contas-bancarias-de-brasileiros-podem-ser-bloqueadas-por-medida-inedita-do-governo\/#breadcrumb","itemListElement":[{"@type":"ListItem","position":1,"name":"Home","item":"https:\/\/crusoe.audiencelabs.com.br\/"},{"@type":"ListItem","position":2,"name":"Alerta m\u00e1ximo: contas banc\u00e1rias de brasileiros podem ser bloqueadas por medida in\u00e9dita do governo"}]},{"@type":"WebSite","@id":"https:\/\/crusoe.audiencelabs.com.br\/#website","url":"https:\/\/crusoe.audiencelabs.com.br\/","name":"Variedades - Cruso\u00e9","description":"","potentialAction":[{"@type":"SearchAction","target":{"@type":"EntryPoint","urlTemplate":"https:\/\/crusoe.audiencelabs.com.br\/?s={search_term_string}"},"query-input":{"@type":"PropertyValueSpecification","valueRequired":true,"valueName":"search_term_string"}}],"inLanguage":"pt-BR"},{"@type":"Person","@id":"https:\/\/crusoe.audiencelabs.com.br\/#\/schema\/person\/be66e7e59ad3bc2a7c0833132c5c8c00","name":"Gabriela Santos","image":{"@type":"ImageObject","inLanguage":"pt-BR","@id":"https:\/\/crusoe.audiencelabs.com.br\/#\/schema\/person\/image\/","url":"https:\/\/secure.gravatar.com\/avatar\/d58b244b5f316c2ae218c4fd7fd0fdf0fbcf215931ac50c70906d65db85b6002?s=96&d=mm&r=g","contentUrl":"https:\/\/secure.gravatar.com\/avatar\/d58b244b5f316c2ae218c4fd7fd0fdf0fbcf215931ac50c70906d65db85b6002?s=96&d=mm&r=g","caption":"Gabriela Santos"},"description":"Jornalista que atua com a produ\u00e7\u00e3o de conte\u00fado em temas diversos, aproximando o leitor por meio de informa\u00e7\u00f5es que refletem o cotidiano.","url":"https:\/\/crusoe.audiencelabs.com.br\/author\/gabrielasantos\/"}]}},"_links":{"self":[{"href":"https:\/\/crusoe.audiencelabs.com.br\/wp-json\/wp\/v2\/posts\/13668","targetHints":{"allow":["GET"]}}],"collection":[{"href":"https:\/\/crusoe.audiencelabs.com.br\/wp-json\/wp\/v2\/posts"}],"about":[{"href":"https:\/\/crusoe.audiencelabs.com.br\/wp-json\/wp\/v2\/types\/post"}],"author":[{"embeddable":true,"href":"https:\/\/crusoe.audiencelabs.com.br\/wp-json\/wp\/v2\/users\/8"}],"replies":[{"embeddable":true,"href":"https:\/\/crusoe.audiencelabs.com.br\/wp-json\/wp\/v2\/comments?post=13668"}],"version-history":[{"count":10,"href":"https:\/\/crusoe.audiencelabs.com.br\/wp-json\/wp\/v2\/posts\/13668\/revisions"}],"predecessor-version":[{"id":13679,"href":"https:\/\/crusoe.audiencelabs.com.br\/wp-json\/wp\/v2\/posts\/13668\/revisions\/13679"}],"wp:featuredmedia":[{"embeddable":true,"href":"https:\/\/crusoe.audiencelabs.com.br\/wp-json\/wp\/v2\/media\/13677"}],"wp:attachment":[{"href":"https:\/\/crusoe.audiencelabs.com.br\/wp-json\/wp\/v2\/media?parent=13668"}],"wp:term":[{"taxonomy":"category","embeddable":true,"href":"https:\/\/crusoe.audiencelabs.com.br\/wp-json\/wp\/v2\/categories?post=13668"},{"taxonomy":"post_tag","embeddable":true,"href":"https:\/\/crusoe.audiencelabs.com.br\/wp-json\/wp\/v2\/tags?post=13668"}],"curies":[{"name":"wp","href":"https:\/\/api.w.org\/{rel}","templated":true}]}}