{"id":13484,"date":"2025-09-03T21:30:00","date_gmt":"2025-09-04T00:30:00","guid":{"rendered":"https:\/\/crusoe.com.br\/variedades\/?p=13484"},"modified":"2025-09-02T21:09:48","modified_gmt":"2025-09-03T00:09:48","slug":"nao-e-o-ar-condicionado-o-eletrodomestico-que-obrigatoriamente-deve-ser-desligado-da-tomada-para-economizar-energia","status":"publish","type":"post","link":"https:\/\/crusoe.audiencelabs.com.br\/nao-e-o-ar-condicionado-o-eletrodomestico-que-obrigatoriamente-deve-ser-desligado-da-tomada-para-economizar-energia\/","title":{"rendered":"N\u00e3o \u00e9 o ar-condicionado: o eletrodom\u00e9stico que obrigatoriamente deve ser desligado da tomada para economizar energia"},"content":{"rendered":"\n<p>Engana-se quem pensa que o ar-condicionado \u00e9 o maior culpado pela conta de energia alta. Talvez poucos saibam, <strong>mas eletroeletr\u00f4nicos conectados \u00e0 tomada podem ter um impacto significativo na conta<\/strong>, mesmo quando n\u00e3o est\u00e3o em uso, mas conectados na tomada.&nbsp;<\/p>\n\n\n\n<p>Este fen\u00f4meno, chamado <strong>consumo fantasma<\/strong>, ocorre quando dispositivos em standby continuam consumindo energia. Em muitos lares brasileiros, esse consumo pode representar at\u00e9<strong> 12% da conta de energia<\/strong>, segundo estudos e especialistas.<\/p>\n\n\n\n<h2 class=\"wp-block-heading\">Custos ocultos do consumo fantasma&nbsp;<\/h2>\n\n\n\n<p>Muitos lares enfrentam um aumento inesperado nas contas de energia, causado, em parte, por aparelhos deixados em standby. Esses dispositivos absorvem energia continuamente, mesmo quando n\u00e3o est\u00e3o em uso.&nbsp;<\/p>\n\n\n\n<p>Este comportamento, somado a fatores como tarifas elevadas, resulta em despesas mensais crescentes. Desconectar dispositivos quando n\u00e3o utilizados \u00e9 uma solu\u00e7\u00e3o simples e eficaz para reduzir esse consumo invis\u00edvel, promovendo economia financeira e redu\u00e7\u00e3o do impacto ambiental.<\/p>\n\n\n\n<h2 class=\"wp-block-heading\">Principais vil\u00f5es da conta de energia&nbsp;<\/h2>\n\n\n\n<p>O consumo de energia em standby afeta principalmente aparelhos de uso di\u00e1rio. Entre os principais vil\u00f5es est\u00e3o:<\/p>\n\n\n\n<ul class=\"wp-block-list\">\n<li><strong>Micro-ondas:<\/strong> Aparelhos que permanecem conectados com visores digitais funcionando.<\/li>\n\n\n\n<li><strong>Televisores e consoles de videogame: <\/strong>Consomem energia at\u00e9 mesmo quando desligados pelo controle remoto.<\/li>\n\n\n\n<li><strong>Lava-lou\u00e7as e m\u00e1quinas de lavar roupas: <\/strong>Ficam em modo de espera para uso imediato.<\/li>\n\n\n\n<li><strong>Fog\u00f5es el\u00e9tricos e cafeteiras:<\/strong> Continuam a gastar energia mesmo desligados.<\/li>\n<\/ul>\n\n\n\n<p>Desconectar esses aparelhos ap\u00f3s o uso pode ajudar a reduzir significativamente a conta de energia, principalmente se a pr\u00e1tica for habitual.<\/p>\n\n\n\n<h2 class=\"wp-block-heading\">Dicas pr\u00e1ticas para economizar energia<\/h2>\n\n\n\n<p>Para amenizar os efeitos do standby, confira algumas estrat\u00e9gias simples:<\/p>\n\n\n\n<ul class=\"wp-block-list\">\n<li><strong>Desconecte dispositivos desnecess\u00e1rios:<\/strong> Retire aparelhos como televisores e carregadores da tomada quando n\u00e3o usados.<\/li>\n\n\n\n<li><strong>Use r\u00e9guas de energia com interruptores:<\/strong> Isso permite desligar v\u00e1rios aparelhos de uma vez.<\/li>\n\n\n\n<li><strong>Evite standby durante a noite: <\/strong>Desligar aparelhos antes de dormir evita o desperd\u00edcio de energia.<\/li>\n<\/ul>\n\n\n\n<h2 class=\"wp-block-heading\">Economia a longo prazo<\/h2>\n\n\n\n<p>Adotar essas pr\u00e1ticas n\u00e3o s\u00f3 alivia as despesas, mas tamb\u00e9m promove a sustentabilidade dom\u00e9stica. Com o tempo, essas economias ajudam a equilibrar o or\u00e7amento familiar e podem ser associadas a solu\u00e7\u00f5es energ\u00e9ticas renov\u00e1veis, como a energia solar.<\/p>\n\n\n\n<p>\u00c9 essencial conscientizar-se sobre o impacto do standby no consumo de energia para iniciar um estilo de vida mais sustent\u00e1vel e financeiramente equilibrado.&nbsp;<\/p>\n\n\n\n<p>A conscientiza\u00e7\u00e3o e pequenas mudan\u00e7as s\u00e3o passos fundamentais para controlar e planejar melhor o consumo de energia dom\u00e9stica, contribuindo para uma conta de energia mais barata.<\/p>\n","protected":false},"excerpt":{"rendered":"<p>Engana-se quem pensa que o ar-condicionado \u00e9 o maior culpado pela conta de energia alta. Talvez poucos saibam, mas eletroeletr\u00f4nicos conectados \u00e0 tomada podem ter um impacto significativo na conta, mesmo quando n\u00e3o est\u00e3o em uso, mas conectados na tomada.&nbsp; Este fen\u00f4meno, chamado consumo fantasma, ocorre quando dispositivos em standby continuam consumindo energia. Em muitos [&hellip;]<\/p>\n","protected":false},"author":5,"featured_media":13485,"comment_status":"open","ping_status":"open","sticky":false,"template":"","format":"standard","meta":{"jnews-multi-image_gallery":[],"jnews_single_post":{"format":"standard"},"jnews_primary_category":[],"jnews_override_counter":[],"jnews_post_split":[],"footnotes":""},"categories":[1],"tags":[2332,2331,288,780],"class_list":["post-13484","post","type-post","status-publish","format-standard","has-post-thumbnail","hentry","category-geral","tag-consumo-fantasma","tag-conta-de-energia","tag-dicas","tag-economizar"],"yoast_head":"<!-- This site is optimized with the Yoast SEO plugin v25.0 - https:\/\/yoast.com\/wordpress\/plugins\/seo\/ -->\n<title>N\u00e3o \u00e9 o ar-condicionado: o eletrodom\u00e9stico que obrigatoriamente deve ser desligado da tomada para economizar energia<\/title>\n<meta name=\"robots\" content=\"index, follow, max-snippet:-1, max-image-preview:large, max-video-preview:-1\" \/>\n<link rel=\"canonical\" href=\"https:\/\/crusoe.audiencelabs.com.br\/nao-e-o-ar-condicionado-o-eletrodomestico-que-obrigatoriamente-deve-ser-desligado-da-tomada-para-economizar-energia\/\" \/>\n<meta property=\"og:locale\" content=\"pt_BR\" \/>\n<meta property=\"og:type\" content=\"article\" \/>\n<meta property=\"og:title\" content=\"N\u00e3o \u00e9 o ar-condicionado: o eletrodom\u00e9stico que obrigatoriamente deve ser desligado da tomada para economizar energia\" \/>\n<meta property=\"og:description\" content=\"Engana-se quem pensa que o ar-condicionado \u00e9 o maior culpado pela conta de energia alta. Talvez poucos saibam, mas eletroeletr\u00f4nicos conectados \u00e0 tomada podem ter um impacto significativo na conta, mesmo quando n\u00e3o est\u00e3o em uso, mas conectados na tomada.&nbsp; Este fen\u00f4meno, chamado consumo fantasma, ocorre quando dispositivos em standby continuam consumindo energia. Em muitos [&hellip;]\" \/>\n<meta property=\"og:url\" content=\"https:\/\/crusoe.audiencelabs.com.br\/nao-e-o-ar-condicionado-o-eletrodomestico-que-obrigatoriamente-deve-ser-desligado-da-tomada-para-economizar-energia\/\" \/>\n<meta property=\"og:site_name\" content=\"Variedades - Cruso\u00e9\" \/>\n<meta property=\"article:published_time\" content=\"2025-09-04T00:30:00+00:00\" \/>\n<meta property=\"og:image\" content=\"https:\/\/cdn.crusoe.com.br\/uploads\/2025\/09\/pexels-markusspiske-218445-scaled.jpg\" \/>\n\t<meta property=\"og:image:width\" content=\"2560\" \/>\n\t<meta property=\"og:image:height\" content=\"1707\" \/>\n\t<meta property=\"og:image:type\" content=\"image\/jpeg\" \/>\n<meta name=\"author\" content=\"Milena Armando\" \/>\n<meta name=\"twitter:card\" content=\"summary_large_image\" \/>\n<meta name=\"twitter:label1\" content=\"Escrito por\" \/>\n\t<meta name=\"twitter:data1\" content=\"Milena Armando\" \/>\n\t<meta name=\"twitter:label2\" content=\"Est. tempo de leitura\" \/>\n\t<meta name=\"twitter:data2\" content=\"3 minutos\" \/>\n<script type=\"application\/ld+json\" class=\"yoast-schema-graph\">{\"@context\":\"https:\/\/schema.org\",\"@graph\":[{\"@type\":\"WebPage\",\"@id\":\"https:\/\/crusoe.audiencelabs.com.br\/nao-e-o-ar-condicionado-o-eletrodomestico-que-obrigatoriamente-deve-ser-desligado-da-tomada-para-economizar-energia\/\",\"url\":\"https:\/\/crusoe.audiencelabs.com.br\/nao-e-o-ar-condicionado-o-eletrodomestico-que-obrigatoriamente-deve-ser-desligado-da-tomada-para-economizar-energia\/\",\"name\":\"N\u00e3o \u00e9 o ar-condicionado: o eletrodom\u00e9stico que obrigatoriamente deve ser desligado da tomada para economizar energia\",\"isPartOf\":{\"@id\":\"https:\/\/crusoe.audiencelabs.com.br\/#website\"},\"primaryImageOfPage\":{\"@id\":\"https:\/\/crusoe.audiencelabs.com.br\/nao-e-o-ar-condicionado-o-eletrodomestico-que-obrigatoriamente-deve-ser-desligado-da-tomada-para-economizar-energia\/#primaryimage\"},\"image\":{\"@id\":\"https:\/\/crusoe.audiencelabs.com.br\/nao-e-o-ar-condicionado-o-eletrodomestico-que-obrigatoriamente-deve-ser-desligado-da-tomada-para-economizar-energia\/#primaryimage\"},\"thumbnailUrl\":\"https:\/\/cdn.crusoe.com.br\/uploads\/2025\/09\/pexels-markusspiske-218445-scaled.jpg\",\"datePublished\":\"2025-09-04T00:30:00+00:00\",\"author\":{\"@id\":\"https:\/\/crusoe.audiencelabs.com.br\/#\/schema\/person\/f87f73cfe89e5360de2c006bd4bd6a74\"},\"breadcrumb\":{\"@id\":\"https:\/\/crusoe.audiencelabs.com.br\/nao-e-o-ar-condicionado-o-eletrodomestico-que-obrigatoriamente-deve-ser-desligado-da-tomada-para-economizar-energia\/#breadcrumb\"},\"inLanguage\":\"pt-BR\",\"potentialAction\":[{\"@type\":\"ReadAction\",\"target\":[\"https:\/\/crusoe.audiencelabs.com.br\/nao-e-o-ar-condicionado-o-eletrodomestico-que-obrigatoriamente-deve-ser-desligado-da-tomada-para-economizar-energia\/\"]}]},{\"@type\":\"ImageObject\",\"inLanguage\":\"pt-BR\",\"@id\":\"https:\/\/crusoe.audiencelabs.com.br\/nao-e-o-ar-condicionado-o-eletrodomestico-que-obrigatoriamente-deve-ser-desligado-da-tomada-para-economizar-energia\/#primaryimage\",\"url\":\"https:\/\/cdn.crusoe.com.br\/uploads\/2025\/09\/pexels-markusspiske-218445-scaled.jpg\",\"contentUrl\":\"https:\/\/cdn.crusoe.com.br\/uploads\/2025\/09\/pexels-markusspiske-218445-scaled.jpg\",\"width\":2560,\"height\":1707,\"caption\":\"Foto: Markus Spiske\/Pexels\"},{\"@type\":\"BreadcrumbList\",\"@id\":\"https:\/\/crusoe.audiencelabs.com.br\/nao-e-o-ar-condicionado-o-eletrodomestico-que-obrigatoriamente-deve-ser-desligado-da-tomada-para-economizar-energia\/#breadcrumb\",\"itemListElement\":[{\"@type\":\"ListItem\",\"position\":1,\"name\":\"Home\",\"item\":\"https:\/\/crusoe.audiencelabs.com.br\/\"},{\"@type\":\"ListItem\",\"position\":2,\"name\":\"N\u00e3o \u00e9 o ar-condicionado: o eletrodom\u00e9stico que obrigatoriamente deve ser desligado da tomada para economizar energia\"}]},{\"@type\":\"WebSite\",\"@id\":\"https:\/\/crusoe.audiencelabs.com.br\/#website\",\"url\":\"https:\/\/crusoe.audiencelabs.com.br\/\",\"name\":\"Variedades - Cruso\u00e9\",\"description\":\"\",\"potentialAction\":[{\"@type\":\"SearchAction\",\"target\":{\"@type\":\"EntryPoint\",\"urlTemplate\":\"https:\/\/crusoe.audiencelabs.com.br\/?s={search_term_string}\"},\"query-input\":{\"@type\":\"PropertyValueSpecification\",\"valueRequired\":true,\"valueName\":\"search_term_string\"}}],\"inLanguage\":\"pt-BR\"},{\"@type\":\"Person\",\"@id\":\"https:\/\/crusoe.audiencelabs.com.br\/#\/schema\/person\/f87f73cfe89e5360de2c006bd4bd6a74\",\"name\":\"Milena Armando\",\"image\":{\"@type\":\"ImageObject\",\"inLanguage\":\"pt-BR\",\"@id\":\"https:\/\/crusoe.audiencelabs.com.br\/#\/schema\/person\/image\/\",\"url\":\"https:\/\/secure.gravatar.com\/avatar\/ea14ecddc9e9d202b698b18f9f69e09c9fd74cfbed5c6008d55f11faefdbdab7?s=96&d=mm&r=g\",\"contentUrl\":\"https:\/\/secure.gravatar.com\/avatar\/ea14ecddc9e9d202b698b18f9f69e09c9fd74cfbed5c6008d55f11faefdbdab7?s=96&d=mm&r=g\",\"caption\":\"Milena Armando\"},\"description\":\"Jornalista, redatora e revisora.\",\"url\":\"https:\/\/crusoe.audiencelabs.com.br\/author\/milena\/\"}]}<\/script>\n<!-- \/ Yoast SEO plugin. -->","yoast_head_json":{"title":"N\u00e3o \u00e9 o ar-condicionado: o eletrodom\u00e9stico que obrigatoriamente deve ser desligado da tomada para economizar energia","robots":{"index":"index","follow":"follow","max-snippet":"max-snippet:-1","max-image-preview":"max-image-preview:large","max-video-preview":"max-video-preview:-1"},"canonical":"https:\/\/crusoe.audiencelabs.com.br\/nao-e-o-ar-condicionado-o-eletrodomestico-que-obrigatoriamente-deve-ser-desligado-da-tomada-para-economizar-energia\/","og_locale":"pt_BR","og_type":"article","og_title":"N\u00e3o \u00e9 o ar-condicionado: o eletrodom\u00e9stico que obrigatoriamente deve ser desligado da tomada para economizar energia","og_description":"Engana-se quem pensa que o ar-condicionado \u00e9 o maior culpado pela conta de energia alta. Talvez poucos saibam, mas eletroeletr\u00f4nicos conectados \u00e0 tomada podem ter um impacto significativo na conta, mesmo quando n\u00e3o est\u00e3o em uso, mas conectados na tomada.&nbsp; Este fen\u00f4meno, chamado consumo fantasma, ocorre quando dispositivos em standby continuam consumindo energia. Em muitos [&hellip;]","og_url":"https:\/\/crusoe.audiencelabs.com.br\/nao-e-o-ar-condicionado-o-eletrodomestico-que-obrigatoriamente-deve-ser-desligado-da-tomada-para-economizar-energia\/","og_site_name":"Variedades - Cruso\u00e9","article_published_time":"2025-09-04T00:30:00+00:00","og_image":[{"width":2560,"height":1707,"url":"https:\/\/cdn.crusoe.com.br\/uploads\/2025\/09\/pexels-markusspiske-218445-scaled.jpg","type":"image\/jpeg"}],"author":"Milena Armando","twitter_card":"summary_large_image","twitter_misc":{"Escrito por":"Milena Armando","Est. tempo de leitura":"3 minutos"},"schema":{"@context":"https:\/\/schema.org","@graph":[{"@type":"WebPage","@id":"https:\/\/crusoe.audiencelabs.com.br\/nao-e-o-ar-condicionado-o-eletrodomestico-que-obrigatoriamente-deve-ser-desligado-da-tomada-para-economizar-energia\/","url":"https:\/\/crusoe.audiencelabs.com.br\/nao-e-o-ar-condicionado-o-eletrodomestico-que-obrigatoriamente-deve-ser-desligado-da-tomada-para-economizar-energia\/","name":"N\u00e3o \u00e9 o ar-condicionado: o eletrodom\u00e9stico que obrigatoriamente deve ser desligado da tomada para economizar energia","isPartOf":{"@id":"https:\/\/crusoe.audiencelabs.com.br\/#website"},"primaryImageOfPage":{"@id":"https:\/\/crusoe.audiencelabs.com.br\/nao-e-o-ar-condicionado-o-eletrodomestico-que-obrigatoriamente-deve-ser-desligado-da-tomada-para-economizar-energia\/#primaryimage"},"image":{"@id":"https:\/\/crusoe.audiencelabs.com.br\/nao-e-o-ar-condicionado-o-eletrodomestico-que-obrigatoriamente-deve-ser-desligado-da-tomada-para-economizar-energia\/#primaryimage"},"thumbnailUrl":"https:\/\/cdn.crusoe.com.br\/uploads\/2025\/09\/pexels-markusspiske-218445-scaled.jpg","datePublished":"2025-09-04T00:30:00+00:00","author":{"@id":"https:\/\/crusoe.audiencelabs.com.br\/#\/schema\/person\/f87f73cfe89e5360de2c006bd4bd6a74"},"breadcrumb":{"@id":"https:\/\/crusoe.audiencelabs.com.br\/nao-e-o-ar-condicionado-o-eletrodomestico-que-obrigatoriamente-deve-ser-desligado-da-tomada-para-economizar-energia\/#breadcrumb"},"inLanguage":"pt-BR","potentialAction":[{"@type":"ReadAction","target":["https:\/\/crusoe.audiencelabs.com.br\/nao-e-o-ar-condicionado-o-eletrodomestico-que-obrigatoriamente-deve-ser-desligado-da-tomada-para-economizar-energia\/"]}]},{"@type":"ImageObject","inLanguage":"pt-BR","@id":"https:\/\/crusoe.audiencelabs.com.br\/nao-e-o-ar-condicionado-o-eletrodomestico-que-obrigatoriamente-deve-ser-desligado-da-tomada-para-economizar-energia\/#primaryimage","url":"https:\/\/cdn.crusoe.com.br\/uploads\/2025\/09\/pexels-markusspiske-218445-scaled.jpg","contentUrl":"https:\/\/cdn.crusoe.com.br\/uploads\/2025\/09\/pexels-markusspiske-218445-scaled.jpg","width":2560,"height":1707,"caption":"Foto: Markus Spiske\/Pexels"},{"@type":"BreadcrumbList","@id":"https:\/\/crusoe.audiencelabs.com.br\/nao-e-o-ar-condicionado-o-eletrodomestico-que-obrigatoriamente-deve-ser-desligado-da-tomada-para-economizar-energia\/#breadcrumb","itemListElement":[{"@type":"ListItem","position":1,"name":"Home","item":"https:\/\/crusoe.audiencelabs.com.br\/"},{"@type":"ListItem","position":2,"name":"N\u00e3o \u00e9 o ar-condicionado: o eletrodom\u00e9stico que obrigatoriamente deve ser desligado da tomada para economizar energia"}]},{"@type":"WebSite","@id":"https:\/\/crusoe.audiencelabs.com.br\/#website","url":"https:\/\/crusoe.audiencelabs.com.br\/","name":"Variedades - Cruso\u00e9","description":"","potentialAction":[{"@type":"SearchAction","target":{"@type":"EntryPoint","urlTemplate":"https:\/\/crusoe.audiencelabs.com.br\/?s={search_term_string}"},"query-input":{"@type":"PropertyValueSpecification","valueRequired":true,"valueName":"search_term_string"}}],"inLanguage":"pt-BR"},{"@type":"Person","@id":"https:\/\/crusoe.audiencelabs.com.br\/#\/schema\/person\/f87f73cfe89e5360de2c006bd4bd6a74","name":"Milena Armando","image":{"@type":"ImageObject","inLanguage":"pt-BR","@id":"https:\/\/crusoe.audiencelabs.com.br\/#\/schema\/person\/image\/","url":"https:\/\/secure.gravatar.com\/avatar\/ea14ecddc9e9d202b698b18f9f69e09c9fd74cfbed5c6008d55f11faefdbdab7?s=96&d=mm&r=g","contentUrl":"https:\/\/secure.gravatar.com\/avatar\/ea14ecddc9e9d202b698b18f9f69e09c9fd74cfbed5c6008d55f11faefdbdab7?s=96&d=mm&r=g","caption":"Milena Armando"},"description":"Jornalista, redatora e revisora.","url":"https:\/\/crusoe.audiencelabs.com.br\/author\/milena\/"}]}},"_links":{"self":[{"href":"https:\/\/crusoe.audiencelabs.com.br\/wp-json\/wp\/v2\/posts\/13484","targetHints":{"allow":["GET"]}}],"collection":[{"href":"https:\/\/crusoe.audiencelabs.com.br\/wp-json\/wp\/v2\/posts"}],"about":[{"href":"https:\/\/crusoe.audiencelabs.com.br\/wp-json\/wp\/v2\/types\/post"}],"author":[{"embeddable":true,"href":"https:\/\/crusoe.audiencelabs.com.br\/wp-json\/wp\/v2\/users\/5"}],"replies":[{"embeddable":true,"href":"https:\/\/crusoe.audiencelabs.com.br\/wp-json\/wp\/v2\/comments?post=13484"}],"version-history":[{"count":1,"href":"https:\/\/crusoe.audiencelabs.com.br\/wp-json\/wp\/v2\/posts\/13484\/revisions"}],"predecessor-version":[{"id":13487,"href":"https:\/\/crusoe.audiencelabs.com.br\/wp-json\/wp\/v2\/posts\/13484\/revisions\/13487"}],"wp:featuredmedia":[{"embeddable":true,"href":"https:\/\/crusoe.audiencelabs.com.br\/wp-json\/wp\/v2\/media\/13485"}],"wp:attachment":[{"href":"https:\/\/crusoe.audiencelabs.com.br\/wp-json\/wp\/v2\/media?parent=13484"}],"wp:term":[{"taxonomy":"category","embeddable":true,"href":"https:\/\/crusoe.audiencelabs.com.br\/wp-json\/wp\/v2\/categories?post=13484"},{"taxonomy":"post_tag","embeddable":true,"href":"https:\/\/crusoe.audiencelabs.com.br\/wp-json\/wp\/v2\/tags?post=13484"}],"curies":[{"name":"wp","href":"https:\/\/api.w.org\/{rel}","templated":true}]}}