{"id":13481,"date":"2025-09-03T20:30:00","date_gmt":"2025-09-03T23:30:00","guid":{"rendered":"https:\/\/crusoe.com.br\/variedades\/?p=13481"},"modified":"2025-09-02T20:59:16","modified_gmt":"2025-09-02T23:59:16","slug":"muda-o-planeta-para-sempre-o-oceano-que-encolhe-a-cada-ano-e-pode-desaparecer-no-futuro","status":"publish","type":"post","link":"https:\/\/crusoe.audiencelabs.com.br\/muda-o-planeta-para-sempre-o-oceano-que-encolhe-a-cada-ano-e-pode-desaparecer-no-futuro\/","title":{"rendered":"Muda o planeta para sempre: o oceano que encolhe a cada ano e pode desaparecer no futuro"},"content":{"rendered":"\n<p>Cientistas de v\u00e1rias partes do mundo t\u00eam chamado aten\u00e7\u00e3o para um fen\u00f4meno geol\u00f3gico intrigante: o <strong>encolhimento gradual do Oceano Pac\u00edfico<\/strong>.&nbsp;<\/p>\n\n\n\n<p>De acordo com estudos recentes, esse oceano <strong>est\u00e1 diminuindo cerca de 2,5 cent\u00edmetros por ano<\/strong>. Essa diminui\u00e7\u00e3o ocorre devido \u00e0 movimenta\u00e7\u00e3o das placas tect\u00f4nicas, especialmente nas bordas do Pac\u00edfico, onde placas est\u00e3o sendo subduzidas sob outras.&nbsp;<\/p>\n\n\n\n<p>Enquanto isso, o Oceano Atl\u00e2ntico est\u00e1 em expans\u00e3o, fen\u00f4meno que \u00e9 parte de um ciclo geol\u00f3gico maior. Essa din\u00e2mica n\u00e3o \u00e9 imediata, mas sua relev\u00e2ncia \u00e9 significativa quando se considera o tempo geol\u00f3gico.&nbsp;<\/p>\n\n\n\n<p>Por meio da atividade no manto terrestre, tais movimentos tect\u00f4nicos t\u00eam impactado a configura\u00e7\u00e3o dos oceanos e continentes ao longo de milh\u00f5es de anos. Atualmente, essa dan\u00e7a das placas \u00e9 uma for\u00e7a poderosa que pode alterar drasticamente a geografia mundial em um futuro long\u00ednquo.<\/p>\n\n\n\n<h2 class=\"wp-block-heading\">Forma\u00e7\u00e3o de supercontinentes: Um ciclo geol\u00f3gico<\/h2>\n\n\n\n<p>A hist\u00f3ria da Terra \u00e9 marcada pela forma\u00e7\u00e3o e fragmenta\u00e7\u00e3o de supercontinentes, como foi o caso de Pangeia, formado h\u00e1 cerca de 320 milh\u00f5es de anos.&nbsp;<\/p>\n\n\n\n<p>O Oceano Pac\u00edfico, por sua vez, teve origem a partir do antigo Oceano Panthalassa. Estudos recentes sugerem que, em aproximadamente 200 a 300 milh\u00f5es de anos, poderemos testemunhar a forma\u00e7\u00e3o de um novo supercontinente, possivelmente nomeado como &#8220;Amasia&#8221;.&nbsp;<\/p>\n\n\n\n<p>Essa forma\u00e7\u00e3o pode ocorrer quando as Am\u00e9ricas e a \u00c1sia finalmente colidirem, resultando em uma massa de terra cont\u00ednua.<\/p>\n\n\n\n<h2 class=\"wp-block-heading\">Impactos das placas tect\u00f4nicas<\/h2>\n\n\n\n<p>A redu\u00e7\u00e3o do Oceano Pac\u00edfico deve-se, em parte, \u00e0s antigas placas tect\u00f4nicas, como a Farall\u00f3n e a Izanagi, que ainda influenciam o comportamento atual das massas de terra e oceanos.&nbsp;<\/p>\n\n\n\n<p>J\u00e1 o Oceano Atl\u00e2ntico cresce devido \u00e0 expans\u00e3o de dorsais oce\u00e2nicas, onde novas litosferas est\u00e3o se formando. Este processo faz parte do Ciclo de Wilson, descrevendo a abertura e fechamento dos oceanos em escala geol\u00f3gica.<\/p>\n\n\n\n<h2 class=\"wp-block-heading\">Consequ\u00eancias futuras no planeta<\/h2>\n\n\n\n<p>A cria\u00e7\u00e3o de Amasia traria profundas mudan\u00e7as ao planeta. Os especialistas prev\u00eaem altera\u00e7\u00f5es clim\u00e1ticas significativas, redu\u00e7\u00f5es na biodiversidade e mudan\u00e7as na topografia global.&nbsp;<\/p>\n\n\n\n<p>O n\u00edvel do mar poderia baixar, resultando em um vasto interior \u00e1rido do supercontinente, que enfrentaria temperaturas di\u00e1rias elevadas. Essas transforma\u00e7\u00f5es geogr\u00e1ficas representam apenas parte de um ciclo natural, impulsionado pela atividade subjacente do manto.<\/p>\n\n\n\n<h2 class=\"wp-block-heading\">Proje\u00e7\u00f5es e monitoramento cont\u00ednuo<\/h2>\n\n\n\n<p>Atualmente, pesquisadores continuam a monitorar esses fen\u00f4menos com tecnologias avan\u00e7adas, como simula\u00e7\u00f5es computacionais, para mapear a evolu\u00e7\u00e3o tect\u00f4nica cont\u00ednua.&nbsp;<\/p>\n\n\n\n<p>A Austr\u00e1lia, por exemplo, est\u00e1 lentamente se movendo em dire\u00e7\u00e3o \u00e0 \u00c1sia, a uma taxa de cerca de 7 cent\u00edmetros por ano, contribuindo para o eventual cen\u00e1rio da forma\u00e7\u00e3o de Amasia.<\/p>\n\n\n\n<p>Com a continua\u00e7\u00e3o dos estudos, s\u00e3o esperadas informa\u00e7\u00f5es mais detalhadas e precisas que possam oferecer um vislumbre mais claro do futuro do nosso planeta em ritmo tect\u00f4nico.<\/p>\n","protected":false},"excerpt":{"rendered":"<p>Cientistas de v\u00e1rias partes do mundo t\u00eam chamado aten\u00e7\u00e3o para um fen\u00f4meno geol\u00f3gico intrigante: o encolhimento gradual do Oceano Pac\u00edfico.&nbsp; De acordo com estudos recentes, esse oceano est\u00e1 diminuindo cerca de 2,5 cent\u00edmetros por ano. Essa diminui\u00e7\u00e3o ocorre devido \u00e0 movimenta\u00e7\u00e3o das placas tect\u00f4nicas, especialmente nas bordas do Pac\u00edfico, onde placas est\u00e3o sendo subduzidas sob [&hellip;]<\/p>\n","protected":false},"author":5,"featured_media":13482,"comment_status":"open","ping_status":"open","sticky":false,"template":"","format":"standard","meta":{"jnews-multi-image_gallery":[],"jnews_single_post":{"format":"standard"},"jnews_primary_category":[],"jnews_override_counter":[],"jnews_post_split":[],"footnotes":""},"categories":[1],"tags":[2330,1975],"class_list":["post-13481","post","type-post","status-publish","format-standard","has-post-thumbnail","hentry","category-geral","tag-encolhimento","tag-oceano-pacifico"],"yoast_head":"<!-- This site is optimized with the Yoast SEO plugin v25.0 - https:\/\/yoast.com\/wordpress\/plugins\/seo\/ -->\n<title>Muda o planeta para sempre: o oceano que encolhe a cada ano e pode desaparecer no futuro<\/title>\n<meta name=\"robots\" content=\"index, follow, max-snippet:-1, max-image-preview:large, max-video-preview:-1\" \/>\n<link rel=\"canonical\" href=\"https:\/\/crusoe.audiencelabs.com.br\/muda-o-planeta-para-sempre-o-oceano-que-encolhe-a-cada-ano-e-pode-desaparecer-no-futuro\/\" \/>\n<meta property=\"og:locale\" content=\"pt_BR\" \/>\n<meta property=\"og:type\" content=\"article\" \/>\n<meta property=\"og:title\" content=\"Muda o planeta para sempre: o oceano que encolhe a cada ano e pode desaparecer no futuro\" \/>\n<meta property=\"og:description\" content=\"Cientistas de v\u00e1rias partes do mundo t\u00eam chamado aten\u00e7\u00e3o para um fen\u00f4meno geol\u00f3gico intrigante: o encolhimento gradual do Oceano Pac\u00edfico.&nbsp; De acordo com estudos recentes, esse oceano est\u00e1 diminuindo cerca de 2,5 cent\u00edmetros por ano. Essa diminui\u00e7\u00e3o ocorre devido \u00e0 movimenta\u00e7\u00e3o das placas tect\u00f4nicas, especialmente nas bordas do Pac\u00edfico, onde placas est\u00e3o sendo subduzidas sob [&hellip;]\" \/>\n<meta property=\"og:url\" content=\"https:\/\/crusoe.audiencelabs.com.br\/muda-o-planeta-para-sempre-o-oceano-que-encolhe-a-cada-ano-e-pode-desaparecer-no-futuro\/\" \/>\n<meta property=\"og:site_name\" content=\"Variedades - Cruso\u00e9\" \/>\n<meta property=\"article:published_time\" content=\"2025-09-03T23:30:00+00:00\" \/>\n<meta property=\"og:image\" content=\"https:\/\/cdn.crusoe.com.br\/uploads\/2025\/09\/oceano-pacifico-2-e1583028779659-800x400-1.jpg\" \/>\n\t<meta property=\"og:image:width\" content=\"800\" \/>\n\t<meta property=\"og:image:height\" content=\"400\" \/>\n\t<meta property=\"og:image:type\" content=\"image\/jpeg\" \/>\n<meta name=\"author\" content=\"Milena Armando\" \/>\n<meta name=\"twitter:card\" content=\"summary_large_image\" \/>\n<meta name=\"twitter:label1\" content=\"Escrito por\" \/>\n\t<meta name=\"twitter:data1\" content=\"Milena Armando\" \/>\n\t<meta name=\"twitter:label2\" content=\"Est. tempo de leitura\" \/>\n\t<meta name=\"twitter:data2\" content=\"3 minutos\" \/>\n<script type=\"application\/ld+json\" class=\"yoast-schema-graph\">{\"@context\":\"https:\/\/schema.org\",\"@graph\":[{\"@type\":\"WebPage\",\"@id\":\"https:\/\/crusoe.audiencelabs.com.br\/muda-o-planeta-para-sempre-o-oceano-que-encolhe-a-cada-ano-e-pode-desaparecer-no-futuro\/\",\"url\":\"https:\/\/crusoe.audiencelabs.com.br\/muda-o-planeta-para-sempre-o-oceano-que-encolhe-a-cada-ano-e-pode-desaparecer-no-futuro\/\",\"name\":\"Muda o planeta para sempre: o oceano que encolhe a cada ano e pode desaparecer no futuro\",\"isPartOf\":{\"@id\":\"https:\/\/crusoe.audiencelabs.com.br\/#website\"},\"primaryImageOfPage\":{\"@id\":\"https:\/\/crusoe.audiencelabs.com.br\/muda-o-planeta-para-sempre-o-oceano-que-encolhe-a-cada-ano-e-pode-desaparecer-no-futuro\/#primaryimage\"},\"image\":{\"@id\":\"https:\/\/crusoe.audiencelabs.com.br\/muda-o-planeta-para-sempre-o-oceano-que-encolhe-a-cada-ano-e-pode-desaparecer-no-futuro\/#primaryimage\"},\"thumbnailUrl\":\"https:\/\/cdn.crusoe.com.br\/uploads\/2025\/09\/oceano-pacifico-2-e1583028779659-800x400-1.jpg\",\"datePublished\":\"2025-09-03T23:30:00+00:00\",\"author\":{\"@id\":\"https:\/\/crusoe.audiencelabs.com.br\/#\/schema\/person\/f87f73cfe89e5360de2c006bd4bd6a74\"},\"breadcrumb\":{\"@id\":\"https:\/\/crusoe.audiencelabs.com.br\/muda-o-planeta-para-sempre-o-oceano-que-encolhe-a-cada-ano-e-pode-desaparecer-no-futuro\/#breadcrumb\"},\"inLanguage\":\"pt-BR\",\"potentialAction\":[{\"@type\":\"ReadAction\",\"target\":[\"https:\/\/crusoe.audiencelabs.com.br\/muda-o-planeta-para-sempre-o-oceano-que-encolhe-a-cada-ano-e-pode-desaparecer-no-futuro\/\"]}]},{\"@type\":\"ImageObject\",\"inLanguage\":\"pt-BR\",\"@id\":\"https:\/\/crusoe.audiencelabs.com.br\/muda-o-planeta-para-sempre-o-oceano-que-encolhe-a-cada-ano-e-pode-desaparecer-no-futuro\/#primaryimage\",\"url\":\"https:\/\/cdn.crusoe.com.br\/uploads\/2025\/09\/oceano-pacifico-2-e1583028779659-800x400-1.jpg\",\"contentUrl\":\"https:\/\/cdn.crusoe.com.br\/uploads\/2025\/09\/oceano-pacifico-2-e1583028779659-800x400-1.jpg\",\"width\":800,\"height\":400,\"caption\":\"Foto: Humanidades\"},{\"@type\":\"BreadcrumbList\",\"@id\":\"https:\/\/crusoe.audiencelabs.com.br\/muda-o-planeta-para-sempre-o-oceano-que-encolhe-a-cada-ano-e-pode-desaparecer-no-futuro\/#breadcrumb\",\"itemListElement\":[{\"@type\":\"ListItem\",\"position\":1,\"name\":\"Home\",\"item\":\"https:\/\/crusoe.audiencelabs.com.br\/\"},{\"@type\":\"ListItem\",\"position\":2,\"name\":\"Muda o planeta para sempre: o oceano que encolhe a cada ano e pode desaparecer no futuro\"}]},{\"@type\":\"WebSite\",\"@id\":\"https:\/\/crusoe.audiencelabs.com.br\/#website\",\"url\":\"https:\/\/crusoe.audiencelabs.com.br\/\",\"name\":\"Variedades - Cruso\u00e9\",\"description\":\"\",\"potentialAction\":[{\"@type\":\"SearchAction\",\"target\":{\"@type\":\"EntryPoint\",\"urlTemplate\":\"https:\/\/crusoe.audiencelabs.com.br\/?s={search_term_string}\"},\"query-input\":{\"@type\":\"PropertyValueSpecification\",\"valueRequired\":true,\"valueName\":\"search_term_string\"}}],\"inLanguage\":\"pt-BR\"},{\"@type\":\"Person\",\"@id\":\"https:\/\/crusoe.audiencelabs.com.br\/#\/schema\/person\/f87f73cfe89e5360de2c006bd4bd6a74\",\"name\":\"Milena Armando\",\"image\":{\"@type\":\"ImageObject\",\"inLanguage\":\"pt-BR\",\"@id\":\"https:\/\/crusoe.audiencelabs.com.br\/#\/schema\/person\/image\/\",\"url\":\"https:\/\/secure.gravatar.com\/avatar\/ea14ecddc9e9d202b698b18f9f69e09c9fd74cfbed5c6008d55f11faefdbdab7?s=96&d=mm&r=g\",\"contentUrl\":\"https:\/\/secure.gravatar.com\/avatar\/ea14ecddc9e9d202b698b18f9f69e09c9fd74cfbed5c6008d55f11faefdbdab7?s=96&d=mm&r=g\",\"caption\":\"Milena Armando\"},\"description\":\"Jornalista, redatora e revisora.\",\"url\":\"https:\/\/crusoe.audiencelabs.com.br\/author\/milena\/\"}]}<\/script>\n<!-- \/ Yoast SEO plugin. -->","yoast_head_json":{"title":"Muda o planeta para sempre: o oceano que encolhe a cada ano e pode desaparecer no futuro","robots":{"index":"index","follow":"follow","max-snippet":"max-snippet:-1","max-image-preview":"max-image-preview:large","max-video-preview":"max-video-preview:-1"},"canonical":"https:\/\/crusoe.audiencelabs.com.br\/muda-o-planeta-para-sempre-o-oceano-que-encolhe-a-cada-ano-e-pode-desaparecer-no-futuro\/","og_locale":"pt_BR","og_type":"article","og_title":"Muda o planeta para sempre: o oceano que encolhe a cada ano e pode desaparecer no futuro","og_description":"Cientistas de v\u00e1rias partes do mundo t\u00eam chamado aten\u00e7\u00e3o para um fen\u00f4meno geol\u00f3gico intrigante: o encolhimento gradual do Oceano Pac\u00edfico.&nbsp; De acordo com estudos recentes, esse oceano est\u00e1 diminuindo cerca de 2,5 cent\u00edmetros por ano. Essa diminui\u00e7\u00e3o ocorre devido \u00e0 movimenta\u00e7\u00e3o das placas tect\u00f4nicas, especialmente nas bordas do Pac\u00edfico, onde placas est\u00e3o sendo subduzidas sob [&hellip;]","og_url":"https:\/\/crusoe.audiencelabs.com.br\/muda-o-planeta-para-sempre-o-oceano-que-encolhe-a-cada-ano-e-pode-desaparecer-no-futuro\/","og_site_name":"Variedades - Cruso\u00e9","article_published_time":"2025-09-03T23:30:00+00:00","og_image":[{"width":800,"height":400,"url":"https:\/\/cdn.crusoe.com.br\/uploads\/2025\/09\/oceano-pacifico-2-e1583028779659-800x400-1.jpg","type":"image\/jpeg"}],"author":"Milena Armando","twitter_card":"summary_large_image","twitter_misc":{"Escrito por":"Milena Armando","Est. tempo de leitura":"3 minutos"},"schema":{"@context":"https:\/\/schema.org","@graph":[{"@type":"WebPage","@id":"https:\/\/crusoe.audiencelabs.com.br\/muda-o-planeta-para-sempre-o-oceano-que-encolhe-a-cada-ano-e-pode-desaparecer-no-futuro\/","url":"https:\/\/crusoe.audiencelabs.com.br\/muda-o-planeta-para-sempre-o-oceano-que-encolhe-a-cada-ano-e-pode-desaparecer-no-futuro\/","name":"Muda o planeta para sempre: o oceano que encolhe a cada ano e pode desaparecer no futuro","isPartOf":{"@id":"https:\/\/crusoe.audiencelabs.com.br\/#website"},"primaryImageOfPage":{"@id":"https:\/\/crusoe.audiencelabs.com.br\/muda-o-planeta-para-sempre-o-oceano-que-encolhe-a-cada-ano-e-pode-desaparecer-no-futuro\/#primaryimage"},"image":{"@id":"https:\/\/crusoe.audiencelabs.com.br\/muda-o-planeta-para-sempre-o-oceano-que-encolhe-a-cada-ano-e-pode-desaparecer-no-futuro\/#primaryimage"},"thumbnailUrl":"https:\/\/cdn.crusoe.com.br\/uploads\/2025\/09\/oceano-pacifico-2-e1583028779659-800x400-1.jpg","datePublished":"2025-09-03T23:30:00+00:00","author":{"@id":"https:\/\/crusoe.audiencelabs.com.br\/#\/schema\/person\/f87f73cfe89e5360de2c006bd4bd6a74"},"breadcrumb":{"@id":"https:\/\/crusoe.audiencelabs.com.br\/muda-o-planeta-para-sempre-o-oceano-que-encolhe-a-cada-ano-e-pode-desaparecer-no-futuro\/#breadcrumb"},"inLanguage":"pt-BR","potentialAction":[{"@type":"ReadAction","target":["https:\/\/crusoe.audiencelabs.com.br\/muda-o-planeta-para-sempre-o-oceano-que-encolhe-a-cada-ano-e-pode-desaparecer-no-futuro\/"]}]},{"@type":"ImageObject","inLanguage":"pt-BR","@id":"https:\/\/crusoe.audiencelabs.com.br\/muda-o-planeta-para-sempre-o-oceano-que-encolhe-a-cada-ano-e-pode-desaparecer-no-futuro\/#primaryimage","url":"https:\/\/cdn.crusoe.com.br\/uploads\/2025\/09\/oceano-pacifico-2-e1583028779659-800x400-1.jpg","contentUrl":"https:\/\/cdn.crusoe.com.br\/uploads\/2025\/09\/oceano-pacifico-2-e1583028779659-800x400-1.jpg","width":800,"height":400,"caption":"Foto: Humanidades"},{"@type":"BreadcrumbList","@id":"https:\/\/crusoe.audiencelabs.com.br\/muda-o-planeta-para-sempre-o-oceano-que-encolhe-a-cada-ano-e-pode-desaparecer-no-futuro\/#breadcrumb","itemListElement":[{"@type":"ListItem","position":1,"name":"Home","item":"https:\/\/crusoe.audiencelabs.com.br\/"},{"@type":"ListItem","position":2,"name":"Muda o planeta para sempre: o oceano que encolhe a cada ano e pode desaparecer no futuro"}]},{"@type":"WebSite","@id":"https:\/\/crusoe.audiencelabs.com.br\/#website","url":"https:\/\/crusoe.audiencelabs.com.br\/","name":"Variedades - Cruso\u00e9","description":"","potentialAction":[{"@type":"SearchAction","target":{"@type":"EntryPoint","urlTemplate":"https:\/\/crusoe.audiencelabs.com.br\/?s={search_term_string}"},"query-input":{"@type":"PropertyValueSpecification","valueRequired":true,"valueName":"search_term_string"}}],"inLanguage":"pt-BR"},{"@type":"Person","@id":"https:\/\/crusoe.audiencelabs.com.br\/#\/schema\/person\/f87f73cfe89e5360de2c006bd4bd6a74","name":"Milena Armando","image":{"@type":"ImageObject","inLanguage":"pt-BR","@id":"https:\/\/crusoe.audiencelabs.com.br\/#\/schema\/person\/image\/","url":"https:\/\/secure.gravatar.com\/avatar\/ea14ecddc9e9d202b698b18f9f69e09c9fd74cfbed5c6008d55f11faefdbdab7?s=96&d=mm&r=g","contentUrl":"https:\/\/secure.gravatar.com\/avatar\/ea14ecddc9e9d202b698b18f9f69e09c9fd74cfbed5c6008d55f11faefdbdab7?s=96&d=mm&r=g","caption":"Milena Armando"},"description":"Jornalista, redatora e revisora.","url":"https:\/\/crusoe.audiencelabs.com.br\/author\/milena\/"}]}},"_links":{"self":[{"href":"https:\/\/crusoe.audiencelabs.com.br\/wp-json\/wp\/v2\/posts\/13481","targetHints":{"allow":["GET"]}}],"collection":[{"href":"https:\/\/crusoe.audiencelabs.com.br\/wp-json\/wp\/v2\/posts"}],"about":[{"href":"https:\/\/crusoe.audiencelabs.com.br\/wp-json\/wp\/v2\/types\/post"}],"author":[{"embeddable":true,"href":"https:\/\/crusoe.audiencelabs.com.br\/wp-json\/wp\/v2\/users\/5"}],"replies":[{"embeddable":true,"href":"https:\/\/crusoe.audiencelabs.com.br\/wp-json\/wp\/v2\/comments?post=13481"}],"version-history":[{"count":1,"href":"https:\/\/crusoe.audiencelabs.com.br\/wp-json\/wp\/v2\/posts\/13481\/revisions"}],"predecessor-version":[{"id":13483,"href":"https:\/\/crusoe.audiencelabs.com.br\/wp-json\/wp\/v2\/posts\/13481\/revisions\/13483"}],"wp:featuredmedia":[{"embeddable":true,"href":"https:\/\/crusoe.audiencelabs.com.br\/wp-json\/wp\/v2\/media\/13482"}],"wp:attachment":[{"href":"https:\/\/crusoe.audiencelabs.com.br\/wp-json\/wp\/v2\/media?parent=13481"}],"wp:term":[{"taxonomy":"category","embeddable":true,"href":"https:\/\/crusoe.audiencelabs.com.br\/wp-json\/wp\/v2\/categories?post=13481"},{"taxonomy":"post_tag","embeddable":true,"href":"https:\/\/crusoe.audiencelabs.com.br\/wp-json\/wp\/v2\/tags?post=13481"}],"curies":[{"name":"wp","href":"https:\/\/api.w.org\/{rel}","templated":true}]}}