{"id":12629,"date":"2025-08-29T14:30:00","date_gmt":"2025-08-29T17:30:00","guid":{"rendered":"https:\/\/crusoe.com.br\/variedades\/?p=12629"},"modified":"2025-08-31T16:35:06","modified_gmt":"2025-08-31T19:35:06","slug":"aviso-aos-coracoes-apaixonados-crepusculo-volta-as-telonas-em-comemoracao-aos-20-anos-da-saga","status":"publish","type":"post","link":"https:\/\/crusoe.audiencelabs.com.br\/aviso-aos-coracoes-apaixonados-crepusculo-volta-as-telonas-em-comemoracao-aos-20-anos-da-saga\/","title":{"rendered":"Aviso aos cora\u00e7\u00f5es apaixonados: Crep\u00fasculo volta \u00e0s telonas em comemora\u00e7\u00e3o aos 20 anos da saga"},"content":{"rendered":"\n<p>O retorno dos filmes da <strong>Saga Crep\u00fasculo <\/strong>\u00e0s telonas, em celebra\u00e7\u00e3o aos <strong>20 anos do lan\u00e7amento do primeiro livro<\/strong>, foi anunciado pela Lionsgate para outubro nos Estados Unidos.\u00a0<\/p>\n\n\n\n<p>A reexibi\u00e7\u00e3o, que ocorrer\u00e1 entre os dias <strong>29 de outubro e 2 de novembro<\/strong>, marca o legado da s\u00e9rie liter\u00e1ria escrita por <strong>Stephenie Meyer<\/strong>. Lan\u00e7ada originalmente em 2005, a s\u00e9rie se transformou em um fen\u00f4meno mundial, rendendo adapta\u00e7\u00f5es cinematogr\u00e1ficas que arrecadaram mais de US$ 3,36 bilh\u00f5es globalmente.\u00a0<\/p>\n\n\n\n<p>Atores como <strong>Kristen Stewart<\/strong>, <strong>Robert Pattinson<\/strong> e <strong>Taylor Lautner <\/strong>se tornaram \u00edcones da cultura pop ap\u00f3s seus pap\u00e9is nos filmes da saga.<\/p>\n\n\n\n<figure class=\"wp-block-embed aligncenter is-type-video is-provider-youtube wp-block-embed-youtube wp-embed-aspect-16-9 wp-has-aspect-ratio\"><div class=\"wp-block-embed__wrapper\">\n<div class=\"jeg_video_container jeg_video_content\"><iframe loading=\"lazy\" title=\"The Twilight Saga &#039;Fathom Screening Event&#039; - Official Trailer\" width=\"500\" height=\"281\" src=\"https:\/\/www.youtube.com\/embed\/XOh9CgfMro4?feature=oembed\" frameborder=\"0\" allow=\"accelerometer; autoplay; clipboard-write; encrypted-media; gyroscope; picture-in-picture; web-share\" referrerpolicy=\"strict-origin-when-cross-origin\" allowfullscreen><\/iframe><\/div>\n<\/div><\/figure>\n\n\n\n<h2 class=\"wp-block-heading\">Impacto da saga no cinema<\/h2>\n\n\n\n<p>A s\u00e9rie de filmes, composta por <strong>Crep\u00fasculo<\/strong>, <strong>Lua Nova,<\/strong> <strong>Eclipse<\/strong>, <strong>Amanhecer &#8211; Parte 1<\/strong> e <strong>Amanhecer &#8211; Parte 2<\/strong>, introduziu uma nova abordagem ao mito dos <strong>vampiros <\/strong>e <strong>lobisomens<\/strong>.\u00a0<\/p>\n\n\n<div class=\"wp-block-image\">\n<figure class=\"aligncenter size-full\"><img loading=\"lazy\" decoding=\"async\" width=\"500\" height=\"500\" src=\"https:\/\/cdn.crusoe.com.br\/uploads\/2025\/08\/1-2.webp\" alt=\"\" class=\"wp-image-12633\" srcset=\"https:\/\/cdn.crusoe.com.br\/uploads\/2025\/08\/1-2.webp 500w, https:\/\/cdn.crusoe.com.br\/uploads\/2025\/08\/1-2-300x300.webp 300w, https:\/\/cdn.crusoe.com.br\/uploads\/2025\/08\/1-2-150x150.webp 150w, https:\/\/cdn.crusoe.com.br\/uploads\/2025\/08\/1-2-75x75.webp 75w, https:\/\/cdn.crusoe.com.br\/uploads\/2025\/08\/1-2-350x350.webp 350w\" sizes=\"auto, (max-width: 500px) 100vw, 500px\" \/><figcaption class=\"wp-element-caption\">Reprodu\u00e7\u00e3o\/X\n<\/figcaption><\/figure>\n<\/div>\n\n\n<p>Com uma bilheteria que superou os bilh\u00f5es de d\u00f3lares, esses filmes continuam a ser uma refer\u00eancia no g\u00eanero de fantasia e romance adolescente. A decis\u00e3o de reexibi-los no cinema oferece ao p\u00fablico a chance de reviver essa experi\u00eancia visual \u00fanica.<\/p>\n\n\n\n<p>No Brasil, a Paris Filmes j\u00e1 havia realizado uma reexibi\u00e7\u00e3o comemorativa em 2022, mas, at\u00e9 o momento, n\u00e3o h\u00e1 confirma\u00e7\u00e3o de novas datas para este ano. Os f\u00e3s brasileiros aguardam por atualiza\u00e7\u00f5es que possam trazer de volta a saga aos cinemas nacionais.<\/p>\n\n\n\n<h2 class=\"wp-block-heading\">Legado e influ\u00eancia<\/h2>\n\n\n\n<p>O retorno dos filmes da saga n\u00e3o s\u00f3 promete abalar as bilheterias, mas tamb\u00e9m reacende o debate sobre seu impacto cultural.\u00a0A saga Crep\u00fasculo n\u00e3o foi apenas um sucesso comercial; suas m\u00fasicas, personagens e cenas marcantes eternizaram-se na mem\u00f3ria dos f\u00e3s. <\/p>\n\n\n\n<p>Em todas as m\u00eddias, desde livros at\u00e9 v\u00eddeos musicais, Crep\u00fasculo continua relevante, dialogando com novas e antigas gera\u00e7\u00f5es. A narrativa inovadora de Meyer, centrada no tri\u00e2ngulo amoroso entre Bella Swan, o vampiro Edward Cullen, e o lobisomem Jacob Black, n\u00e3o s\u00f3 cativou leitores em todo o mundo como tamb\u00e9m ofereceu novas perspectivas no di\u00e1logo sobre literatura fant\u00e1stica adolescente.<\/p>\n","protected":false},"excerpt":{"rendered":"<p>O retorno dos filmes da Saga Crep\u00fasculo \u00e0s telonas, em celebra\u00e7\u00e3o aos 20 anos do lan\u00e7amento do primeiro livro, foi anunciado pela Lionsgate para outubro nos Estados Unidos.\u00a0 A reexibi\u00e7\u00e3o, que ocorrer\u00e1 entre os dias 29 de outubro e 2 de novembro, marca o legado da s\u00e9rie liter\u00e1ria escrita por Stephenie Meyer. Lan\u00e7ada originalmente em [&hellip;]<\/p>\n","protected":false},"author":5,"featured_media":12635,"comment_status":"open","ping_status":"open","sticky":false,"template":"","format":"standard","meta":{"jnews-multi-image_gallery":[],"jnews_single_post":{"format":"standard"},"jnews_primary_category":[],"jnews_override_counter":[],"jnews_post_split":[],"footnotes":""},"categories":[1],"tags":[2189,2191],"class_list":["post-12629","post","type-post","status-publish","format-standard","has-post-thumbnail","hentry","category-geral","tag-crepusculo","tag-retorno-cinema"],"yoast_head":"<!-- This site is optimized with the Yoast SEO plugin v25.0 - https:\/\/yoast.com\/wordpress\/plugins\/seo\/ -->\n<title>Aviso aos cora\u00e7\u00f5es apaixonados: Crep\u00fasculo volta \u00e0s telonas em comemora\u00e7\u00e3o aos 20 anos da saga<\/title>\n<meta name=\"robots\" content=\"index, follow, max-snippet:-1, max-image-preview:large, max-video-preview:-1\" \/>\n<link rel=\"canonical\" href=\"https:\/\/crusoe.audiencelabs.com.br\/aviso-aos-coracoes-apaixonados-crepusculo-volta-as-telonas-em-comemoracao-aos-20-anos-da-saga\/\" \/>\n<meta property=\"og:locale\" content=\"pt_BR\" \/>\n<meta property=\"og:type\" content=\"article\" \/>\n<meta property=\"og:title\" content=\"Aviso aos cora\u00e7\u00f5es apaixonados: Crep\u00fasculo volta \u00e0s telonas em comemora\u00e7\u00e3o aos 20 anos da saga\" \/>\n<meta property=\"og:description\" content=\"O retorno dos filmes da Saga Crep\u00fasculo \u00e0s telonas, em celebra\u00e7\u00e3o aos 20 anos do lan\u00e7amento do primeiro livro, foi anunciado pela Lionsgate para outubro nos Estados Unidos.\u00a0 A reexibi\u00e7\u00e3o, que ocorrer\u00e1 entre os dias 29 de outubro e 2 de novembro, marca o legado da s\u00e9rie liter\u00e1ria escrita por Stephenie Meyer. Lan\u00e7ada originalmente em [&hellip;]\" \/>\n<meta property=\"og:url\" content=\"https:\/\/crusoe.audiencelabs.com.br\/aviso-aos-coracoes-apaixonados-crepusculo-volta-as-telonas-em-comemoracao-aos-20-anos-da-saga\/\" \/>\n<meta property=\"og:site_name\" content=\"Variedades - Cruso\u00e9\" \/>\n<meta property=\"article:published_time\" content=\"2025-08-29T17:30:00+00:00\" \/>\n<meta property=\"article:modified_time\" content=\"2025-08-31T19:35:06+00:00\" \/>\n<meta property=\"og:image\" content=\"https:\/\/cdn.crusoe.com.br\/uploads\/2025\/08\/AAAABWfz8lKE462s2FJGRKy547BrnBCeFrkDfXSfioM73OJkgn-Ee0du7Pz3T4ekqvxe3iFYw6z10S0SlMcoiKwe2xeGRYqNJ6QD-Qyk.jpg\" \/>\n\t<meta property=\"og:image:width\" content=\"1960\" \/>\n\t<meta property=\"og:image:height\" content=\"1034\" \/>\n\t<meta property=\"og:image:type\" content=\"image\/jpeg\" \/>\n<meta name=\"author\" content=\"Milena Armando\" \/>\n<meta name=\"twitter:card\" content=\"summary_large_image\" \/>\n<meta name=\"twitter:label1\" content=\"Escrito por\" \/>\n\t<meta name=\"twitter:data1\" content=\"Milena Armando\" \/>\n\t<meta name=\"twitter:label2\" content=\"Est. tempo de leitura\" \/>\n\t<meta name=\"twitter:data2\" content=\"3 minutos\" \/>\n<script type=\"application\/ld+json\" class=\"yoast-schema-graph\">{\"@context\":\"https:\/\/schema.org\",\"@graph\":[{\"@type\":\"WebPage\",\"@id\":\"https:\/\/crusoe.audiencelabs.com.br\/aviso-aos-coracoes-apaixonados-crepusculo-volta-as-telonas-em-comemoracao-aos-20-anos-da-saga\/\",\"url\":\"https:\/\/crusoe.audiencelabs.com.br\/aviso-aos-coracoes-apaixonados-crepusculo-volta-as-telonas-em-comemoracao-aos-20-anos-da-saga\/\",\"name\":\"Aviso aos cora\u00e7\u00f5es apaixonados: Crep\u00fasculo volta \u00e0s telonas em comemora\u00e7\u00e3o aos 20 anos da saga\",\"isPartOf\":{\"@id\":\"https:\/\/crusoe.audiencelabs.com.br\/#website\"},\"primaryImageOfPage\":{\"@id\":\"https:\/\/crusoe.audiencelabs.com.br\/aviso-aos-coracoes-apaixonados-crepusculo-volta-as-telonas-em-comemoracao-aos-20-anos-da-saga\/#primaryimage\"},\"image\":{\"@id\":\"https:\/\/crusoe.audiencelabs.com.br\/aviso-aos-coracoes-apaixonados-crepusculo-volta-as-telonas-em-comemoracao-aos-20-anos-da-saga\/#primaryimage\"},\"thumbnailUrl\":\"https:\/\/cdn.crusoe.com.br\/uploads\/2025\/08\/AAAABWfz8lKE462s2FJGRKy547BrnBCeFrkDfXSfioM73OJkgn-Ee0du7Pz3T4ekqvxe3iFYw6z10S0SlMcoiKwe2xeGRYqNJ6QD-Qyk.jpg\",\"datePublished\":\"2025-08-29T17:30:00+00:00\",\"dateModified\":\"2025-08-31T19:35:06+00:00\",\"author\":{\"@id\":\"https:\/\/crusoe.audiencelabs.com.br\/#\/schema\/person\/f87f73cfe89e5360de2c006bd4bd6a74\"},\"breadcrumb\":{\"@id\":\"https:\/\/crusoe.audiencelabs.com.br\/aviso-aos-coracoes-apaixonados-crepusculo-volta-as-telonas-em-comemoracao-aos-20-anos-da-saga\/#breadcrumb\"},\"inLanguage\":\"pt-BR\",\"potentialAction\":[{\"@type\":\"ReadAction\",\"target\":[\"https:\/\/crusoe.audiencelabs.com.br\/aviso-aos-coracoes-apaixonados-crepusculo-volta-as-telonas-em-comemoracao-aos-20-anos-da-saga\/\"]}]},{\"@type\":\"ImageObject\",\"inLanguage\":\"pt-BR\",\"@id\":\"https:\/\/crusoe.audiencelabs.com.br\/aviso-aos-coracoes-apaixonados-crepusculo-volta-as-telonas-em-comemoracao-aos-20-anos-da-saga\/#primaryimage\",\"url\":\"https:\/\/cdn.crusoe.com.br\/uploads\/2025\/08\/AAAABWfz8lKE462s2FJGRKy547BrnBCeFrkDfXSfioM73OJkgn-Ee0du7Pz3T4ekqvxe3iFYw6z10S0SlMcoiKwe2xeGRYqNJ6QD-Qyk.jpg\",\"contentUrl\":\"https:\/\/cdn.crusoe.com.br\/uploads\/2025\/08\/AAAABWfz8lKE462s2FJGRKy547BrnBCeFrkDfXSfioM73OJkgn-Ee0du7Pz3T4ekqvxe3iFYw6z10S0SlMcoiKwe2xeGRYqNJ6QD-Qyk.jpg\",\"width\":1960,\"height\":1034,\"caption\":\"Foto: Netflix\"},{\"@type\":\"BreadcrumbList\",\"@id\":\"https:\/\/crusoe.audiencelabs.com.br\/aviso-aos-coracoes-apaixonados-crepusculo-volta-as-telonas-em-comemoracao-aos-20-anos-da-saga\/#breadcrumb\",\"itemListElement\":[{\"@type\":\"ListItem\",\"position\":1,\"name\":\"Home\",\"item\":\"https:\/\/crusoe.audiencelabs.com.br\/\"},{\"@type\":\"ListItem\",\"position\":2,\"name\":\"Aviso aos cora\u00e7\u00f5es apaixonados: Crep\u00fasculo volta \u00e0s telonas em comemora\u00e7\u00e3o aos 20 anos da saga\"}]},{\"@type\":\"WebSite\",\"@id\":\"https:\/\/crusoe.audiencelabs.com.br\/#website\",\"url\":\"https:\/\/crusoe.audiencelabs.com.br\/\",\"name\":\"Variedades - Cruso\u00e9\",\"description\":\"\",\"potentialAction\":[{\"@type\":\"SearchAction\",\"target\":{\"@type\":\"EntryPoint\",\"urlTemplate\":\"https:\/\/crusoe.audiencelabs.com.br\/?s={search_term_string}\"},\"query-input\":{\"@type\":\"PropertyValueSpecification\",\"valueRequired\":true,\"valueName\":\"search_term_string\"}}],\"inLanguage\":\"pt-BR\"},{\"@type\":\"Person\",\"@id\":\"https:\/\/crusoe.audiencelabs.com.br\/#\/schema\/person\/f87f73cfe89e5360de2c006bd4bd6a74\",\"name\":\"Milena Armando\",\"image\":{\"@type\":\"ImageObject\",\"inLanguage\":\"pt-BR\",\"@id\":\"https:\/\/crusoe.audiencelabs.com.br\/#\/schema\/person\/image\/\",\"url\":\"https:\/\/secure.gravatar.com\/avatar\/ea14ecddc9e9d202b698b18f9f69e09c9fd74cfbed5c6008d55f11faefdbdab7?s=96&d=mm&r=g\",\"contentUrl\":\"https:\/\/secure.gravatar.com\/avatar\/ea14ecddc9e9d202b698b18f9f69e09c9fd74cfbed5c6008d55f11faefdbdab7?s=96&d=mm&r=g\",\"caption\":\"Milena Armando\"},\"description\":\"Jornalista, redatora e revisora.\",\"url\":\"https:\/\/crusoe.audiencelabs.com.br\/author\/milena\/\"}]}<\/script>\n<!-- \/ Yoast SEO plugin. -->","yoast_head_json":{"title":"Aviso aos cora\u00e7\u00f5es apaixonados: Crep\u00fasculo volta \u00e0s telonas em comemora\u00e7\u00e3o aos 20 anos da saga","robots":{"index":"index","follow":"follow","max-snippet":"max-snippet:-1","max-image-preview":"max-image-preview:large","max-video-preview":"max-video-preview:-1"},"canonical":"https:\/\/crusoe.audiencelabs.com.br\/aviso-aos-coracoes-apaixonados-crepusculo-volta-as-telonas-em-comemoracao-aos-20-anos-da-saga\/","og_locale":"pt_BR","og_type":"article","og_title":"Aviso aos cora\u00e7\u00f5es apaixonados: Crep\u00fasculo volta \u00e0s telonas em comemora\u00e7\u00e3o aos 20 anos da saga","og_description":"O retorno dos filmes da Saga Crep\u00fasculo \u00e0s telonas, em celebra\u00e7\u00e3o aos 20 anos do lan\u00e7amento do primeiro livro, foi anunciado pela Lionsgate para outubro nos Estados Unidos.\u00a0 A reexibi\u00e7\u00e3o, que ocorrer\u00e1 entre os dias 29 de outubro e 2 de novembro, marca o legado da s\u00e9rie liter\u00e1ria escrita por Stephenie Meyer. Lan\u00e7ada originalmente em [&hellip;]","og_url":"https:\/\/crusoe.audiencelabs.com.br\/aviso-aos-coracoes-apaixonados-crepusculo-volta-as-telonas-em-comemoracao-aos-20-anos-da-saga\/","og_site_name":"Variedades - Cruso\u00e9","article_published_time":"2025-08-29T17:30:00+00:00","article_modified_time":"2025-08-31T19:35:06+00:00","og_image":[{"width":1960,"height":1034,"url":"https:\/\/cdn.crusoe.com.br\/uploads\/2025\/08\/AAAABWfz8lKE462s2FJGRKy547BrnBCeFrkDfXSfioM73OJkgn-Ee0du7Pz3T4ekqvxe3iFYw6z10S0SlMcoiKwe2xeGRYqNJ6QD-Qyk.jpg","type":"image\/jpeg"}],"author":"Milena Armando","twitter_card":"summary_large_image","twitter_misc":{"Escrito por":"Milena Armando","Est. tempo de leitura":"3 minutos"},"schema":{"@context":"https:\/\/schema.org","@graph":[{"@type":"WebPage","@id":"https:\/\/crusoe.audiencelabs.com.br\/aviso-aos-coracoes-apaixonados-crepusculo-volta-as-telonas-em-comemoracao-aos-20-anos-da-saga\/","url":"https:\/\/crusoe.audiencelabs.com.br\/aviso-aos-coracoes-apaixonados-crepusculo-volta-as-telonas-em-comemoracao-aos-20-anos-da-saga\/","name":"Aviso aos cora\u00e7\u00f5es apaixonados: Crep\u00fasculo volta \u00e0s telonas em comemora\u00e7\u00e3o aos 20 anos da saga","isPartOf":{"@id":"https:\/\/crusoe.audiencelabs.com.br\/#website"},"primaryImageOfPage":{"@id":"https:\/\/crusoe.audiencelabs.com.br\/aviso-aos-coracoes-apaixonados-crepusculo-volta-as-telonas-em-comemoracao-aos-20-anos-da-saga\/#primaryimage"},"image":{"@id":"https:\/\/crusoe.audiencelabs.com.br\/aviso-aos-coracoes-apaixonados-crepusculo-volta-as-telonas-em-comemoracao-aos-20-anos-da-saga\/#primaryimage"},"thumbnailUrl":"https:\/\/cdn.crusoe.com.br\/uploads\/2025\/08\/AAAABWfz8lKE462s2FJGRKy547BrnBCeFrkDfXSfioM73OJkgn-Ee0du7Pz3T4ekqvxe3iFYw6z10S0SlMcoiKwe2xeGRYqNJ6QD-Qyk.jpg","datePublished":"2025-08-29T17:30:00+00:00","dateModified":"2025-08-31T19:35:06+00:00","author":{"@id":"https:\/\/crusoe.audiencelabs.com.br\/#\/schema\/person\/f87f73cfe89e5360de2c006bd4bd6a74"},"breadcrumb":{"@id":"https:\/\/crusoe.audiencelabs.com.br\/aviso-aos-coracoes-apaixonados-crepusculo-volta-as-telonas-em-comemoracao-aos-20-anos-da-saga\/#breadcrumb"},"inLanguage":"pt-BR","potentialAction":[{"@type":"ReadAction","target":["https:\/\/crusoe.audiencelabs.com.br\/aviso-aos-coracoes-apaixonados-crepusculo-volta-as-telonas-em-comemoracao-aos-20-anos-da-saga\/"]}]},{"@type":"ImageObject","inLanguage":"pt-BR","@id":"https:\/\/crusoe.audiencelabs.com.br\/aviso-aos-coracoes-apaixonados-crepusculo-volta-as-telonas-em-comemoracao-aos-20-anos-da-saga\/#primaryimage","url":"https:\/\/cdn.crusoe.com.br\/uploads\/2025\/08\/AAAABWfz8lKE462s2FJGRKy547BrnBCeFrkDfXSfioM73OJkgn-Ee0du7Pz3T4ekqvxe3iFYw6z10S0SlMcoiKwe2xeGRYqNJ6QD-Qyk.jpg","contentUrl":"https:\/\/cdn.crusoe.com.br\/uploads\/2025\/08\/AAAABWfz8lKE462s2FJGRKy547BrnBCeFrkDfXSfioM73OJkgn-Ee0du7Pz3T4ekqvxe3iFYw6z10S0SlMcoiKwe2xeGRYqNJ6QD-Qyk.jpg","width":1960,"height":1034,"caption":"Foto: Netflix"},{"@type":"BreadcrumbList","@id":"https:\/\/crusoe.audiencelabs.com.br\/aviso-aos-coracoes-apaixonados-crepusculo-volta-as-telonas-em-comemoracao-aos-20-anos-da-saga\/#breadcrumb","itemListElement":[{"@type":"ListItem","position":1,"name":"Home","item":"https:\/\/crusoe.audiencelabs.com.br\/"},{"@type":"ListItem","position":2,"name":"Aviso aos cora\u00e7\u00f5es apaixonados: Crep\u00fasculo volta \u00e0s telonas em comemora\u00e7\u00e3o aos 20 anos da saga"}]},{"@type":"WebSite","@id":"https:\/\/crusoe.audiencelabs.com.br\/#website","url":"https:\/\/crusoe.audiencelabs.com.br\/","name":"Variedades - Cruso\u00e9","description":"","potentialAction":[{"@type":"SearchAction","target":{"@type":"EntryPoint","urlTemplate":"https:\/\/crusoe.audiencelabs.com.br\/?s={search_term_string}"},"query-input":{"@type":"PropertyValueSpecification","valueRequired":true,"valueName":"search_term_string"}}],"inLanguage":"pt-BR"},{"@type":"Person","@id":"https:\/\/crusoe.audiencelabs.com.br\/#\/schema\/person\/f87f73cfe89e5360de2c006bd4bd6a74","name":"Milena Armando","image":{"@type":"ImageObject","inLanguage":"pt-BR","@id":"https:\/\/crusoe.audiencelabs.com.br\/#\/schema\/person\/image\/","url":"https:\/\/secure.gravatar.com\/avatar\/ea14ecddc9e9d202b698b18f9f69e09c9fd74cfbed5c6008d55f11faefdbdab7?s=96&d=mm&r=g","contentUrl":"https:\/\/secure.gravatar.com\/avatar\/ea14ecddc9e9d202b698b18f9f69e09c9fd74cfbed5c6008d55f11faefdbdab7?s=96&d=mm&r=g","caption":"Milena Armando"},"description":"Jornalista, redatora e revisora.","url":"https:\/\/crusoe.audiencelabs.com.br\/author\/milena\/"}]}},"_links":{"self":[{"href":"https:\/\/crusoe.audiencelabs.com.br\/wp-json\/wp\/v2\/posts\/12629","targetHints":{"allow":["GET"]}}],"collection":[{"href":"https:\/\/crusoe.audiencelabs.com.br\/wp-json\/wp\/v2\/posts"}],"about":[{"href":"https:\/\/crusoe.audiencelabs.com.br\/wp-json\/wp\/v2\/types\/post"}],"author":[{"embeddable":true,"href":"https:\/\/crusoe.audiencelabs.com.br\/wp-json\/wp\/v2\/users\/5"}],"replies":[{"embeddable":true,"href":"https:\/\/crusoe.audiencelabs.com.br\/wp-json\/wp\/v2\/comments?post=12629"}],"version-history":[{"count":2,"href":"https:\/\/crusoe.audiencelabs.com.br\/wp-json\/wp\/v2\/posts\/12629\/revisions"}],"predecessor-version":[{"id":12905,"href":"https:\/\/crusoe.audiencelabs.com.br\/wp-json\/wp\/v2\/posts\/12629\/revisions\/12905"}],"wp:featuredmedia":[{"embeddable":true,"href":"https:\/\/crusoe.audiencelabs.com.br\/wp-json\/wp\/v2\/media\/12635"}],"wp:attachment":[{"href":"https:\/\/crusoe.audiencelabs.com.br\/wp-json\/wp\/v2\/media?parent=12629"}],"wp:term":[{"taxonomy":"category","embeddable":true,"href":"https:\/\/crusoe.audiencelabs.com.br\/wp-json\/wp\/v2\/categories?post=12629"},{"taxonomy":"post_tag","embeddable":true,"href":"https:\/\/crusoe.audiencelabs.com.br\/wp-json\/wp\/v2\/tags?post=12629"}],"curies":[{"name":"wp","href":"https:\/\/api.w.org\/{rel}","templated":true}]}}