{"id":11924,"date":"2025-08-30T08:00:00","date_gmt":"2025-08-30T11:00:00","guid":{"rendered":"https:\/\/crusoe.com.br\/variedades\/?p=11924"},"modified":"2025-08-31T16:53:49","modified_gmt":"2025-08-31T19:53:49","slug":"fim-de-uma-era-descubra-quando-os-simpsons-vai-sair-do-ar","status":"publish","type":"post","link":"https:\/\/crusoe.audiencelabs.com.br\/fim-de-uma-era-descubra-quando-os-simpsons-vai-sair-do-ar\/","title":{"rendered":"Fim de uma era: descubra quando Os Simpsons vai sair do ar"},"content":{"rendered":"\n<p><strong>Os Simpsons<\/strong>, uma das s\u00e9ries<strong> mais emblem\u00e1ticas da anima\u00e7\u00e3o televisiva<\/strong>, est\u00e1 avaliando poss\u00edveis cen\u00e1rios para o seu final.\u00a0<\/p>\n\n\n\n<p><strong>Matt Groening,<\/strong> criador da s\u00e9rie, comentou recentemente que a hist\u00f3ria dos Simpsons, atualmente na 37\u00aa temporada, pode encerrar-se de maneira not\u00e1vel.\u00a0Esta possibilidade est\u00e1 ligada a eventos do mundo real e <strong>previs\u00f5es not\u00f3rias feitas nos epis\u00f3dios<\/strong>.<\/p>\n\n\n\n<h2 class=\"wp-block-heading\">Poss\u00edveis rumos para Os Simpsons<\/h2>\n\n\n\n<p>Groening declarou durante a <em>Comic-Con de San Diego<\/em> que, inicialmente, ele acreditava que a 36\u00aa temporada seria a \u00faltima. No entanto, a s\u00e9rie foi renovada, mostrando que <strong>Os Simpsons ainda t\u00eam muitas hist\u00f3rias a contar.<\/strong>\u00a0<\/p>\n\n\n\n<p>A s\u00e9rie \u00e9 conhecida por suas &#8220;previs\u00f5es&#8221; sobre eventos futuros. Isso inclui<strong> momentos relacionados a Donald Trump<\/strong>, cuja men\u00e7\u00e3o gerou impacto nos f\u00e3s e provocou especula\u00e7\u00f5es sobre o poss\u00edvel fim da s\u00e9rie. <\/p>\n\n\n\n<p>O fen\u00f4meno das previs\u00f5es ficou mais evidente com epis\u00f3dios que mencionaram a presid\u00eancia de Trump antes de acontecer na realidade.<\/p>\n\n\n\n<h2 class=\"wp-block-heading\">Aproximando-se de um recorde<\/h2>\n\n\n\n<p>Com a 37\u00aa temporada em produ\u00e7\u00e3o, Os Simpsons se aproxima da<strong> marca hist\u00f3rica de 800 epis\u00f3dios<\/strong>.\u00a0Os roteiristas continuam a trabalhar para proporcionar tanto nostalgia quanto inova\u00e7\u00e3o, prometendo surpresas e participa\u00e7\u00f5es especiais nesta nova temporada.<\/p>\n\n\n\n<p>A capacidade da s\u00e9rie de evoluir e manter-se relevante \u00e9 uma das raz\u00f5es centrais para sua persist\u00eancia no ar por tanto tempo. Sempre se adaptando aos tempos, Os Simpsons continuam a ser um ponto de refer\u00eancia na televis\u00e3o mundial.<\/p>\n\n\n\n<h2 class=\"wp-block-heading\">Expectativas para o futuro da s\u00e9rie<\/h2>\n\n\n\n<p>O destino dos personagens de Springfield \u00e9 uma quest\u00e3o constante entre os f\u00e3s. Cada novo epis\u00f3dio \u00e9 uma oportunidade de observar a habilidade da s\u00e9rie em misturar tradi\u00e7\u00e3o com criatividade contempor\u00e2nea.&nbsp;<\/p>\n\n\n\n<p>Quando e como a s\u00e9rie encontrar\u00e1 seu final ainda \u00e9 incerto, mas uma coisa \u00e9 clara: Os Simpsons continuar\u00e3o a influenciar e divertir gera\u00e7\u00f5es enquanto estiverem no ar.<\/p>\n","protected":false},"excerpt":{"rendered":"<p>Os Simpsons, uma das s\u00e9ries mais emblem\u00e1ticas da anima\u00e7\u00e3o televisiva, est\u00e1 avaliando poss\u00edveis cen\u00e1rios para o seu final.\u00a0 Matt Groening, criador da s\u00e9rie, comentou recentemente que a hist\u00f3ria dos Simpsons, atualmente na 37\u00aa temporada, pode encerrar-se de maneira not\u00e1vel.\u00a0Esta possibilidade est\u00e1 ligada a eventos do mundo real e previs\u00f5es not\u00f3rias feitas nos epis\u00f3dios. Poss\u00edveis rumos [&hellip;]<\/p>\n","protected":false},"author":5,"featured_media":11926,"comment_status":"open","ping_status":"open","sticky":false,"template":"","format":"standard","meta":{"jnews-multi-image_gallery":[],"jnews_single_post":{"format":"standard"},"jnews_primary_category":[],"jnews_override_counter":[],"jnews_post_split":[],"footnotes":""},"categories":[1],"tags":[265,2102,188],"class_list":["post-11924","post","type-post","status-publish","format-standard","has-post-thumbnail","hentry","category-geral","tag-animacao","tag-os-simpsons","tag-tv"],"yoast_head":"<!-- This site is optimized with the Yoast SEO plugin v25.0 - https:\/\/yoast.com\/wordpress\/plugins\/seo\/ -->\n<title>Fim de uma era: descubra quando Os Simpsons vai sair do ar<\/title>\n<meta name=\"robots\" content=\"index, follow, max-snippet:-1, max-image-preview:large, max-video-preview:-1\" \/>\n<link rel=\"canonical\" href=\"https:\/\/crusoe.audiencelabs.com.br\/fim-de-uma-era-descubra-quando-os-simpsons-vai-sair-do-ar\/\" \/>\n<meta property=\"og:locale\" content=\"pt_BR\" \/>\n<meta property=\"og:type\" content=\"article\" \/>\n<meta property=\"og:title\" content=\"Fim de uma era: descubra quando Os Simpsons vai sair do ar\" \/>\n<meta property=\"og:description\" content=\"Os Simpsons, uma das s\u00e9ries mais emblem\u00e1ticas da anima\u00e7\u00e3o televisiva, est\u00e1 avaliando poss\u00edveis cen\u00e1rios para o seu final.\u00a0 Matt Groening, criador da s\u00e9rie, comentou recentemente que a hist\u00f3ria dos Simpsons, atualmente na 37\u00aa temporada, pode encerrar-se de maneira not\u00e1vel.\u00a0Esta possibilidade est\u00e1 ligada a eventos do mundo real e previs\u00f5es not\u00f3rias feitas nos epis\u00f3dios. Poss\u00edveis rumos [&hellip;]\" \/>\n<meta property=\"og:url\" content=\"https:\/\/crusoe.audiencelabs.com.br\/fim-de-uma-era-descubra-quando-os-simpsons-vai-sair-do-ar\/\" \/>\n<meta property=\"og:site_name\" content=\"Variedades - Cruso\u00e9\" \/>\n<meta property=\"article:published_time\" content=\"2025-08-30T11:00:00+00:00\" \/>\n<meta property=\"article:modified_time\" content=\"2025-08-31T19:53:49+00:00\" \/>\n<meta property=\"og:image\" content=\"https:\/\/cdn.crusoe.com.br\/uploads\/2025\/08\/os-simpsons-1587420766163_v2_900x506.jpg\" \/>\n\t<meta property=\"og:image:width\" content=\"900\" \/>\n\t<meta property=\"og:image:height\" content=\"506\" \/>\n\t<meta property=\"og:image:type\" content=\"image\/jpeg\" \/>\n<meta name=\"author\" content=\"Milena Armando\" \/>\n<meta name=\"twitter:card\" content=\"summary_large_image\" \/>\n<meta name=\"twitter:label1\" content=\"Escrito por\" \/>\n\t<meta name=\"twitter:data1\" content=\"Milena Armando\" \/>\n\t<meta name=\"twitter:label2\" content=\"Est. tempo de leitura\" \/>\n\t<meta name=\"twitter:data2\" content=\"2 minutos\" \/>\n<script type=\"application\/ld+json\" class=\"yoast-schema-graph\">{\"@context\":\"https:\/\/schema.org\",\"@graph\":[{\"@type\":\"WebPage\",\"@id\":\"https:\/\/crusoe.audiencelabs.com.br\/fim-de-uma-era-descubra-quando-os-simpsons-vai-sair-do-ar\/\",\"url\":\"https:\/\/crusoe.audiencelabs.com.br\/fim-de-uma-era-descubra-quando-os-simpsons-vai-sair-do-ar\/\",\"name\":\"Fim de uma era: descubra quando Os Simpsons vai sair do ar\",\"isPartOf\":{\"@id\":\"https:\/\/crusoe.audiencelabs.com.br\/#website\"},\"primaryImageOfPage\":{\"@id\":\"https:\/\/crusoe.audiencelabs.com.br\/fim-de-uma-era-descubra-quando-os-simpsons-vai-sair-do-ar\/#primaryimage\"},\"image\":{\"@id\":\"https:\/\/crusoe.audiencelabs.com.br\/fim-de-uma-era-descubra-quando-os-simpsons-vai-sair-do-ar\/#primaryimage\"},\"thumbnailUrl\":\"https:\/\/cdn.crusoe.com.br\/uploads\/2025\/08\/os-simpsons-1587420766163_v2_900x506.jpg\",\"datePublished\":\"2025-08-30T11:00:00+00:00\",\"dateModified\":\"2025-08-31T19:53:49+00:00\",\"author\":{\"@id\":\"https:\/\/crusoe.audiencelabs.com.br\/#\/schema\/person\/f87f73cfe89e5360de2c006bd4bd6a74\"},\"breadcrumb\":{\"@id\":\"https:\/\/crusoe.audiencelabs.com.br\/fim-de-uma-era-descubra-quando-os-simpsons-vai-sair-do-ar\/#breadcrumb\"},\"inLanguage\":\"pt-BR\",\"potentialAction\":[{\"@type\":\"ReadAction\",\"target\":[\"https:\/\/crusoe.audiencelabs.com.br\/fim-de-uma-era-descubra-quando-os-simpsons-vai-sair-do-ar\/\"]}]},{\"@type\":\"ImageObject\",\"inLanguage\":\"pt-BR\",\"@id\":\"https:\/\/crusoe.audiencelabs.com.br\/fim-de-uma-era-descubra-quando-os-simpsons-vai-sair-do-ar\/#primaryimage\",\"url\":\"https:\/\/cdn.crusoe.com.br\/uploads\/2025\/08\/os-simpsons-1587420766163_v2_900x506.jpg\",\"contentUrl\":\"https:\/\/cdn.crusoe.com.br\/uploads\/2025\/08\/os-simpsons-1587420766163_v2_900x506.jpg\",\"width\":900,\"height\":506,\"caption\":\"Foto: UOL\"},{\"@type\":\"BreadcrumbList\",\"@id\":\"https:\/\/crusoe.audiencelabs.com.br\/fim-de-uma-era-descubra-quando-os-simpsons-vai-sair-do-ar\/#breadcrumb\",\"itemListElement\":[{\"@type\":\"ListItem\",\"position\":1,\"name\":\"Home\",\"item\":\"https:\/\/crusoe.audiencelabs.com.br\/\"},{\"@type\":\"ListItem\",\"position\":2,\"name\":\"Fim de uma era: descubra quando Os Simpsons vai sair do ar\"}]},{\"@type\":\"WebSite\",\"@id\":\"https:\/\/crusoe.audiencelabs.com.br\/#website\",\"url\":\"https:\/\/crusoe.audiencelabs.com.br\/\",\"name\":\"Variedades - Cruso\u00e9\",\"description\":\"\",\"potentialAction\":[{\"@type\":\"SearchAction\",\"target\":{\"@type\":\"EntryPoint\",\"urlTemplate\":\"https:\/\/crusoe.audiencelabs.com.br\/?s={search_term_string}\"},\"query-input\":{\"@type\":\"PropertyValueSpecification\",\"valueRequired\":true,\"valueName\":\"search_term_string\"}}],\"inLanguage\":\"pt-BR\"},{\"@type\":\"Person\",\"@id\":\"https:\/\/crusoe.audiencelabs.com.br\/#\/schema\/person\/f87f73cfe89e5360de2c006bd4bd6a74\",\"name\":\"Milena Armando\",\"image\":{\"@type\":\"ImageObject\",\"inLanguage\":\"pt-BR\",\"@id\":\"https:\/\/crusoe.audiencelabs.com.br\/#\/schema\/person\/image\/\",\"url\":\"https:\/\/secure.gravatar.com\/avatar\/ea14ecddc9e9d202b698b18f9f69e09c9fd74cfbed5c6008d55f11faefdbdab7?s=96&d=mm&r=g\",\"contentUrl\":\"https:\/\/secure.gravatar.com\/avatar\/ea14ecddc9e9d202b698b18f9f69e09c9fd74cfbed5c6008d55f11faefdbdab7?s=96&d=mm&r=g\",\"caption\":\"Milena Armando\"},\"description\":\"Jornalista, redatora e revisora.\",\"url\":\"https:\/\/crusoe.audiencelabs.com.br\/author\/milena\/\"}]}<\/script>\n<!-- \/ Yoast SEO plugin. -->","yoast_head_json":{"title":"Fim de uma era: descubra quando Os Simpsons vai sair do ar","robots":{"index":"index","follow":"follow","max-snippet":"max-snippet:-1","max-image-preview":"max-image-preview:large","max-video-preview":"max-video-preview:-1"},"canonical":"https:\/\/crusoe.audiencelabs.com.br\/fim-de-uma-era-descubra-quando-os-simpsons-vai-sair-do-ar\/","og_locale":"pt_BR","og_type":"article","og_title":"Fim de uma era: descubra quando Os Simpsons vai sair do ar","og_description":"Os Simpsons, uma das s\u00e9ries mais emblem\u00e1ticas da anima\u00e7\u00e3o televisiva, est\u00e1 avaliando poss\u00edveis cen\u00e1rios para o seu final.\u00a0 Matt Groening, criador da s\u00e9rie, comentou recentemente que a hist\u00f3ria dos Simpsons, atualmente na 37\u00aa temporada, pode encerrar-se de maneira not\u00e1vel.\u00a0Esta possibilidade est\u00e1 ligada a eventos do mundo real e previs\u00f5es not\u00f3rias feitas nos epis\u00f3dios. Poss\u00edveis rumos [&hellip;]","og_url":"https:\/\/crusoe.audiencelabs.com.br\/fim-de-uma-era-descubra-quando-os-simpsons-vai-sair-do-ar\/","og_site_name":"Variedades - Cruso\u00e9","article_published_time":"2025-08-30T11:00:00+00:00","article_modified_time":"2025-08-31T19:53:49+00:00","og_image":[{"width":900,"height":506,"url":"https:\/\/cdn.crusoe.com.br\/uploads\/2025\/08\/os-simpsons-1587420766163_v2_900x506.jpg","type":"image\/jpeg"}],"author":"Milena Armando","twitter_card":"summary_large_image","twitter_misc":{"Escrito por":"Milena Armando","Est. tempo de leitura":"2 minutos"},"schema":{"@context":"https:\/\/schema.org","@graph":[{"@type":"WebPage","@id":"https:\/\/crusoe.audiencelabs.com.br\/fim-de-uma-era-descubra-quando-os-simpsons-vai-sair-do-ar\/","url":"https:\/\/crusoe.audiencelabs.com.br\/fim-de-uma-era-descubra-quando-os-simpsons-vai-sair-do-ar\/","name":"Fim de uma era: descubra quando Os Simpsons vai sair do ar","isPartOf":{"@id":"https:\/\/crusoe.audiencelabs.com.br\/#website"},"primaryImageOfPage":{"@id":"https:\/\/crusoe.audiencelabs.com.br\/fim-de-uma-era-descubra-quando-os-simpsons-vai-sair-do-ar\/#primaryimage"},"image":{"@id":"https:\/\/crusoe.audiencelabs.com.br\/fim-de-uma-era-descubra-quando-os-simpsons-vai-sair-do-ar\/#primaryimage"},"thumbnailUrl":"https:\/\/cdn.crusoe.com.br\/uploads\/2025\/08\/os-simpsons-1587420766163_v2_900x506.jpg","datePublished":"2025-08-30T11:00:00+00:00","dateModified":"2025-08-31T19:53:49+00:00","author":{"@id":"https:\/\/crusoe.audiencelabs.com.br\/#\/schema\/person\/f87f73cfe89e5360de2c006bd4bd6a74"},"breadcrumb":{"@id":"https:\/\/crusoe.audiencelabs.com.br\/fim-de-uma-era-descubra-quando-os-simpsons-vai-sair-do-ar\/#breadcrumb"},"inLanguage":"pt-BR","potentialAction":[{"@type":"ReadAction","target":["https:\/\/crusoe.audiencelabs.com.br\/fim-de-uma-era-descubra-quando-os-simpsons-vai-sair-do-ar\/"]}]},{"@type":"ImageObject","inLanguage":"pt-BR","@id":"https:\/\/crusoe.audiencelabs.com.br\/fim-de-uma-era-descubra-quando-os-simpsons-vai-sair-do-ar\/#primaryimage","url":"https:\/\/cdn.crusoe.com.br\/uploads\/2025\/08\/os-simpsons-1587420766163_v2_900x506.jpg","contentUrl":"https:\/\/cdn.crusoe.com.br\/uploads\/2025\/08\/os-simpsons-1587420766163_v2_900x506.jpg","width":900,"height":506,"caption":"Foto: UOL"},{"@type":"BreadcrumbList","@id":"https:\/\/crusoe.audiencelabs.com.br\/fim-de-uma-era-descubra-quando-os-simpsons-vai-sair-do-ar\/#breadcrumb","itemListElement":[{"@type":"ListItem","position":1,"name":"Home","item":"https:\/\/crusoe.audiencelabs.com.br\/"},{"@type":"ListItem","position":2,"name":"Fim de uma era: descubra quando Os Simpsons vai sair do ar"}]},{"@type":"WebSite","@id":"https:\/\/crusoe.audiencelabs.com.br\/#website","url":"https:\/\/crusoe.audiencelabs.com.br\/","name":"Variedades - Cruso\u00e9","description":"","potentialAction":[{"@type":"SearchAction","target":{"@type":"EntryPoint","urlTemplate":"https:\/\/crusoe.audiencelabs.com.br\/?s={search_term_string}"},"query-input":{"@type":"PropertyValueSpecification","valueRequired":true,"valueName":"search_term_string"}}],"inLanguage":"pt-BR"},{"@type":"Person","@id":"https:\/\/crusoe.audiencelabs.com.br\/#\/schema\/person\/f87f73cfe89e5360de2c006bd4bd6a74","name":"Milena Armando","image":{"@type":"ImageObject","inLanguage":"pt-BR","@id":"https:\/\/crusoe.audiencelabs.com.br\/#\/schema\/person\/image\/","url":"https:\/\/secure.gravatar.com\/avatar\/ea14ecddc9e9d202b698b18f9f69e09c9fd74cfbed5c6008d55f11faefdbdab7?s=96&d=mm&r=g","contentUrl":"https:\/\/secure.gravatar.com\/avatar\/ea14ecddc9e9d202b698b18f9f69e09c9fd74cfbed5c6008d55f11faefdbdab7?s=96&d=mm&r=g","caption":"Milena Armando"},"description":"Jornalista, redatora e revisora.","url":"https:\/\/crusoe.audiencelabs.com.br\/author\/milena\/"}]}},"_links":{"self":[{"href":"https:\/\/crusoe.audiencelabs.com.br\/wp-json\/wp\/v2\/posts\/11924","targetHints":{"allow":["GET"]}}],"collection":[{"href":"https:\/\/crusoe.audiencelabs.com.br\/wp-json\/wp\/v2\/posts"}],"about":[{"href":"https:\/\/crusoe.audiencelabs.com.br\/wp-json\/wp\/v2\/types\/post"}],"author":[{"embeddable":true,"href":"https:\/\/crusoe.audiencelabs.com.br\/wp-json\/wp\/v2\/users\/5"}],"replies":[{"embeddable":true,"href":"https:\/\/crusoe.audiencelabs.com.br\/wp-json\/wp\/v2\/comments?post=11924"}],"version-history":[{"count":3,"href":"https:\/\/crusoe.audiencelabs.com.br\/wp-json\/wp\/v2\/posts\/11924\/revisions"}],"predecessor-version":[{"id":12919,"href":"https:\/\/crusoe.audiencelabs.com.br\/wp-json\/wp\/v2\/posts\/11924\/revisions\/12919"}],"wp:featuredmedia":[{"embeddable":true,"href":"https:\/\/crusoe.audiencelabs.com.br\/wp-json\/wp\/v2\/media\/11926"}],"wp:attachment":[{"href":"https:\/\/crusoe.audiencelabs.com.br\/wp-json\/wp\/v2\/media?parent=11924"}],"wp:term":[{"taxonomy":"category","embeddable":true,"href":"https:\/\/crusoe.audiencelabs.com.br\/wp-json\/wp\/v2\/categories?post=11924"},{"taxonomy":"post_tag","embeddable":true,"href":"https:\/\/crusoe.audiencelabs.com.br\/wp-json\/wp\/v2\/tags?post=11924"}],"curies":[{"name":"wp","href":"https:\/\/api.w.org\/{rel}","templated":true}]}}