{"id":11918,"date":"2025-08-30T06:00:00","date_gmt":"2025-08-30T09:00:00","guid":{"rendered":"https:\/\/crusoe.com.br\/variedades\/?p=11918"},"modified":"2025-08-31T16:50:44","modified_gmt":"2025-08-31T19:50:44","slug":"antartida-entra-em-colapso-a-contagem-regressiva-para-o-fim-do-mundo-ja-comecou","status":"publish","type":"post","link":"https:\/\/crusoe.audiencelabs.com.br\/antartida-entra-em-colapso-a-contagem-regressiva-para-o-fim-do-mundo-ja-comecou\/","title":{"rendered":"Ant\u00e1rtida entra em colapso: a contagem regressiva para o fim do mundo j\u00e1 come\u00e7ou"},"content":{"rendered":"\n<p>As<strong> amea\u00e7as das mudan\u00e7as clim\u00e1ticas na<\/strong> <strong>Ant\u00e1rtida <\/strong>est\u00e3o se tornando cada vez mais evidentes e alarmantes.\u00a0Cientistas alertam que a <strong>r\u00e1pida redu\u00e7\u00e3o das plataformas de gelo no Sul<\/strong> da regi\u00e3o, observada desde 2014, pode redefinir o futuro do planeta. <\/p>\n\n\n\n<p>O <strong>derretimento acelerado das geleiras na Ant\u00e1rtida <\/strong>n\u00e3o \u00e9 um problema isolado. Estudos sugerem que, caso o gelo se derreta completamente, o <strong>n\u00edvel do mar pode subir entre 0,9 e at\u00e9 3 metros<\/strong>, o que impactaria diretamente regi\u00f5es costeiras por todo o mundo.\u00a0<\/p>\n\n\n\n<p>A exposi\u00e7\u00e3o dos oceanos devido \u00e0 diminui\u00e7\u00e3o do gelo tamb\u00e9m<strong> impacta a vida selvagem e intensifica o aquecimento global<\/strong>, j\u00e1 que menos gelo significa maior absor\u00e7\u00e3o de calor.<\/p>\n\n\n\n<h2 class=\"wp-block-heading\">A interconex\u00e3o das mudan\u00e7as<\/h2>\n\n\n\n<p>Al\u00e9m do gelo em si, as altera\u00e7\u00f5es clim\u00e1ticas na Ant\u00e1rtida t\u00eam impacto global. Por exemplo, a redu\u00e7\u00e3o do gelo <strong>afeta as correntes oce\u00e2nicas profundas,<\/strong> fundamentais para a regula\u00e7\u00e3o do clima global. Essas mudan\u00e7as podem impactar ecossistemas marinhos, afetando cadeias alimentares em v\u00e1rias partes do mundo.<\/p>\n\n\n\n<p>Outra conex\u00e3o surpreendente surge da <strong>fuligem proveniente das queimadas na Amaz\u00f4nia<\/strong>, que alcan\u00e7a a Ant\u00e1rtida, exacerbando o derretimento das geleiras. Esta fuligem escurece o gelo, aumentando sua absor\u00e7\u00e3o de calor e acelerando o degelo. Estudos confirmam que essas part\u00edculas, liberadas na atmosfera, percorrem milhares de quil\u00f4metros.<\/p>\n\n\n\n<h2 class=\"wp-block-heading\">Riscos dos vulc\u00f5es subglaciais<\/h2>\n\n\n\n<p>Um risco menos conhecido, mas potencialmente devastador, reside nos<strong> vulc\u00f5es subglaciais<\/strong>. O aquecimento global pode reacender vulc\u00f5es adormecidos sob o gelo, desestabilizando ainda mais os mantos e intensificando o degelo.\u00a0<\/p>\n\n\n\n<p>Embora a pesquisa ainda esteja em fases iniciais, a reativa\u00e7\u00e3o destes vulc\u00f5es poderia liberar gases de efeito estufa, complicando ainda mais o cen\u00e1rio clim\u00e1tico.<\/p>\n\n\n\n<h2 class=\"wp-block-heading\">Atividades humanas na regi\u00e3o<\/h2>\n\n\n\n<p>O<strong> turismo na Ant\u00e1rtida<\/strong>, junto com<em> opera\u00e7\u00f5es de bases cient\u00edficas,<\/em> contribui para a <strong>emiss\u00e3o de carbono negro no gelo<\/strong>, acelerando o derretimento. Navios, avi\u00f5es e geradores a diesel s\u00e3o grandes emissores, mostrando que a presen\u00e7a humana n\u00e3o \u00e9 inofensiva no ambiente fr\u00e1gil.<\/p>\n\n\n\n<p>Por outro lado, a comunidade cient\u00edfica pede redu\u00e7\u00f5es dr\u00e1sticas nas emiss\u00f5es globais de gases de efeito estufa.&nbsp;Apesar disso, algumas das mudan\u00e7as desencadeadas j\u00e1 est\u00e3o al\u00e9m do ponto de revers\u00e3o, exigindo uma a\u00e7\u00e3o urgente e coordenada a n\u00edvel global.<\/p>\n","protected":false},"excerpt":{"rendered":"<p>As amea\u00e7as das mudan\u00e7as clim\u00e1ticas na Ant\u00e1rtida est\u00e3o se tornando cada vez mais evidentes e alarmantes.\u00a0Cientistas alertam que a r\u00e1pida redu\u00e7\u00e3o das plataformas de gelo no Sul da regi\u00e3o, observada desde 2014, pode redefinir o futuro do planeta. O derretimento acelerado das geleiras na Ant\u00e1rtida n\u00e3o \u00e9 um problema isolado. Estudos sugerem que, caso o [&hellip;]<\/p>\n","protected":false},"author":5,"featured_media":11919,"comment_status":"open","ping_status":"open","sticky":false,"template":"","format":"standard","meta":{"jnews-multi-image_gallery":[],"jnews_single_post":{"format":"standard"},"jnews_primary_category":[],"jnews_override_counter":[],"jnews_post_split":[],"footnotes":""},"categories":[1],"tags":[880],"class_list":["post-11918","post","type-post","status-publish","format-standard","has-post-thumbnail","hentry","category-geral","tag-antartida"],"yoast_head":"<!-- This site is optimized with the Yoast SEO plugin v25.0 - https:\/\/yoast.com\/wordpress\/plugins\/seo\/ -->\n<title>Ant\u00e1rtida entra em colapso: a contagem regressiva para o fim do mundo j\u00e1 come\u00e7ou<\/title>\n<meta name=\"robots\" content=\"index, follow, max-snippet:-1, max-image-preview:large, max-video-preview:-1\" \/>\n<link rel=\"canonical\" href=\"https:\/\/crusoe.audiencelabs.com.br\/antartida-entra-em-colapso-a-contagem-regressiva-para-o-fim-do-mundo-ja-comecou\/\" \/>\n<meta property=\"og:locale\" content=\"pt_BR\" \/>\n<meta property=\"og:type\" content=\"article\" \/>\n<meta property=\"og:title\" content=\"Ant\u00e1rtida entra em colapso: a contagem regressiva para o fim do mundo j\u00e1 come\u00e7ou\" \/>\n<meta property=\"og:description\" content=\"As amea\u00e7as das mudan\u00e7as clim\u00e1ticas na Ant\u00e1rtida est\u00e3o se tornando cada vez mais evidentes e alarmantes.\u00a0Cientistas alertam que a r\u00e1pida redu\u00e7\u00e3o das plataformas de gelo no Sul da regi\u00e3o, observada desde 2014, pode redefinir o futuro do planeta. O derretimento acelerado das geleiras na Ant\u00e1rtida n\u00e3o \u00e9 um problema isolado. Estudos sugerem que, caso o [&hellip;]\" \/>\n<meta property=\"og:url\" content=\"https:\/\/crusoe.audiencelabs.com.br\/antartida-entra-em-colapso-a-contagem-regressiva-para-o-fim-do-mundo-ja-comecou\/\" \/>\n<meta property=\"og:site_name\" content=\"Variedades - Cruso\u00e9\" \/>\n<meta property=\"article:published_time\" content=\"2025-08-30T09:00:00+00:00\" \/>\n<meta property=\"article:modified_time\" content=\"2025-08-31T19:50:44+00:00\" \/>\n<meta property=\"og:image\" content=\"https:\/\/cdn.crusoe.com.br\/uploads\/2025\/08\/pexels-pixabay-53389-scaled.jpg\" \/>\n\t<meta property=\"og:image:width\" content=\"2560\" \/>\n\t<meta property=\"og:image:height\" content=\"1753\" \/>\n\t<meta property=\"og:image:type\" content=\"image\/jpeg\" \/>\n<meta name=\"author\" content=\"Milena Armando\" \/>\n<meta name=\"twitter:card\" content=\"summary_large_image\" \/>\n<meta name=\"twitter:label1\" content=\"Escrito por\" \/>\n\t<meta name=\"twitter:data1\" content=\"Milena Armando\" \/>\n\t<meta name=\"twitter:label2\" content=\"Est. tempo de leitura\" \/>\n\t<meta name=\"twitter:data2\" content=\"3 minutos\" \/>\n<script type=\"application\/ld+json\" class=\"yoast-schema-graph\">{\"@context\":\"https:\/\/schema.org\",\"@graph\":[{\"@type\":\"WebPage\",\"@id\":\"https:\/\/crusoe.audiencelabs.com.br\/antartida-entra-em-colapso-a-contagem-regressiva-para-o-fim-do-mundo-ja-comecou\/\",\"url\":\"https:\/\/crusoe.audiencelabs.com.br\/antartida-entra-em-colapso-a-contagem-regressiva-para-o-fim-do-mundo-ja-comecou\/\",\"name\":\"Ant\u00e1rtida entra em colapso: a contagem regressiva para o fim do mundo j\u00e1 come\u00e7ou\",\"isPartOf\":{\"@id\":\"https:\/\/crusoe.audiencelabs.com.br\/#website\"},\"primaryImageOfPage\":{\"@id\":\"https:\/\/crusoe.audiencelabs.com.br\/antartida-entra-em-colapso-a-contagem-regressiva-para-o-fim-do-mundo-ja-comecou\/#primaryimage\"},\"image\":{\"@id\":\"https:\/\/crusoe.audiencelabs.com.br\/antartida-entra-em-colapso-a-contagem-regressiva-para-o-fim-do-mundo-ja-comecou\/#primaryimage\"},\"thumbnailUrl\":\"https:\/\/cdn.crusoe.com.br\/uploads\/2025\/08\/pexels-pixabay-53389-scaled.jpg\",\"datePublished\":\"2025-08-30T09:00:00+00:00\",\"dateModified\":\"2025-08-31T19:50:44+00:00\",\"author\":{\"@id\":\"https:\/\/crusoe.audiencelabs.com.br\/#\/schema\/person\/f87f73cfe89e5360de2c006bd4bd6a74\"},\"breadcrumb\":{\"@id\":\"https:\/\/crusoe.audiencelabs.com.br\/antartida-entra-em-colapso-a-contagem-regressiva-para-o-fim-do-mundo-ja-comecou\/#breadcrumb\"},\"inLanguage\":\"pt-BR\",\"potentialAction\":[{\"@type\":\"ReadAction\",\"target\":[\"https:\/\/crusoe.audiencelabs.com.br\/antartida-entra-em-colapso-a-contagem-regressiva-para-o-fim-do-mundo-ja-comecou\/\"]}]},{\"@type\":\"ImageObject\",\"inLanguage\":\"pt-BR\",\"@id\":\"https:\/\/crusoe.audiencelabs.com.br\/antartida-entra-em-colapso-a-contagem-regressiva-para-o-fim-do-mundo-ja-comecou\/#primaryimage\",\"url\":\"https:\/\/cdn.crusoe.com.br\/uploads\/2025\/08\/pexels-pixabay-53389-scaled.jpg\",\"contentUrl\":\"https:\/\/cdn.crusoe.com.br\/uploads\/2025\/08\/pexels-pixabay-53389-scaled.jpg\",\"width\":2560,\"height\":1753,\"caption\":\"Foto: Pixabay\"},{\"@type\":\"BreadcrumbList\",\"@id\":\"https:\/\/crusoe.audiencelabs.com.br\/antartida-entra-em-colapso-a-contagem-regressiva-para-o-fim-do-mundo-ja-comecou\/#breadcrumb\",\"itemListElement\":[{\"@type\":\"ListItem\",\"position\":1,\"name\":\"Home\",\"item\":\"https:\/\/crusoe.audiencelabs.com.br\/\"},{\"@type\":\"ListItem\",\"position\":2,\"name\":\"Ant\u00e1rtida entra em colapso: a contagem regressiva para o fim do mundo j\u00e1 come\u00e7ou\"}]},{\"@type\":\"WebSite\",\"@id\":\"https:\/\/crusoe.audiencelabs.com.br\/#website\",\"url\":\"https:\/\/crusoe.audiencelabs.com.br\/\",\"name\":\"Variedades - Cruso\u00e9\",\"description\":\"\",\"potentialAction\":[{\"@type\":\"SearchAction\",\"target\":{\"@type\":\"EntryPoint\",\"urlTemplate\":\"https:\/\/crusoe.audiencelabs.com.br\/?s={search_term_string}\"},\"query-input\":{\"@type\":\"PropertyValueSpecification\",\"valueRequired\":true,\"valueName\":\"search_term_string\"}}],\"inLanguage\":\"pt-BR\"},{\"@type\":\"Person\",\"@id\":\"https:\/\/crusoe.audiencelabs.com.br\/#\/schema\/person\/f87f73cfe89e5360de2c006bd4bd6a74\",\"name\":\"Milena Armando\",\"image\":{\"@type\":\"ImageObject\",\"inLanguage\":\"pt-BR\",\"@id\":\"https:\/\/crusoe.audiencelabs.com.br\/#\/schema\/person\/image\/\",\"url\":\"https:\/\/secure.gravatar.com\/avatar\/ea14ecddc9e9d202b698b18f9f69e09c9fd74cfbed5c6008d55f11faefdbdab7?s=96&d=mm&r=g\",\"contentUrl\":\"https:\/\/secure.gravatar.com\/avatar\/ea14ecddc9e9d202b698b18f9f69e09c9fd74cfbed5c6008d55f11faefdbdab7?s=96&d=mm&r=g\",\"caption\":\"Milena Armando\"},\"description\":\"Jornalista, redatora e revisora.\",\"url\":\"https:\/\/crusoe.audiencelabs.com.br\/author\/milena\/\"}]}<\/script>\n<!-- \/ Yoast SEO plugin. -->","yoast_head_json":{"title":"Ant\u00e1rtida entra em colapso: a contagem regressiva para o fim do mundo j\u00e1 come\u00e7ou","robots":{"index":"index","follow":"follow","max-snippet":"max-snippet:-1","max-image-preview":"max-image-preview:large","max-video-preview":"max-video-preview:-1"},"canonical":"https:\/\/crusoe.audiencelabs.com.br\/antartida-entra-em-colapso-a-contagem-regressiva-para-o-fim-do-mundo-ja-comecou\/","og_locale":"pt_BR","og_type":"article","og_title":"Ant\u00e1rtida entra em colapso: a contagem regressiva para o fim do mundo j\u00e1 come\u00e7ou","og_description":"As amea\u00e7as das mudan\u00e7as clim\u00e1ticas na Ant\u00e1rtida est\u00e3o se tornando cada vez mais evidentes e alarmantes.\u00a0Cientistas alertam que a r\u00e1pida redu\u00e7\u00e3o das plataformas de gelo no Sul da regi\u00e3o, observada desde 2014, pode redefinir o futuro do planeta. O derretimento acelerado das geleiras na Ant\u00e1rtida n\u00e3o \u00e9 um problema isolado. Estudos sugerem que, caso o [&hellip;]","og_url":"https:\/\/crusoe.audiencelabs.com.br\/antartida-entra-em-colapso-a-contagem-regressiva-para-o-fim-do-mundo-ja-comecou\/","og_site_name":"Variedades - Cruso\u00e9","article_published_time":"2025-08-30T09:00:00+00:00","article_modified_time":"2025-08-31T19:50:44+00:00","og_image":[{"width":2560,"height":1753,"url":"https:\/\/cdn.crusoe.com.br\/uploads\/2025\/08\/pexels-pixabay-53389-scaled.jpg","type":"image\/jpeg"}],"author":"Milena Armando","twitter_card":"summary_large_image","twitter_misc":{"Escrito por":"Milena Armando","Est. tempo de leitura":"3 minutos"},"schema":{"@context":"https:\/\/schema.org","@graph":[{"@type":"WebPage","@id":"https:\/\/crusoe.audiencelabs.com.br\/antartida-entra-em-colapso-a-contagem-regressiva-para-o-fim-do-mundo-ja-comecou\/","url":"https:\/\/crusoe.audiencelabs.com.br\/antartida-entra-em-colapso-a-contagem-regressiva-para-o-fim-do-mundo-ja-comecou\/","name":"Ant\u00e1rtida entra em colapso: a contagem regressiva para o fim do mundo j\u00e1 come\u00e7ou","isPartOf":{"@id":"https:\/\/crusoe.audiencelabs.com.br\/#website"},"primaryImageOfPage":{"@id":"https:\/\/crusoe.audiencelabs.com.br\/antartida-entra-em-colapso-a-contagem-regressiva-para-o-fim-do-mundo-ja-comecou\/#primaryimage"},"image":{"@id":"https:\/\/crusoe.audiencelabs.com.br\/antartida-entra-em-colapso-a-contagem-regressiva-para-o-fim-do-mundo-ja-comecou\/#primaryimage"},"thumbnailUrl":"https:\/\/cdn.crusoe.com.br\/uploads\/2025\/08\/pexels-pixabay-53389-scaled.jpg","datePublished":"2025-08-30T09:00:00+00:00","dateModified":"2025-08-31T19:50:44+00:00","author":{"@id":"https:\/\/crusoe.audiencelabs.com.br\/#\/schema\/person\/f87f73cfe89e5360de2c006bd4bd6a74"},"breadcrumb":{"@id":"https:\/\/crusoe.audiencelabs.com.br\/antartida-entra-em-colapso-a-contagem-regressiva-para-o-fim-do-mundo-ja-comecou\/#breadcrumb"},"inLanguage":"pt-BR","potentialAction":[{"@type":"ReadAction","target":["https:\/\/crusoe.audiencelabs.com.br\/antartida-entra-em-colapso-a-contagem-regressiva-para-o-fim-do-mundo-ja-comecou\/"]}]},{"@type":"ImageObject","inLanguage":"pt-BR","@id":"https:\/\/crusoe.audiencelabs.com.br\/antartida-entra-em-colapso-a-contagem-regressiva-para-o-fim-do-mundo-ja-comecou\/#primaryimage","url":"https:\/\/cdn.crusoe.com.br\/uploads\/2025\/08\/pexels-pixabay-53389-scaled.jpg","contentUrl":"https:\/\/cdn.crusoe.com.br\/uploads\/2025\/08\/pexels-pixabay-53389-scaled.jpg","width":2560,"height":1753,"caption":"Foto: Pixabay"},{"@type":"BreadcrumbList","@id":"https:\/\/crusoe.audiencelabs.com.br\/antartida-entra-em-colapso-a-contagem-regressiva-para-o-fim-do-mundo-ja-comecou\/#breadcrumb","itemListElement":[{"@type":"ListItem","position":1,"name":"Home","item":"https:\/\/crusoe.audiencelabs.com.br\/"},{"@type":"ListItem","position":2,"name":"Ant\u00e1rtida entra em colapso: a contagem regressiva para o fim do mundo j\u00e1 come\u00e7ou"}]},{"@type":"WebSite","@id":"https:\/\/crusoe.audiencelabs.com.br\/#website","url":"https:\/\/crusoe.audiencelabs.com.br\/","name":"Variedades - Cruso\u00e9","description":"","potentialAction":[{"@type":"SearchAction","target":{"@type":"EntryPoint","urlTemplate":"https:\/\/crusoe.audiencelabs.com.br\/?s={search_term_string}"},"query-input":{"@type":"PropertyValueSpecification","valueRequired":true,"valueName":"search_term_string"}}],"inLanguage":"pt-BR"},{"@type":"Person","@id":"https:\/\/crusoe.audiencelabs.com.br\/#\/schema\/person\/f87f73cfe89e5360de2c006bd4bd6a74","name":"Milena Armando","image":{"@type":"ImageObject","inLanguage":"pt-BR","@id":"https:\/\/crusoe.audiencelabs.com.br\/#\/schema\/person\/image\/","url":"https:\/\/secure.gravatar.com\/avatar\/ea14ecddc9e9d202b698b18f9f69e09c9fd74cfbed5c6008d55f11faefdbdab7?s=96&d=mm&r=g","contentUrl":"https:\/\/secure.gravatar.com\/avatar\/ea14ecddc9e9d202b698b18f9f69e09c9fd74cfbed5c6008d55f11faefdbdab7?s=96&d=mm&r=g","caption":"Milena Armando"},"description":"Jornalista, redatora e revisora.","url":"https:\/\/crusoe.audiencelabs.com.br\/author\/milena\/"}]}},"_links":{"self":[{"href":"https:\/\/crusoe.audiencelabs.com.br\/wp-json\/wp\/v2\/posts\/11918","targetHints":{"allow":["GET"]}}],"collection":[{"href":"https:\/\/crusoe.audiencelabs.com.br\/wp-json\/wp\/v2\/posts"}],"about":[{"href":"https:\/\/crusoe.audiencelabs.com.br\/wp-json\/wp\/v2\/types\/post"}],"author":[{"embeddable":true,"href":"https:\/\/crusoe.audiencelabs.com.br\/wp-json\/wp\/v2\/users\/5"}],"replies":[{"embeddable":true,"href":"https:\/\/crusoe.audiencelabs.com.br\/wp-json\/wp\/v2\/comments?post=11918"}],"version-history":[{"count":2,"href":"https:\/\/crusoe.audiencelabs.com.br\/wp-json\/wp\/v2\/posts\/11918\/revisions"}],"predecessor-version":[{"id":12917,"href":"https:\/\/crusoe.audiencelabs.com.br\/wp-json\/wp\/v2\/posts\/11918\/revisions\/12917"}],"wp:featuredmedia":[{"embeddable":true,"href":"https:\/\/crusoe.audiencelabs.com.br\/wp-json\/wp\/v2\/media\/11919"}],"wp:attachment":[{"href":"https:\/\/crusoe.audiencelabs.com.br\/wp-json\/wp\/v2\/media?parent=11918"}],"wp:term":[{"taxonomy":"category","embeddable":true,"href":"https:\/\/crusoe.audiencelabs.com.br\/wp-json\/wp\/v2\/categories?post=11918"},{"taxonomy":"post_tag","embeddable":true,"href":"https:\/\/crusoe.audiencelabs.com.br\/wp-json\/wp\/v2\/tags?post=11918"}],"curies":[{"name":"wp","href":"https:\/\/api.w.org\/{rel}","templated":true}]}}