{"id":1065,"date":"2025-05-27T08:50:00","date_gmt":"2025-05-27T11:50:00","guid":{"rendered":"https:\/\/crusoe.com.br\/variedades\/?p=1065"},"modified":"2025-05-26T16:14:28","modified_gmt":"2025-05-26T19:14:28","slug":"conta-de-energia-zerada-saiba-quem-tem-direito-ao-beneficio","status":"publish","type":"post","link":"https:\/\/crusoe.audiencelabs.com.br\/conta-de-energia-zerada-saiba-quem-tem-direito-ao-beneficio\/","title":{"rendered":"Conta de energia zerada: saiba quem tem direito ao benef\u00edcio"},"content":{"rendered":"\n<p>Milh\u00f5es de brasileiros est\u00e3o prestes a receber um al\u00edvio nas contas de luz com as novas mudan\u00e7as na Tarifa Social de Energia El\u00e9trica (TSEE).&nbsp;<\/p>\n\n\n\n<p>Prevista para entrar em vigor em setembro deste ano, caso aprovada, esta medida provis\u00f3ria visa proporcionar gratuidade e descontos para fam\u00edlias cadastradas no Cadastro \u00danico (Cad\u00danico).&nbsp;<\/p>\n\n\n\n<p>A iniciativa faz parte das reformas do setor el\u00e9trico brasileiro e tem como meta beneficiar cerca de 60 milh\u00f5es de consumidores.<\/p>\n\n\n\n<h2 class=\"wp-block-heading\">Mudan\u00e7as na TSEE<\/h2>\n\n\n\n<p>A nova proposta prev\u00ea que fam\u00edlias inscritas no Cad\u00danico, com consumo mensal de at\u00e9 80 kWh, ter\u00e3o isen\u00e7\u00e3o na conta de luz.&nbsp;<\/p>\n\n\n\n<p>J\u00e1 aquelas com renda mensal entre meio e um sal\u00e1rio m\u00ednimo per capita e consumo at\u00e9 120 kWh\/m\u00eas, ter\u00e3o descontos na Conta de Desenvolvimento Energ\u00e9tico (CDE).&nbsp;<\/p>\n\n\n\n<h2 class=\"wp-block-heading\">Benefici\u00e1rios alvo<\/h2>\n\n\n\n<p>O alcance da nova tarifa inclui fam\u00edlias de baixa renda do Cad\u00danico e grupos espec\u00edficos, como pessoas com defici\u00eancia, idosos que recebem o Benef\u00edcio de Presta\u00e7\u00e3o Continuada (BPC), e comunidades ind\u00edgenas e quilombolas.&nbsp;<\/p>\n\n\n\n<h2 class=\"wp-block-heading\">Qual \u00e9 o impacto financeiro da medida?<\/h2>\n\n\n\n<p>O governo federal estima que 17 milh\u00f5es de fam\u00edlias ser\u00e3o diretamente beneficiadas pela nova tarifa social, o que representa cerca de 60 milh\u00f5es de pessoas. O custo anual da isen\u00e7\u00e3o tarif\u00e1ria \u00e9 estimado em R$ 3,6 bilh\u00f5es.&nbsp;<\/p>\n\n\n\n<p>Este custo ser\u00e1 compensado por meio da abertura do mercado de energia e do reequil\u00edbrio do setor el\u00e9trico, que inclui a inclus\u00e3o de consumidores livres na base de adquirentes de energia e uma aloca\u00e7\u00e3o mais justa dos encargos da Conta de Desenvolvimento Energ\u00e9tico (CDE).<\/p>\n\n\n\n<h2 class=\"wp-block-heading\">Como funcionar\u00e1 a abertura do mercado de baixa tens\u00e3o?<\/h2>\n\n\n\n<p>A medida provis\u00f3ria tamb\u00e9m prev\u00ea a liberdade de escolha para todos os consumidores de energia el\u00e9trica, expandindo o chamado &#8220;mercado livre&#8221;, que atualmente \u00e9 restrito a grandes consumidores, como ind\u00fastrias e estabelecimentos comerciais de grande porte.&nbsp;<\/p>\n\n\n\n<p>A partir de agosto de 2026, ind\u00fastrias e com\u00e9rcios poder\u00e3o escolher seus fornecedores de energia, e essa possibilidade ser\u00e1 estendida a todos os consumidores at\u00e9 dezembro de 2027.<\/p>\n\n\n\n<p>Para equilibrar o setor, o governo prop\u00f5e medidas como a inclus\u00e3o de consumidores livres na base de adquirentes de energia das usinas Angra 1 e 2, al\u00e9m de ajustes na aloca\u00e7\u00e3o dos encargos da CDE.&nbsp;<\/p>\n","protected":false},"excerpt":{"rendered":"<p>Milh\u00f5es de brasileiros est\u00e3o prestes a receber um al\u00edvio nas contas de luz com as novas mudan\u00e7as na Tarifa Social de Energia El\u00e9trica (TSEE).&nbsp; Prevista para entrar em vigor em setembro deste ano, caso aprovada, esta medida provis\u00f3ria visa proporcionar gratuidade e descontos para fam\u00edlias cadastradas no Cadastro \u00danico (Cad\u00danico).&nbsp; A iniciativa faz parte das [&hellip;]<\/p>\n","protected":false},"author":5,"featured_media":1066,"comment_status":"open","ping_status":"open","sticky":false,"template":"","format":"standard","meta":{"jnews-multi-image_gallery":[],"jnews_single_post":{"format":"standard"},"jnews_primary_category":[],"jnews_override_counter":[],"jnews_post_split":[],"footnotes":""},"categories":[1],"tags":[414,416,415,417,343],"class_list":["post-1065","post","type-post","status-publish","format-standard","has-post-thumbnail","hentry","category-geral","tag-baixa-renda","tag-cadunico-2","tag-energia-eletrica","tag-mercado-livre","tag-tarifa-social"],"yoast_head":"<!-- This site is optimized with the Yoast SEO plugin v25.0 - https:\/\/yoast.com\/wordpress\/plugins\/seo\/ -->\n<title>Conta de energia zerada: saiba quem tem direito ao benef\u00edcio<\/title>\n<meta name=\"robots\" content=\"index, follow, max-snippet:-1, max-image-preview:large, max-video-preview:-1\" \/>\n<link rel=\"canonical\" href=\"https:\/\/crusoe.audiencelabs.com.br\/conta-de-energia-zerada-saiba-quem-tem-direito-ao-beneficio\/\" \/>\n<meta property=\"og:locale\" content=\"pt_BR\" \/>\n<meta property=\"og:type\" content=\"article\" \/>\n<meta property=\"og:title\" content=\"Conta de energia zerada: saiba quem tem direito ao benef\u00edcio\" \/>\n<meta property=\"og:description\" content=\"Milh\u00f5es de brasileiros est\u00e3o prestes a receber um al\u00edvio nas contas de luz com as novas mudan\u00e7as na Tarifa Social de Energia El\u00e9trica (TSEE).&nbsp; Prevista para entrar em vigor em setembro deste ano, caso aprovada, esta medida provis\u00f3ria visa proporcionar gratuidade e descontos para fam\u00edlias cadastradas no Cadastro \u00danico (Cad\u00danico).&nbsp; A iniciativa faz parte das [&hellip;]\" \/>\n<meta property=\"og:url\" content=\"https:\/\/crusoe.audiencelabs.com.br\/conta-de-energia-zerada-saiba-quem-tem-direito-ao-beneficio\/\" \/>\n<meta property=\"og:site_name\" content=\"Variedades - Cruso\u00e9\" \/>\n<meta property=\"article:published_time\" content=\"2025-05-27T11:50:00+00:00\" \/>\n<meta property=\"og:image\" content=\"https:\/\/cdn.crusoe.com.br\/uploads\/2025\/05\/pexels-photo-1556704.webp\" \/>\n\t<meta property=\"og:image:width\" content=\"2258\" \/>\n\t<meta property=\"og:image:height\" content=\"1500\" \/>\n\t<meta property=\"og:image:type\" content=\"image\/webp\" \/>\n<meta name=\"author\" content=\"Milena Armando\" \/>\n<meta name=\"twitter:card\" content=\"summary_large_image\" \/>\n<meta name=\"twitter:label1\" content=\"Escrito por\" \/>\n\t<meta name=\"twitter:data1\" content=\"Milena Armando\" \/>\n\t<meta name=\"twitter:label2\" content=\"Est. tempo de leitura\" \/>\n\t<meta name=\"twitter:data2\" content=\"3 minutos\" \/>\n<script type=\"application\/ld+json\" class=\"yoast-schema-graph\">{\"@context\":\"https:\/\/schema.org\",\"@graph\":[{\"@type\":\"WebPage\",\"@id\":\"https:\/\/crusoe.audiencelabs.com.br\/conta-de-energia-zerada-saiba-quem-tem-direito-ao-beneficio\/\",\"url\":\"https:\/\/crusoe.audiencelabs.com.br\/conta-de-energia-zerada-saiba-quem-tem-direito-ao-beneficio\/\",\"name\":\"Conta de energia zerada: saiba quem tem direito ao benef\u00edcio\",\"isPartOf\":{\"@id\":\"https:\/\/crusoe.audiencelabs.com.br\/#website\"},\"primaryImageOfPage\":{\"@id\":\"https:\/\/crusoe.audiencelabs.com.br\/conta-de-energia-zerada-saiba-quem-tem-direito-ao-beneficio\/#primaryimage\"},\"image\":{\"@id\":\"https:\/\/crusoe.audiencelabs.com.br\/conta-de-energia-zerada-saiba-quem-tem-direito-ao-beneficio\/#primaryimage\"},\"thumbnailUrl\":\"https:\/\/cdn.crusoe.com.br\/uploads\/2025\/05\/pexels-photo-1556704.webp\",\"datePublished\":\"2025-05-27T11:50:00+00:00\",\"author\":{\"@id\":\"https:\/\/crusoe.audiencelabs.com.br\/#\/schema\/person\/f87f73cfe89e5360de2c006bd4bd6a74\"},\"breadcrumb\":{\"@id\":\"https:\/\/crusoe.audiencelabs.com.br\/conta-de-energia-zerada-saiba-quem-tem-direito-ao-beneficio\/#breadcrumb\"},\"inLanguage\":\"pt-BR\",\"potentialAction\":[{\"@type\":\"ReadAction\",\"target\":[\"https:\/\/crusoe.audiencelabs.com.br\/conta-de-energia-zerada-saiba-quem-tem-direito-ao-beneficio\/\"]}]},{\"@type\":\"ImageObject\",\"inLanguage\":\"pt-BR\",\"@id\":\"https:\/\/crusoe.audiencelabs.com.br\/conta-de-energia-zerada-saiba-quem-tem-direito-ao-beneficio\/#primaryimage\",\"url\":\"https:\/\/cdn.crusoe.com.br\/uploads\/2025\/05\/pexels-photo-1556704.webp\",\"contentUrl\":\"https:\/\/cdn.crusoe.com.br\/uploads\/2025\/05\/pexels-photo-1556704.webp\",\"width\":2258,\"height\":1500,\"caption\":\"Foto: Daniel Reche\"},{\"@type\":\"BreadcrumbList\",\"@id\":\"https:\/\/crusoe.audiencelabs.com.br\/conta-de-energia-zerada-saiba-quem-tem-direito-ao-beneficio\/#breadcrumb\",\"itemListElement\":[{\"@type\":\"ListItem\",\"position\":1,\"name\":\"Home\",\"item\":\"https:\/\/crusoe.audiencelabs.com.br\/\"},{\"@type\":\"ListItem\",\"position\":2,\"name\":\"Conta de energia zerada: saiba quem tem direito ao benef\u00edcio\"}]},{\"@type\":\"WebSite\",\"@id\":\"https:\/\/crusoe.audiencelabs.com.br\/#website\",\"url\":\"https:\/\/crusoe.audiencelabs.com.br\/\",\"name\":\"Variedades - Cruso\u00e9\",\"description\":\"\",\"potentialAction\":[{\"@type\":\"SearchAction\",\"target\":{\"@type\":\"EntryPoint\",\"urlTemplate\":\"https:\/\/crusoe.audiencelabs.com.br\/?s={search_term_string}\"},\"query-input\":{\"@type\":\"PropertyValueSpecification\",\"valueRequired\":true,\"valueName\":\"search_term_string\"}}],\"inLanguage\":\"pt-BR\"},{\"@type\":\"Person\",\"@id\":\"https:\/\/crusoe.audiencelabs.com.br\/#\/schema\/person\/f87f73cfe89e5360de2c006bd4bd6a74\",\"name\":\"Milena Armando\",\"image\":{\"@type\":\"ImageObject\",\"inLanguage\":\"pt-BR\",\"@id\":\"https:\/\/crusoe.audiencelabs.com.br\/#\/schema\/person\/image\/\",\"url\":\"https:\/\/secure.gravatar.com\/avatar\/ea14ecddc9e9d202b698b18f9f69e09c9fd74cfbed5c6008d55f11faefdbdab7?s=96&d=mm&r=g\",\"contentUrl\":\"https:\/\/secure.gravatar.com\/avatar\/ea14ecddc9e9d202b698b18f9f69e09c9fd74cfbed5c6008d55f11faefdbdab7?s=96&d=mm&r=g\",\"caption\":\"Milena Armando\"},\"description\":\"Jornalista, redatora e revisora.\",\"url\":\"https:\/\/crusoe.audiencelabs.com.br\/author\/milena\/\"}]}<\/script>\n<!-- \/ Yoast SEO plugin. -->","yoast_head_json":{"title":"Conta de energia zerada: saiba quem tem direito ao benef\u00edcio","robots":{"index":"index","follow":"follow","max-snippet":"max-snippet:-1","max-image-preview":"max-image-preview:large","max-video-preview":"max-video-preview:-1"},"canonical":"https:\/\/crusoe.audiencelabs.com.br\/conta-de-energia-zerada-saiba-quem-tem-direito-ao-beneficio\/","og_locale":"pt_BR","og_type":"article","og_title":"Conta de energia zerada: saiba quem tem direito ao benef\u00edcio","og_description":"Milh\u00f5es de brasileiros est\u00e3o prestes a receber um al\u00edvio nas contas de luz com as novas mudan\u00e7as na Tarifa Social de Energia El\u00e9trica (TSEE).&nbsp; Prevista para entrar em vigor em setembro deste ano, caso aprovada, esta medida provis\u00f3ria visa proporcionar gratuidade e descontos para fam\u00edlias cadastradas no Cadastro \u00danico (Cad\u00danico).&nbsp; A iniciativa faz parte das [&hellip;]","og_url":"https:\/\/crusoe.audiencelabs.com.br\/conta-de-energia-zerada-saiba-quem-tem-direito-ao-beneficio\/","og_site_name":"Variedades - Cruso\u00e9","article_published_time":"2025-05-27T11:50:00+00:00","og_image":[{"width":2258,"height":1500,"url":"https:\/\/cdn.crusoe.com.br\/uploads\/2025\/05\/pexels-photo-1556704.webp","type":"image\/webp"}],"author":"Milena Armando","twitter_card":"summary_large_image","twitter_misc":{"Escrito por":"Milena Armando","Est. tempo de leitura":"3 minutos"},"schema":{"@context":"https:\/\/schema.org","@graph":[{"@type":"WebPage","@id":"https:\/\/crusoe.audiencelabs.com.br\/conta-de-energia-zerada-saiba-quem-tem-direito-ao-beneficio\/","url":"https:\/\/crusoe.audiencelabs.com.br\/conta-de-energia-zerada-saiba-quem-tem-direito-ao-beneficio\/","name":"Conta de energia zerada: saiba quem tem direito ao benef\u00edcio","isPartOf":{"@id":"https:\/\/crusoe.audiencelabs.com.br\/#website"},"primaryImageOfPage":{"@id":"https:\/\/crusoe.audiencelabs.com.br\/conta-de-energia-zerada-saiba-quem-tem-direito-ao-beneficio\/#primaryimage"},"image":{"@id":"https:\/\/crusoe.audiencelabs.com.br\/conta-de-energia-zerada-saiba-quem-tem-direito-ao-beneficio\/#primaryimage"},"thumbnailUrl":"https:\/\/cdn.crusoe.com.br\/uploads\/2025\/05\/pexels-photo-1556704.webp","datePublished":"2025-05-27T11:50:00+00:00","author":{"@id":"https:\/\/crusoe.audiencelabs.com.br\/#\/schema\/person\/f87f73cfe89e5360de2c006bd4bd6a74"},"breadcrumb":{"@id":"https:\/\/crusoe.audiencelabs.com.br\/conta-de-energia-zerada-saiba-quem-tem-direito-ao-beneficio\/#breadcrumb"},"inLanguage":"pt-BR","potentialAction":[{"@type":"ReadAction","target":["https:\/\/crusoe.audiencelabs.com.br\/conta-de-energia-zerada-saiba-quem-tem-direito-ao-beneficio\/"]}]},{"@type":"ImageObject","inLanguage":"pt-BR","@id":"https:\/\/crusoe.audiencelabs.com.br\/conta-de-energia-zerada-saiba-quem-tem-direito-ao-beneficio\/#primaryimage","url":"https:\/\/cdn.crusoe.com.br\/uploads\/2025\/05\/pexels-photo-1556704.webp","contentUrl":"https:\/\/cdn.crusoe.com.br\/uploads\/2025\/05\/pexels-photo-1556704.webp","width":2258,"height":1500,"caption":"Foto: Daniel Reche"},{"@type":"BreadcrumbList","@id":"https:\/\/crusoe.audiencelabs.com.br\/conta-de-energia-zerada-saiba-quem-tem-direito-ao-beneficio\/#breadcrumb","itemListElement":[{"@type":"ListItem","position":1,"name":"Home","item":"https:\/\/crusoe.audiencelabs.com.br\/"},{"@type":"ListItem","position":2,"name":"Conta de energia zerada: saiba quem tem direito ao benef\u00edcio"}]},{"@type":"WebSite","@id":"https:\/\/crusoe.audiencelabs.com.br\/#website","url":"https:\/\/crusoe.audiencelabs.com.br\/","name":"Variedades - Cruso\u00e9","description":"","potentialAction":[{"@type":"SearchAction","target":{"@type":"EntryPoint","urlTemplate":"https:\/\/crusoe.audiencelabs.com.br\/?s={search_term_string}"},"query-input":{"@type":"PropertyValueSpecification","valueRequired":true,"valueName":"search_term_string"}}],"inLanguage":"pt-BR"},{"@type":"Person","@id":"https:\/\/crusoe.audiencelabs.com.br\/#\/schema\/person\/f87f73cfe89e5360de2c006bd4bd6a74","name":"Milena Armando","image":{"@type":"ImageObject","inLanguage":"pt-BR","@id":"https:\/\/crusoe.audiencelabs.com.br\/#\/schema\/person\/image\/","url":"https:\/\/secure.gravatar.com\/avatar\/ea14ecddc9e9d202b698b18f9f69e09c9fd74cfbed5c6008d55f11faefdbdab7?s=96&d=mm&r=g","contentUrl":"https:\/\/secure.gravatar.com\/avatar\/ea14ecddc9e9d202b698b18f9f69e09c9fd74cfbed5c6008d55f11faefdbdab7?s=96&d=mm&r=g","caption":"Milena Armando"},"description":"Jornalista, redatora e revisora.","url":"https:\/\/crusoe.audiencelabs.com.br\/author\/milena\/"}]}},"_links":{"self":[{"href":"https:\/\/crusoe.audiencelabs.com.br\/wp-json\/wp\/v2\/posts\/1065","targetHints":{"allow":["GET"]}}],"collection":[{"href":"https:\/\/crusoe.audiencelabs.com.br\/wp-json\/wp\/v2\/posts"}],"about":[{"href":"https:\/\/crusoe.audiencelabs.com.br\/wp-json\/wp\/v2\/types\/post"}],"author":[{"embeddable":true,"href":"https:\/\/crusoe.audiencelabs.com.br\/wp-json\/wp\/v2\/users\/5"}],"replies":[{"embeddable":true,"href":"https:\/\/crusoe.audiencelabs.com.br\/wp-json\/wp\/v2\/comments?post=1065"}],"version-history":[{"count":1,"href":"https:\/\/crusoe.audiencelabs.com.br\/wp-json\/wp\/v2\/posts\/1065\/revisions"}],"predecessor-version":[{"id":1067,"href":"https:\/\/crusoe.audiencelabs.com.br\/wp-json\/wp\/v2\/posts\/1065\/revisions\/1067"}],"wp:featuredmedia":[{"embeddable":true,"href":"https:\/\/crusoe.audiencelabs.com.br\/wp-json\/wp\/v2\/media\/1066"}],"wp:attachment":[{"href":"https:\/\/crusoe.audiencelabs.com.br\/wp-json\/wp\/v2\/media?parent=1065"}],"wp:term":[{"taxonomy":"category","embeddable":true,"href":"https:\/\/crusoe.audiencelabs.com.br\/wp-json\/wp\/v2\/categories?post=1065"},{"taxonomy":"post_tag","embeddable":true,"href":"https:\/\/crusoe.audiencelabs.com.br\/wp-json\/wp\/v2\/tags?post=1065"}],"curies":[{"name":"wp","href":"https:\/\/api.w.org\/{rel}","templated":true}]}}