{"id":1038,"date":"2025-05-26T15:23:54","date_gmt":"2025-05-26T18:23:54","guid":{"rendered":"https:\/\/crusoe.com.br\/variedades\/?p=1038"},"modified":"2025-05-26T15:24:24","modified_gmt":"2025-05-26T18:24:24","slug":"fim-da-reeleicao-impasse-no-senado-pode-adiar-votacao","status":"publish","type":"post","link":"https:\/\/crusoe.audiencelabs.com.br\/fim-da-reeleicao-impasse-no-senado-pode-adiar-votacao\/","title":{"rendered":"Fim da reelei\u00e7\u00e3o: impasse no Senado pode adiar vota\u00e7\u00e3o"},"content":{"rendered":"\n<p>Apesar do desejo do presidente do Senado, <strong>Davi Alcolumbre (Uni\u00e3o Brasil-AP)<\/strong>, de aprovar a PEC que mudaria as regras de reelei\u00e7\u00e3o do Executivo o quanto antes, diverg\u00eancias podem acabar adiando a vota\u00e7\u00e3o.<\/p>\n\n\n\n<p>De acordo com senadores, o texto atual n\u00e3o agrada a uma grande parcela do Senado, incluindo Alcolumbre, resultando em um grande impasse.<\/p>\n\n\n\n<p>O problema estaria centrado principalmente nos trechos que modificam a dura\u00e7\u00e3o de mandatos, incluindo os de senadores, e unificam as elei\u00e7\u00f5es municipais e nacionais, gerando resist\u00eancia entre os representantes.<\/p>\n\n\n\n<p>Aliados de Alcolumbre afirmam que o presidente do Senado ainda defende a extin\u00e7\u00e3o da reelei\u00e7\u00e3o no Executivo. Por\u00e9m, por conta das diverg\u00eancias, ele pode adiar a an\u00e1lise da proposta para o segundo semestre de 2025.<\/p>\n\n\n\n<p>Outros senadores ainda apontam que a PEC pode gerar ainda mais problemas na C\u00e2mara dos Deputados, uma vez que a unifica\u00e7\u00e3o de datas pode ser prejudicial para campanhas municipais, na avalia\u00e7\u00e3o de parlamentares.<\/p>\n\n\n\n<h2 class=\"wp-block-heading\">Relator da PEC do fim da reelei\u00e7\u00e3o negocia aprova\u00e7\u00e3o no plen\u00e1rio<\/h2>\n\n\n\n<p>Em entrevista \u00e0 R\u00e1dio Eldorado, o senador Marcelo Castro (MDB-PI), que \u00e9 o relator da PEC do fim da reelei\u00e7\u00e3o, comentou sobre a import\u00e2ncia do projeto.<\/p>\n\n\n\n<p>Segundo o pol\u00edtico, a reelei\u00e7\u00e3o <strong>\u201cfoi um grande malef\u00edcio \u00e0 gest\u00e3o p\u00fablica\u201d<\/strong> pois os gestores <strong>\u201cvoltam a sua cabe\u00e7a visando mais resultados eleitorais do que uma gest\u00e3o eficaz, o que prejudica obras estruturantes de m\u00e9dio e longo prazo\u201d<\/strong> (via Isto\u00e9).<\/p>\n\n\n\n<p>Com isso, Castro afirmou que pretende se reunir com Davi Alcolumbre e o plen\u00e1rio para negociar a vota\u00e7\u00e3o, afirmando estar disposto a fazer acordos, caso necess\u00e1rio, retomando a proposta original que previa mandato de dez anos para senadores.<\/p>\n\n\n\n<p>Enquanto isso, o futuro da PEC permanece incerto. Por mais que a meta de tentar aprovar o projeto ainda este ano continue sendo o objetivo central, agora, \u00e9 essencial resolver as diferen\u00e7as entre as partes.<\/p>\n","protected":false},"excerpt":{"rendered":"<p>Apesar do desejo do presidente do Senado, Davi Alcolumbre (Uni\u00e3o Brasil-AP), de aprovar a PEC que mudaria as regras de reelei\u00e7\u00e3o do Executivo o quanto antes, diverg\u00eancias podem acabar adiando a vota\u00e7\u00e3o. De acordo com senadores, o texto atual n\u00e3o agrada a uma grande parcela do Senado, incluindo Alcolumbre, resultando em um grande impasse. O [&hellip;]<\/p>\n","protected":false},"author":7,"featured_media":1039,"comment_status":"open","ping_status":"open","sticky":false,"template":"","format":"standard","meta":{"jnews-multi-image_gallery":[],"jnews_single_post":{"format":"standard"},"jnews_primary_category":[],"jnews_override_counter":[],"jnews_post_split":[],"footnotes":""},"categories":[1],"tags":[],"class_list":["post-1038","post","type-post","status-publish","format-standard","has-post-thumbnail","hentry","category-geral"],"yoast_head":"<!-- This site is optimized with the Yoast SEO plugin v25.0 - https:\/\/yoast.com\/wordpress\/plugins\/seo\/ -->\n<title>Fim da reelei\u00e7\u00e3o: impasse no Senado pode adiar vota\u00e7\u00e3o<\/title>\n<meta name=\"robots\" content=\"index, follow, max-snippet:-1, max-image-preview:large, max-video-preview:-1\" \/>\n<link rel=\"canonical\" href=\"https:\/\/crusoe.audiencelabs.com.br\/fim-da-reeleicao-impasse-no-senado-pode-adiar-votacao\/\" \/>\n<meta property=\"og:locale\" content=\"pt_BR\" \/>\n<meta property=\"og:type\" content=\"article\" \/>\n<meta property=\"og:title\" content=\"Fim da reelei\u00e7\u00e3o: impasse no Senado pode adiar vota\u00e7\u00e3o\" \/>\n<meta property=\"og:description\" content=\"Apesar do desejo do presidente do Senado, Davi Alcolumbre (Uni\u00e3o Brasil-AP), de aprovar a PEC que mudaria as regras de reelei\u00e7\u00e3o do Executivo o quanto antes, diverg\u00eancias podem acabar adiando a vota\u00e7\u00e3o. De acordo com senadores, o texto atual n\u00e3o agrada a uma grande parcela do Senado, incluindo Alcolumbre, resultando em um grande impasse. O [&hellip;]\" \/>\n<meta property=\"og:url\" content=\"https:\/\/crusoe.audiencelabs.com.br\/fim-da-reeleicao-impasse-no-senado-pode-adiar-votacao\/\" \/>\n<meta property=\"og:site_name\" content=\"Variedades - Cruso\u00e9\" \/>\n<meta property=\"article:published_time\" content=\"2025-05-26T18:23:54+00:00\" \/>\n<meta property=\"article:modified_time\" content=\"2025-05-26T18:24:24+00:00\" \/>\n<meta property=\"og:image\" content=\"https:\/\/cdn.crusoe.com.br\/uploads\/2025\/05\/impasse-senado-reeleicao.webp\" \/>\n\t<meta property=\"og:image:width\" content=\"1280\" \/>\n\t<meta property=\"og:image:height\" content=\"720\" \/>\n\t<meta property=\"og:image:type\" content=\"image\/webp\" \/>\n<meta name=\"author\" content=\"Jo\u00e3o Carlos Gomes\" \/>\n<meta name=\"twitter:card\" content=\"summary_large_image\" \/>\n<meta name=\"twitter:label1\" content=\"Escrito por\" \/>\n\t<meta name=\"twitter:data1\" content=\"Jo\u00e3o Carlos Gomes\" \/>\n\t<meta name=\"twitter:label2\" content=\"Est. tempo de leitura\" \/>\n\t<meta name=\"twitter:data2\" content=\"2 minutos\" \/>\n<script type=\"application\/ld+json\" class=\"yoast-schema-graph\">{\"@context\":\"https:\/\/schema.org\",\"@graph\":[{\"@type\":\"WebPage\",\"@id\":\"https:\/\/crusoe.audiencelabs.com.br\/fim-da-reeleicao-impasse-no-senado-pode-adiar-votacao\/\",\"url\":\"https:\/\/crusoe.audiencelabs.com.br\/fim-da-reeleicao-impasse-no-senado-pode-adiar-votacao\/\",\"name\":\"Fim da reelei\u00e7\u00e3o: impasse no Senado pode adiar vota\u00e7\u00e3o\",\"isPartOf\":{\"@id\":\"https:\/\/crusoe.audiencelabs.com.br\/#website\"},\"primaryImageOfPage\":{\"@id\":\"https:\/\/crusoe.audiencelabs.com.br\/fim-da-reeleicao-impasse-no-senado-pode-adiar-votacao\/#primaryimage\"},\"image\":{\"@id\":\"https:\/\/crusoe.audiencelabs.com.br\/fim-da-reeleicao-impasse-no-senado-pode-adiar-votacao\/#primaryimage\"},\"thumbnailUrl\":\"https:\/\/cdn.crusoe.com.br\/uploads\/2025\/05\/impasse-senado-reeleicao.webp\",\"datePublished\":\"2025-05-26T18:23:54+00:00\",\"dateModified\":\"2025-05-26T18:24:24+00:00\",\"author\":{\"@id\":\"https:\/\/crusoe.audiencelabs.com.br\/#\/schema\/person\/4a23399b23149df2eab6637fd2fd2bfc\"},\"breadcrumb\":{\"@id\":\"https:\/\/crusoe.audiencelabs.com.br\/fim-da-reeleicao-impasse-no-senado-pode-adiar-votacao\/#breadcrumb\"},\"inLanguage\":\"pt-BR\",\"potentialAction\":[{\"@type\":\"ReadAction\",\"target\":[\"https:\/\/crusoe.audiencelabs.com.br\/fim-da-reeleicao-impasse-no-senado-pode-adiar-votacao\/\"]}]},{\"@type\":\"ImageObject\",\"inLanguage\":\"pt-BR\",\"@id\":\"https:\/\/crusoe.audiencelabs.com.br\/fim-da-reeleicao-impasse-no-senado-pode-adiar-votacao\/#primaryimage\",\"url\":\"https:\/\/cdn.crusoe.com.br\/uploads\/2025\/05\/impasse-senado-reeleicao.webp\",\"contentUrl\":\"https:\/\/cdn.crusoe.com.br\/uploads\/2025\/05\/impasse-senado-reeleicao.webp\",\"width\":1280,\"height\":720,\"caption\":\"Foto: Marcello Casal Jr\/Ag\u00eancia Brasil\"},{\"@type\":\"BreadcrumbList\",\"@id\":\"https:\/\/crusoe.audiencelabs.com.br\/fim-da-reeleicao-impasse-no-senado-pode-adiar-votacao\/#breadcrumb\",\"itemListElement\":[{\"@type\":\"ListItem\",\"position\":1,\"name\":\"Home\",\"item\":\"https:\/\/crusoe.audiencelabs.com.br\/\"},{\"@type\":\"ListItem\",\"position\":2,\"name\":\"Fim da reelei\u00e7\u00e3o: impasse no Senado pode adiar vota\u00e7\u00e3o\"}]},{\"@type\":\"WebSite\",\"@id\":\"https:\/\/crusoe.audiencelabs.com.br\/#website\",\"url\":\"https:\/\/crusoe.audiencelabs.com.br\/\",\"name\":\"Variedades - Cruso\u00e9\",\"description\":\"\",\"potentialAction\":[{\"@type\":\"SearchAction\",\"target\":{\"@type\":\"EntryPoint\",\"urlTemplate\":\"https:\/\/crusoe.audiencelabs.com.br\/?s={search_term_string}\"},\"query-input\":{\"@type\":\"PropertyValueSpecification\",\"valueRequired\":true,\"valueName\":\"search_term_string\"}}],\"inLanguage\":\"pt-BR\"},{\"@type\":\"Person\",\"@id\":\"https:\/\/crusoe.audiencelabs.com.br\/#\/schema\/person\/4a23399b23149df2eab6637fd2fd2bfc\",\"name\":\"Jo\u00e3o Carlos Gomes\",\"image\":{\"@type\":\"ImageObject\",\"inLanguage\":\"pt-BR\",\"@id\":\"https:\/\/crusoe.audiencelabs.com.br\/#\/schema\/person\/image\/\",\"url\":\"https:\/\/secure.gravatar.com\/avatar\/4ce4672dbdd694b329cd6fdb51bee7d1409be1f0ff76a537e4c4a737b2c7d1a9?s=96&d=mm&r=g\",\"contentUrl\":\"https:\/\/secure.gravatar.com\/avatar\/4ce4672dbdd694b329cd6fdb51bee7d1409be1f0ff76a537e4c4a737b2c7d1a9?s=96&d=mm&r=g\",\"caption\":\"Jo\u00e3o Carlos Gomes\"},\"description\":\"Jornalista, criador de conte\u00fado e m\u00fasico independente nas horas vagas.\",\"url\":\"https:\/\/crusoe.audiencelabs.com.br\/author\/joaoc-junior66\/\"}]}<\/script>\n<!-- \/ Yoast SEO plugin. -->","yoast_head_json":{"title":"Fim da reelei\u00e7\u00e3o: impasse no Senado pode adiar vota\u00e7\u00e3o","robots":{"index":"index","follow":"follow","max-snippet":"max-snippet:-1","max-image-preview":"max-image-preview:large","max-video-preview":"max-video-preview:-1"},"canonical":"https:\/\/crusoe.audiencelabs.com.br\/fim-da-reeleicao-impasse-no-senado-pode-adiar-votacao\/","og_locale":"pt_BR","og_type":"article","og_title":"Fim da reelei\u00e7\u00e3o: impasse no Senado pode adiar vota\u00e7\u00e3o","og_description":"Apesar do desejo do presidente do Senado, Davi Alcolumbre (Uni\u00e3o Brasil-AP), de aprovar a PEC que mudaria as regras de reelei\u00e7\u00e3o do Executivo o quanto antes, diverg\u00eancias podem acabar adiando a vota\u00e7\u00e3o. De acordo com senadores, o texto atual n\u00e3o agrada a uma grande parcela do Senado, incluindo Alcolumbre, resultando em um grande impasse. O [&hellip;]","og_url":"https:\/\/crusoe.audiencelabs.com.br\/fim-da-reeleicao-impasse-no-senado-pode-adiar-votacao\/","og_site_name":"Variedades - Cruso\u00e9","article_published_time":"2025-05-26T18:23:54+00:00","article_modified_time":"2025-05-26T18:24:24+00:00","og_image":[{"width":1280,"height":720,"url":"https:\/\/cdn.crusoe.com.br\/uploads\/2025\/05\/impasse-senado-reeleicao.webp","type":"image\/webp"}],"author":"Jo\u00e3o Carlos Gomes","twitter_card":"summary_large_image","twitter_misc":{"Escrito por":"Jo\u00e3o Carlos Gomes","Est. tempo de leitura":"2 minutos"},"schema":{"@context":"https:\/\/schema.org","@graph":[{"@type":"WebPage","@id":"https:\/\/crusoe.audiencelabs.com.br\/fim-da-reeleicao-impasse-no-senado-pode-adiar-votacao\/","url":"https:\/\/crusoe.audiencelabs.com.br\/fim-da-reeleicao-impasse-no-senado-pode-adiar-votacao\/","name":"Fim da reelei\u00e7\u00e3o: impasse no Senado pode adiar vota\u00e7\u00e3o","isPartOf":{"@id":"https:\/\/crusoe.audiencelabs.com.br\/#website"},"primaryImageOfPage":{"@id":"https:\/\/crusoe.audiencelabs.com.br\/fim-da-reeleicao-impasse-no-senado-pode-adiar-votacao\/#primaryimage"},"image":{"@id":"https:\/\/crusoe.audiencelabs.com.br\/fim-da-reeleicao-impasse-no-senado-pode-adiar-votacao\/#primaryimage"},"thumbnailUrl":"https:\/\/cdn.crusoe.com.br\/uploads\/2025\/05\/impasse-senado-reeleicao.webp","datePublished":"2025-05-26T18:23:54+00:00","dateModified":"2025-05-26T18:24:24+00:00","author":{"@id":"https:\/\/crusoe.audiencelabs.com.br\/#\/schema\/person\/4a23399b23149df2eab6637fd2fd2bfc"},"breadcrumb":{"@id":"https:\/\/crusoe.audiencelabs.com.br\/fim-da-reeleicao-impasse-no-senado-pode-adiar-votacao\/#breadcrumb"},"inLanguage":"pt-BR","potentialAction":[{"@type":"ReadAction","target":["https:\/\/crusoe.audiencelabs.com.br\/fim-da-reeleicao-impasse-no-senado-pode-adiar-votacao\/"]}]},{"@type":"ImageObject","inLanguage":"pt-BR","@id":"https:\/\/crusoe.audiencelabs.com.br\/fim-da-reeleicao-impasse-no-senado-pode-adiar-votacao\/#primaryimage","url":"https:\/\/cdn.crusoe.com.br\/uploads\/2025\/05\/impasse-senado-reeleicao.webp","contentUrl":"https:\/\/cdn.crusoe.com.br\/uploads\/2025\/05\/impasse-senado-reeleicao.webp","width":1280,"height":720,"caption":"Foto: Marcello Casal Jr\/Ag\u00eancia Brasil"},{"@type":"BreadcrumbList","@id":"https:\/\/crusoe.audiencelabs.com.br\/fim-da-reeleicao-impasse-no-senado-pode-adiar-votacao\/#breadcrumb","itemListElement":[{"@type":"ListItem","position":1,"name":"Home","item":"https:\/\/crusoe.audiencelabs.com.br\/"},{"@type":"ListItem","position":2,"name":"Fim da reelei\u00e7\u00e3o: impasse no Senado pode adiar vota\u00e7\u00e3o"}]},{"@type":"WebSite","@id":"https:\/\/crusoe.audiencelabs.com.br\/#website","url":"https:\/\/crusoe.audiencelabs.com.br\/","name":"Variedades - Cruso\u00e9","description":"","potentialAction":[{"@type":"SearchAction","target":{"@type":"EntryPoint","urlTemplate":"https:\/\/crusoe.audiencelabs.com.br\/?s={search_term_string}"},"query-input":{"@type":"PropertyValueSpecification","valueRequired":true,"valueName":"search_term_string"}}],"inLanguage":"pt-BR"},{"@type":"Person","@id":"https:\/\/crusoe.audiencelabs.com.br\/#\/schema\/person\/4a23399b23149df2eab6637fd2fd2bfc","name":"Jo\u00e3o Carlos Gomes","image":{"@type":"ImageObject","inLanguage":"pt-BR","@id":"https:\/\/crusoe.audiencelabs.com.br\/#\/schema\/person\/image\/","url":"https:\/\/secure.gravatar.com\/avatar\/4ce4672dbdd694b329cd6fdb51bee7d1409be1f0ff76a537e4c4a737b2c7d1a9?s=96&d=mm&r=g","contentUrl":"https:\/\/secure.gravatar.com\/avatar\/4ce4672dbdd694b329cd6fdb51bee7d1409be1f0ff76a537e4c4a737b2c7d1a9?s=96&d=mm&r=g","caption":"Jo\u00e3o Carlos Gomes"},"description":"Jornalista, criador de conte\u00fado e m\u00fasico independente nas horas vagas.","url":"https:\/\/crusoe.audiencelabs.com.br\/author\/joaoc-junior66\/"}]}},"_links":{"self":[{"href":"https:\/\/crusoe.audiencelabs.com.br\/wp-json\/wp\/v2\/posts\/1038","targetHints":{"allow":["GET"]}}],"collection":[{"href":"https:\/\/crusoe.audiencelabs.com.br\/wp-json\/wp\/v2\/posts"}],"about":[{"href":"https:\/\/crusoe.audiencelabs.com.br\/wp-json\/wp\/v2\/types\/post"}],"author":[{"embeddable":true,"href":"https:\/\/crusoe.audiencelabs.com.br\/wp-json\/wp\/v2\/users\/7"}],"replies":[{"embeddable":true,"href":"https:\/\/crusoe.audiencelabs.com.br\/wp-json\/wp\/v2\/comments?post=1038"}],"version-history":[{"count":1,"href":"https:\/\/crusoe.audiencelabs.com.br\/wp-json\/wp\/v2\/posts\/1038\/revisions"}],"predecessor-version":[{"id":1049,"href":"https:\/\/crusoe.audiencelabs.com.br\/wp-json\/wp\/v2\/posts\/1038\/revisions\/1049"}],"wp:featuredmedia":[{"embeddable":true,"href":"https:\/\/crusoe.audiencelabs.com.br\/wp-json\/wp\/v2\/media\/1039"}],"wp:attachment":[{"href":"https:\/\/crusoe.audiencelabs.com.br\/wp-json\/wp\/v2\/media?parent=1038"}],"wp:term":[{"taxonomy":"category","embeddable":true,"href":"https:\/\/crusoe.audiencelabs.com.br\/wp-json\/wp\/v2\/categories?post=1038"},{"taxonomy":"post_tag","embeddable":true,"href":"https:\/\/crusoe.audiencelabs.com.br\/wp-json\/wp\/v2\/tags?post=1038"}],"curies":[{"name":"wp","href":"https:\/\/api.w.org\/{rel}","templated":true}]}}