{"id":10369,"date":"2025-08-18T15:30:00","date_gmt":"2025-08-18T18:30:00","guid":{"rendered":"https:\/\/crusoe.com.br\/variedades\/?p=10369"},"modified":"2025-08-18T20:11:44","modified_gmt":"2025-08-18T23:11:44","slug":"onde-a-nova-serie-alien-earth-se-posiciona-na-saga-alien","status":"publish","type":"post","link":"https:\/\/crusoe.audiencelabs.com.br\/onde-a-nova-serie-alien-earth-se-posiciona-na-saga-alien\/","title":{"rendered":"Onde a nova s\u00e9rie Alien: Earth se posiciona na saga Alien"},"content":{"rendered":"\n<p>A <strong>saga Alien <\/strong>traz um novo cap\u00edtulo que tem despertado a aten\u00e7\u00e3o dos f\u00e3s: <strong>Alien: Earth<\/strong>. Este enredo estrat\u00e9gico se posiciona na cronologia da franquia, destacando-se entre os eventos cinematogr\u00e1ficos j\u00e1 estabelecidos.&nbsp;<\/p>\n\n\n\n<p>A s\u00e9rie, ambientada em 2120, ocorre <strong>dois anos antes de Alien &#8211; O 8\u00ba Passageiro (1979)<\/strong>, explorando uma nova faceta neste universo de fic\u00e7\u00e3o cient\u00edfica e terror.<\/p>\n\n\n\n<p>A localiza\u00e7\u00e3o temporal permite que f\u00e3s acompanhem eventos cruciais que antecedem o primeiro contato da tripula\u00e7\u00e3o da Nostromo com os mortais xenomorfos. Pela primeira vez, a trama se desenrola na Terra, trazendo \u00e0 tona os consequentes perigos.<\/p>\n\n\n\n<figure class=\"wp-block-embed aligncenter is-type-video is-provider-youtube wp-block-embed-youtube wp-embed-aspect-16-9 wp-has-aspect-ratio\"><div class=\"wp-block-embed__wrapper\">\n<div class=\"jeg_video_container jeg_video_content\"><iframe loading=\"lazy\" title=\"Alien: Earth | Trailer Oficial Dublado | Disney+\" width=\"500\" height=\"281\" src=\"https:\/\/www.youtube.com\/embed\/IxTYXVyNOfk?feature=oembed\" frameborder=\"0\" allow=\"accelerometer; autoplay; clipboard-write; encrypted-media; gyroscope; picture-in-picture; web-share\" referrerpolicy=\"strict-origin-when-cross-origin\" allowfullscreen><\/iframe><\/div>\n<\/div><\/figure>\n\n\n\n<h2 class=\"wp-block-heading\">Posicionamento na linha do tempo<\/h2>\n\n\n\n<h3 class=\"wp-block-heading\">Prel\u00fadios e sequ\u00eancias<\/h3>\n\n\n\n<p>A cronologia de Alien n\u00e3o segue uma ordem linear de lan\u00e7amento. Prometheus (2012), se situa entre 2089 e 2093, introduzindo as ancestrais amea\u00e7as alien\u00edgenas.&nbsp;<\/p>\n\n\n\n<p>Em seguida, temos Alien: Covenant (2017), decorrendo em 2104. Posteriormente, em 2122, os eventos de Alien &#8211; O 8\u00ba Passageiro ganham vida. Este cen\u00e1rio \u00e9 seguido por Alien: Romulus (2024), em 2142, e Aliens, o Resgate (1986), em 2179. Assim, Alien: Earth preenche lacunas e conecta essa narrativa integrada.<\/p>\n\n\n\n<h3 class=\"wp-block-heading\">Trama e novo cen\u00e1rio<\/h3>\n\n\n\n<p>Nesta nova produ\u00e7\u00e3o, humanos, ciborgues e sint\u00e9ticos convivem em um mundo dominado por gigantes corporativos.&nbsp;A s\u00e9rie destaca a Prodigy Corporation, l\u00edder em inova\u00e7\u00e3o tecnol\u00f3gica, ao introduzir &#8220;h\u00edbridos&#8221; &#8211; rob\u00f4s humanoides possuidores de consci\u00eancia humana. Esta abordagem adiciona camadas ao enredo, expandindo os desenlaces poss\u00edveis do conflito xenomorfo.<\/p>\n\n\n\n<h2 class=\"wp-block-heading\">Extens\u00e3o e novas perspectivas<\/h2>\n\n\n\n<p>Alien: Earth n\u00e3o apenas se insere em uma linha temporal, mas amplia as possibilidades dentro do universo Alien.\u00a0A s\u00e9rie abre espa\u00e7o para que epis\u00f3dios futuros investiguem ainda mais detalhes e rela\u00e7\u00f5es entre eventos da Terra e as hist\u00f3rias subsequentes nos filmes. <\/p>\n\n\n\n<p>A proximidade com o primeiro filme sugere uma interliga\u00e7\u00e3o narrativa, oferecendo oportunidades para narrativas interativas e coerentes.<\/p>\n\n\n\n<p>Alien: Earth adiciona uma perspectiva renovada \u00e0 trajet\u00f3ria de Alien, firmando-se como um elo essencial na cronologia e ampliando a compreens\u00e3o sobre os xenomorfos e suas consequ\u00eancias na Terra e al\u00e9m.&nbsp;<\/p>\n","protected":false},"excerpt":{"rendered":"<p>A saga Alien traz um novo cap\u00edtulo que tem despertado a aten\u00e7\u00e3o dos f\u00e3s: Alien: Earth. Este enredo estrat\u00e9gico se posiciona na cronologia da franquia, destacando-se entre os eventos cinematogr\u00e1ficos j\u00e1 estabelecidos.&nbsp; A s\u00e9rie, ambientada em 2120, ocorre dois anos antes de Alien &#8211; O 8\u00ba Passageiro (1979), explorando uma nova faceta neste universo de [&hellip;]<\/p>\n","protected":false},"author":5,"featured_media":10370,"comment_status":"open","ping_status":"open","sticky":false,"template":"","format":"standard","meta":{"jnews-multi-image_gallery":[],"jnews_single_post":{"format":"standard"},"jnews_primary_category":[],"jnews_override_counter":[],"jnews_post_split":[],"footnotes":""},"categories":[1],"tags":[1959,1960],"class_list":["post-10369","post","type-post","status-publish","format-standard","has-post-thumbnail","hentry","category-geral","tag-alien-earth","tag-cronologia"],"yoast_head":"<!-- This site is optimized with the Yoast SEO plugin v25.0 - https:\/\/yoast.com\/wordpress\/plugins\/seo\/ -->\n<title>Onde a nova s\u00e9rie Alien: Earth se posiciona na saga Alien<\/title>\n<meta name=\"robots\" content=\"index, follow, max-snippet:-1, max-image-preview:large, max-video-preview:-1\" \/>\n<link rel=\"canonical\" href=\"https:\/\/crusoe.audiencelabs.com.br\/onde-a-nova-serie-alien-earth-se-posiciona-na-saga-alien\/\" \/>\n<meta property=\"og:locale\" content=\"pt_BR\" \/>\n<meta property=\"og:type\" content=\"article\" \/>\n<meta property=\"og:title\" content=\"Onde a nova s\u00e9rie Alien: Earth se posiciona na saga Alien\" \/>\n<meta property=\"og:description\" content=\"A saga Alien traz um novo cap\u00edtulo que tem despertado a aten\u00e7\u00e3o dos f\u00e3s: Alien: Earth. Este enredo estrat\u00e9gico se posiciona na cronologia da franquia, destacando-se entre os eventos cinematogr\u00e1ficos j\u00e1 estabelecidos.&nbsp; A s\u00e9rie, ambientada em 2120, ocorre dois anos antes de Alien &#8211; O 8\u00ba Passageiro (1979), explorando uma nova faceta neste universo de [&hellip;]\" \/>\n<meta property=\"og:url\" content=\"https:\/\/crusoe.audiencelabs.com.br\/onde-a-nova-serie-alien-earth-se-posiciona-na-saga-alien\/\" \/>\n<meta property=\"og:site_name\" content=\"Variedades - Cruso\u00e9\" \/>\n<meta property=\"article:published_time\" content=\"2025-08-18T18:30:00+00:00\" \/>\n<meta property=\"article:modified_time\" content=\"2025-08-18T23:11:44+00:00\" \/>\n<meta property=\"og:image\" content=\"https:\/\/cdn.crusoe.com.br\/uploads\/2025\/08\/alien_earth_1x01_1x02_terra_do_nunca_mr_october_plano_critico.jpg\" \/>\n\t<meta property=\"og:image:width\" content=\"1170\" \/>\n\t<meta property=\"og:image:height\" content=\"780\" \/>\n\t<meta property=\"og:image:type\" content=\"image\/jpeg\" \/>\n<meta name=\"author\" content=\"Milena Armando\" \/>\n<meta name=\"twitter:card\" content=\"summary_large_image\" \/>\n<meta name=\"twitter:label1\" content=\"Escrito por\" \/>\n\t<meta name=\"twitter:data1\" content=\"Milena Armando\" \/>\n\t<meta name=\"twitter:label2\" content=\"Est. tempo de leitura\" \/>\n\t<meta name=\"twitter:data2\" content=\"2 minutos\" \/>\n<script type=\"application\/ld+json\" class=\"yoast-schema-graph\">{\"@context\":\"https:\/\/schema.org\",\"@graph\":[{\"@type\":\"WebPage\",\"@id\":\"https:\/\/crusoe.audiencelabs.com.br\/onde-a-nova-serie-alien-earth-se-posiciona-na-saga-alien\/\",\"url\":\"https:\/\/crusoe.audiencelabs.com.br\/onde-a-nova-serie-alien-earth-se-posiciona-na-saga-alien\/\",\"name\":\"Onde a nova s\u00e9rie Alien: Earth se posiciona na saga Alien\",\"isPartOf\":{\"@id\":\"https:\/\/crusoe.audiencelabs.com.br\/#website\"},\"primaryImageOfPage\":{\"@id\":\"https:\/\/crusoe.audiencelabs.com.br\/onde-a-nova-serie-alien-earth-se-posiciona-na-saga-alien\/#primaryimage\"},\"image\":{\"@id\":\"https:\/\/crusoe.audiencelabs.com.br\/onde-a-nova-serie-alien-earth-se-posiciona-na-saga-alien\/#primaryimage\"},\"thumbnailUrl\":\"https:\/\/cdn.crusoe.com.br\/uploads\/2025\/08\/alien_earth_1x01_1x02_terra_do_nunca_mr_october_plano_critico.jpg\",\"datePublished\":\"2025-08-18T18:30:00+00:00\",\"dateModified\":\"2025-08-18T23:11:44+00:00\",\"author\":{\"@id\":\"https:\/\/crusoe.audiencelabs.com.br\/#\/schema\/person\/f87f73cfe89e5360de2c006bd4bd6a74\"},\"breadcrumb\":{\"@id\":\"https:\/\/crusoe.audiencelabs.com.br\/onde-a-nova-serie-alien-earth-se-posiciona-na-saga-alien\/#breadcrumb\"},\"inLanguage\":\"pt-BR\",\"potentialAction\":[{\"@type\":\"ReadAction\",\"target\":[\"https:\/\/crusoe.audiencelabs.com.br\/onde-a-nova-serie-alien-earth-se-posiciona-na-saga-alien\/\"]}]},{\"@type\":\"ImageObject\",\"inLanguage\":\"pt-BR\",\"@id\":\"https:\/\/crusoe.audiencelabs.com.br\/onde-a-nova-serie-alien-earth-se-posiciona-na-saga-alien\/#primaryimage\",\"url\":\"https:\/\/cdn.crusoe.com.br\/uploads\/2025\/08\/alien_earth_1x01_1x02_terra_do_nunca_mr_october_plano_critico.jpg\",\"contentUrl\":\"https:\/\/cdn.crusoe.com.br\/uploads\/2025\/08\/alien_earth_1x01_1x02_terra_do_nunca_mr_october_plano_critico.jpg\",\"width\":1170,\"height\":780,\"caption\":\"Foto: Plano Cr\u00edtico\"},{\"@type\":\"BreadcrumbList\",\"@id\":\"https:\/\/crusoe.audiencelabs.com.br\/onde-a-nova-serie-alien-earth-se-posiciona-na-saga-alien\/#breadcrumb\",\"itemListElement\":[{\"@type\":\"ListItem\",\"position\":1,\"name\":\"Home\",\"item\":\"https:\/\/crusoe.audiencelabs.com.br\/\"},{\"@type\":\"ListItem\",\"position\":2,\"name\":\"Onde a nova s\u00e9rie Alien: Earth se posiciona na saga Alien\"}]},{\"@type\":\"WebSite\",\"@id\":\"https:\/\/crusoe.audiencelabs.com.br\/#website\",\"url\":\"https:\/\/crusoe.audiencelabs.com.br\/\",\"name\":\"Variedades - Cruso\u00e9\",\"description\":\"\",\"potentialAction\":[{\"@type\":\"SearchAction\",\"target\":{\"@type\":\"EntryPoint\",\"urlTemplate\":\"https:\/\/crusoe.audiencelabs.com.br\/?s={search_term_string}\"},\"query-input\":{\"@type\":\"PropertyValueSpecification\",\"valueRequired\":true,\"valueName\":\"search_term_string\"}}],\"inLanguage\":\"pt-BR\"},{\"@type\":\"Person\",\"@id\":\"https:\/\/crusoe.audiencelabs.com.br\/#\/schema\/person\/f87f73cfe89e5360de2c006bd4bd6a74\",\"name\":\"Milena Armando\",\"image\":{\"@type\":\"ImageObject\",\"inLanguage\":\"pt-BR\",\"@id\":\"https:\/\/crusoe.audiencelabs.com.br\/#\/schema\/person\/image\/\",\"url\":\"https:\/\/secure.gravatar.com\/avatar\/ea14ecddc9e9d202b698b18f9f69e09c9fd74cfbed5c6008d55f11faefdbdab7?s=96&d=mm&r=g\",\"contentUrl\":\"https:\/\/secure.gravatar.com\/avatar\/ea14ecddc9e9d202b698b18f9f69e09c9fd74cfbed5c6008d55f11faefdbdab7?s=96&d=mm&r=g\",\"caption\":\"Milena Armando\"},\"description\":\"Jornalista, redatora e revisora.\",\"url\":\"https:\/\/crusoe.audiencelabs.com.br\/author\/milena\/\"}]}<\/script>\n<!-- \/ Yoast SEO plugin. -->","yoast_head_json":{"title":"Onde a nova s\u00e9rie Alien: Earth se posiciona na saga Alien","robots":{"index":"index","follow":"follow","max-snippet":"max-snippet:-1","max-image-preview":"max-image-preview:large","max-video-preview":"max-video-preview:-1"},"canonical":"https:\/\/crusoe.audiencelabs.com.br\/onde-a-nova-serie-alien-earth-se-posiciona-na-saga-alien\/","og_locale":"pt_BR","og_type":"article","og_title":"Onde a nova s\u00e9rie Alien: Earth se posiciona na saga Alien","og_description":"A saga Alien traz um novo cap\u00edtulo que tem despertado a aten\u00e7\u00e3o dos f\u00e3s: Alien: Earth. Este enredo estrat\u00e9gico se posiciona na cronologia da franquia, destacando-se entre os eventos cinematogr\u00e1ficos j\u00e1 estabelecidos.&nbsp; A s\u00e9rie, ambientada em 2120, ocorre dois anos antes de Alien &#8211; O 8\u00ba Passageiro (1979), explorando uma nova faceta neste universo de [&hellip;]","og_url":"https:\/\/crusoe.audiencelabs.com.br\/onde-a-nova-serie-alien-earth-se-posiciona-na-saga-alien\/","og_site_name":"Variedades - Cruso\u00e9","article_published_time":"2025-08-18T18:30:00+00:00","article_modified_time":"2025-08-18T23:11:44+00:00","og_image":[{"width":1170,"height":780,"url":"https:\/\/cdn.crusoe.com.br\/uploads\/2025\/08\/alien_earth_1x01_1x02_terra_do_nunca_mr_october_plano_critico.jpg","type":"image\/jpeg"}],"author":"Milena Armando","twitter_card":"summary_large_image","twitter_misc":{"Escrito por":"Milena Armando","Est. tempo de leitura":"2 minutos"},"schema":{"@context":"https:\/\/schema.org","@graph":[{"@type":"WebPage","@id":"https:\/\/crusoe.audiencelabs.com.br\/onde-a-nova-serie-alien-earth-se-posiciona-na-saga-alien\/","url":"https:\/\/crusoe.audiencelabs.com.br\/onde-a-nova-serie-alien-earth-se-posiciona-na-saga-alien\/","name":"Onde a nova s\u00e9rie Alien: Earth se posiciona na saga Alien","isPartOf":{"@id":"https:\/\/crusoe.audiencelabs.com.br\/#website"},"primaryImageOfPage":{"@id":"https:\/\/crusoe.audiencelabs.com.br\/onde-a-nova-serie-alien-earth-se-posiciona-na-saga-alien\/#primaryimage"},"image":{"@id":"https:\/\/crusoe.audiencelabs.com.br\/onde-a-nova-serie-alien-earth-se-posiciona-na-saga-alien\/#primaryimage"},"thumbnailUrl":"https:\/\/cdn.crusoe.com.br\/uploads\/2025\/08\/alien_earth_1x01_1x02_terra_do_nunca_mr_october_plano_critico.jpg","datePublished":"2025-08-18T18:30:00+00:00","dateModified":"2025-08-18T23:11:44+00:00","author":{"@id":"https:\/\/crusoe.audiencelabs.com.br\/#\/schema\/person\/f87f73cfe89e5360de2c006bd4bd6a74"},"breadcrumb":{"@id":"https:\/\/crusoe.audiencelabs.com.br\/onde-a-nova-serie-alien-earth-se-posiciona-na-saga-alien\/#breadcrumb"},"inLanguage":"pt-BR","potentialAction":[{"@type":"ReadAction","target":["https:\/\/crusoe.audiencelabs.com.br\/onde-a-nova-serie-alien-earth-se-posiciona-na-saga-alien\/"]}]},{"@type":"ImageObject","inLanguage":"pt-BR","@id":"https:\/\/crusoe.audiencelabs.com.br\/onde-a-nova-serie-alien-earth-se-posiciona-na-saga-alien\/#primaryimage","url":"https:\/\/cdn.crusoe.com.br\/uploads\/2025\/08\/alien_earth_1x01_1x02_terra_do_nunca_mr_october_plano_critico.jpg","contentUrl":"https:\/\/cdn.crusoe.com.br\/uploads\/2025\/08\/alien_earth_1x01_1x02_terra_do_nunca_mr_october_plano_critico.jpg","width":1170,"height":780,"caption":"Foto: Plano Cr\u00edtico"},{"@type":"BreadcrumbList","@id":"https:\/\/crusoe.audiencelabs.com.br\/onde-a-nova-serie-alien-earth-se-posiciona-na-saga-alien\/#breadcrumb","itemListElement":[{"@type":"ListItem","position":1,"name":"Home","item":"https:\/\/crusoe.audiencelabs.com.br\/"},{"@type":"ListItem","position":2,"name":"Onde a nova s\u00e9rie Alien: Earth se posiciona na saga Alien"}]},{"@type":"WebSite","@id":"https:\/\/crusoe.audiencelabs.com.br\/#website","url":"https:\/\/crusoe.audiencelabs.com.br\/","name":"Variedades - Cruso\u00e9","description":"","potentialAction":[{"@type":"SearchAction","target":{"@type":"EntryPoint","urlTemplate":"https:\/\/crusoe.audiencelabs.com.br\/?s={search_term_string}"},"query-input":{"@type":"PropertyValueSpecification","valueRequired":true,"valueName":"search_term_string"}}],"inLanguage":"pt-BR"},{"@type":"Person","@id":"https:\/\/crusoe.audiencelabs.com.br\/#\/schema\/person\/f87f73cfe89e5360de2c006bd4bd6a74","name":"Milena Armando","image":{"@type":"ImageObject","inLanguage":"pt-BR","@id":"https:\/\/crusoe.audiencelabs.com.br\/#\/schema\/person\/image\/","url":"https:\/\/secure.gravatar.com\/avatar\/ea14ecddc9e9d202b698b18f9f69e09c9fd74cfbed5c6008d55f11faefdbdab7?s=96&d=mm&r=g","contentUrl":"https:\/\/secure.gravatar.com\/avatar\/ea14ecddc9e9d202b698b18f9f69e09c9fd74cfbed5c6008d55f11faefdbdab7?s=96&d=mm&r=g","caption":"Milena Armando"},"description":"Jornalista, redatora e revisora.","url":"https:\/\/crusoe.audiencelabs.com.br\/author\/milena\/"}]}},"_links":{"self":[{"href":"https:\/\/crusoe.audiencelabs.com.br\/wp-json\/wp\/v2\/posts\/10369","targetHints":{"allow":["GET"]}}],"collection":[{"href":"https:\/\/crusoe.audiencelabs.com.br\/wp-json\/wp\/v2\/posts"}],"about":[{"href":"https:\/\/crusoe.audiencelabs.com.br\/wp-json\/wp\/v2\/types\/post"}],"author":[{"embeddable":true,"href":"https:\/\/crusoe.audiencelabs.com.br\/wp-json\/wp\/v2\/users\/5"}],"replies":[{"embeddable":true,"href":"https:\/\/crusoe.audiencelabs.com.br\/wp-json\/wp\/v2\/comments?post=10369"}],"version-history":[{"count":3,"href":"https:\/\/crusoe.audiencelabs.com.br\/wp-json\/wp\/v2\/posts\/10369\/revisions"}],"predecessor-version":[{"id":10616,"href":"https:\/\/crusoe.audiencelabs.com.br\/wp-json\/wp\/v2\/posts\/10369\/revisions\/10616"}],"wp:featuredmedia":[{"embeddable":true,"href":"https:\/\/crusoe.audiencelabs.com.br\/wp-json\/wp\/v2\/media\/10370"}],"wp:attachment":[{"href":"https:\/\/crusoe.audiencelabs.com.br\/wp-json\/wp\/v2\/media?parent=10369"}],"wp:term":[{"taxonomy":"category","embeddable":true,"href":"https:\/\/crusoe.audiencelabs.com.br\/wp-json\/wp\/v2\/categories?post=10369"},{"taxonomy":"post_tag","embeddable":true,"href":"https:\/\/crusoe.audiencelabs.com.br\/wp-json\/wp\/v2\/tags?post=10369"}],"curies":[{"name":"wp","href":"https:\/\/api.w.org\/{rel}","templated":true}]}}