{"id":45571,"date":"2026-08-31T21:32:26","date_gmt":"2026-09-01T00:32:26","guid":{"rendered":"https:\/\/crusoe.com.br\/crusoe-variedades\/?p=45571"},"modified":"2026-08-31T18:01:29","modified_gmt":"2026-08-31T21:01:29","slug":"santos-acerta-valor-de-parcelas-e-vai-quitar-divida-com-neymar-em-mais-de-seis-anos-2","status":"publish","type":"post","link":"https:\/\/crusoe.com.br\/crusoe-variedades\/santos-acerta-valor-de-parcelas-e-vai-quitar-divida-com-neymar-em-mais-de-seis-anos-2\/","title":{"rendered":"Santos acerta valor de parcelas e vai quitar d\u00edvida com Neymar em mais de seis anos"},"content":{"rendered":"<p><span style=\"font-weight: 400\">O Santos fechou um novo acordo com a fam\u00edlia de Neymar para reorganizar o pagamento de uma d\u00edvida referente a direitos de imagem do atacante. <\/span><\/p>\n<p><span style=\"font-weight: 400\">O clube reconheceu d\u00e9bito de R$ 90,5 milh\u00f5es junto \u00e0 NR Sports, empresa administrada pelo pai do jogador, e vai quitar o valor em parcelas mensais de cerca de R$ 1 milh\u00e3o, ao longo de at\u00e9 80 meses, com previs\u00e3o de conclus\u00e3o em 2033.<\/span><\/p>\n<h2>Clube j\u00e1 abateu R$ 11 milh\u00f5es em julho<\/h2>\n<p><span style=\"font-weight: 400\">Antes da repactua\u00e7\u00e3o, o Santos havia antecipado pouco mais de R$ 11 milh\u00f5es em julho, reduzindo o saldo devedor de R$ 90,5 milh\u00f5es para os atuais R$ 80 milh\u00f5es, valor incorporado ao novo acordo. Al\u00e9m dessas parcelas voltadas \u00e0 quita\u00e7\u00e3o da d\u00edvida antiga, o clube j\u00e1 repassa, separadamente, cerca de R$ 1 milh\u00e3o por m\u00eas \u00e0 NR Sports referente aos direitos de imagem correntes do atacante, valor que se soma ao sal\u00e1rio registrado em carteira, hoje o maior do elenco santista.<\/span><\/p>\n<p><span style=\"font-weight: 400\">Segundo apura\u00e7\u00e3o do ge, o Santos mant\u00e9m a possibilidade de antecipar novas parcelas ao longo do per\u00edodo, o que poderia reduzir o prazo final de pagamento. O modelo foi desenhado para permitir que o clube cumpra o compromisso sem ampliar a press\u00e3o sobre o pr\u00f3prio fluxo de caixa.<\/span><\/p>\n<h2>Futuro de Neymar na pr\u00f3xima temporada segue indefinido<\/h2>\n<p><span style=\"font-weight: 400\">Paralelamente ao acerto financeiro, o futuro esportivo de Neymar segue sem defini\u00e7\u00e3o. O contrato atual do atacante com o Santos termina no fim de 2026, mesmo per\u00edodo em que se encerra o mandato do presidente Marcelo Teixeira, ainda sem confirma\u00e7\u00e3o sobre uma eventual candidatura \u00e0 reelei\u00e7\u00e3o. <\/span><\/p>\n<p><span style=\"font-weight: 400\">N\u00e3o h\u00e1, at\u00e9 o momento, <strong>negocia\u00e7\u00e3o em andamento para renova\u00e7\u00e3o do v\u00ednculo, e a tend\u00eancia \u00e9 que qualquer defini\u00e7\u00e3o sobre a perman\u00eancia do jogador s\u00f3 seja discutida ap\u00f3s o fim da temporada.<\/strong><\/span><\/p>\n<p><span style=\"font-weight: 400\">A indefini\u00e7\u00e3o tamb\u00e9m \u00e9 alimentada pelo pr\u00f3prio Neymar, que j\u00e1 indicou considerar a possibilidade de encerrar a carreira, depois de o Brasil ser eliminado pela Noruega na Copa do Mundo de 2026, competi\u00e7\u00e3o que representava sua \u00faltima chance de conquistar o t\u00edtulo mundial. <\/span><\/p>\n<p><span style=\"font-weight: 400\">Desde o retorno ao clube que o revelou, em fevereiro do ano passado, o atacante enfrentou sucessivas les\u00f5es musculares e disputou poucas partidas completas, sem conquistar t\u00edtulos pelo Santos at\u00e9 aqui.<\/span><\/p>\n","protected":false},"excerpt":{"rendered":"<p>O Santos fechou um novo acordo com a fam\u00edlia de Neymar para reorganizar o pagamento de uma d\u00edvida referente a direitos de imagem do atacante. O clube reconheceu d\u00e9bito de R$ 90,5 milh\u00f5es junto \u00e0 NR Sports, empresa administrada pelo pai do jogador, e vai quitar o valor em parcelas mensais de cerca de R$ [&hellip;]<\/p>\n","protected":false},"author":17,"featured_media":39636,"comment_status":"open","ping_status":"open","sticky":false,"template":"","format":"standard","meta":{"jnews-multi-image_gallery":[],"jnews_single_post":[],"jnews_primary_category":[],"jnews_override_counter":[],"jnews_post_split":[],"footnotes":""},"categories":[1],"tags":[],"class_list":["post-45571","post","type-post","status-publish","format-standard","has-post-thumbnail","hentry","category-geral"],"yoast_head":"<!-- This site is optimized with the Yoast SEO plugin v25.0 - https:\/\/yoast.com\/wordpress\/plugins\/seo\/ -->\n<title>Santos acerta valor de parcelas e vai quitar d\u00edvida com Neymar em mais de seis anos<\/title>\n<meta name=\"robots\" content=\"index, follow, max-snippet:-1, max-image-preview:large, max-video-preview:-1\" \/>\n<link rel=\"canonical\" href=\"https:\/\/crusoe.com.br\/crusoe-variedades\/santos-acerta-valor-de-parcelas-e-vai-quitar-divida-com-neymar-em-mais-de-seis-anos-2\/\" \/>\n<meta property=\"og:locale\" content=\"pt_BR\" \/>\n<meta property=\"og:type\" content=\"article\" \/>\n<meta property=\"og:title\" content=\"Santos acerta valor de parcelas e vai quitar d\u00edvida com Neymar em mais de seis anos\" \/>\n<meta property=\"og:description\" content=\"O Santos fechou um novo acordo com a fam\u00edlia de Neymar para reorganizar o pagamento de uma d\u00edvida referente a direitos de imagem do atacante. O clube reconheceu d\u00e9bito de R$ 90,5 milh\u00f5es junto \u00e0 NR Sports, empresa administrada pelo pai do jogador, e vai quitar o valor em parcelas mensais de cerca de R$ [&hellip;]\" \/>\n<meta property=\"og:url\" content=\"https:\/\/crusoe.com.br\/crusoe-variedades\/santos-acerta-valor-de-parcelas-e-vai-quitar-divida-com-neymar-em-mais-de-seis-anos-2\/\" \/>\n<meta property=\"og:site_name\" content=\"Variedades - Cruso\u00e9\" \/>\n<meta property=\"article:published_time\" content=\"2026-09-01T00:32:26+00:00\" \/>\n<meta property=\"og:image\" content=\"https:\/\/cdn.crusoe.com.br\/uploads\/2026\/05\/Neymar-e1764852853973.webp\" \/>\n\t<meta property=\"og:image:width\" content=\"1080\" \/>\n\t<meta property=\"og:image:height\" content=\"608\" \/>\n\t<meta property=\"og:image:type\" content=\"image\/webp\" \/>\n<meta name=\"author\" content=\"Sofia Volpi\" \/>\n<meta name=\"twitter:card\" content=\"summary_large_image\" \/>\n<meta name=\"twitter:label1\" content=\"Escrito por\" \/>\n\t<meta name=\"twitter:data1\" content=\"Sofia Volpi\" \/>\n\t<meta name=\"twitter:label2\" content=\"Est. tempo de leitura\" \/>\n\t<meta name=\"twitter:data2\" content=\"3 minutos\" \/>\n<script type=\"application\/ld+json\" class=\"yoast-schema-graph\">{\"@context\":\"https:\/\/schema.org\",\"@graph\":[{\"@type\":\"WebPage\",\"@id\":\"https:\/\/crusoe.com.br\/crusoe-variedades\/santos-acerta-valor-de-parcelas-e-vai-quitar-divida-com-neymar-em-mais-de-seis-anos-2\/\",\"url\":\"https:\/\/crusoe.com.br\/crusoe-variedades\/santos-acerta-valor-de-parcelas-e-vai-quitar-divida-com-neymar-em-mais-de-seis-anos-2\/\",\"name\":\"Santos acerta valor de parcelas e vai quitar d\u00edvida com Neymar em mais de seis anos\",\"isPartOf\":{\"@id\":\"https:\/\/crusoe.com.br\/crusoe-variedades\/#website\"},\"primaryImageOfPage\":{\"@id\":\"https:\/\/crusoe.com.br\/crusoe-variedades\/santos-acerta-valor-de-parcelas-e-vai-quitar-divida-com-neymar-em-mais-de-seis-anos-2\/#primaryimage\"},\"image\":{\"@id\":\"https:\/\/crusoe.com.br\/crusoe-variedades\/santos-acerta-valor-de-parcelas-e-vai-quitar-divida-com-neymar-em-mais-de-seis-anos-2\/#primaryimage\"},\"thumbnailUrl\":\"https:\/\/cdn.crusoe.com.br\/uploads\/2026\/05\/Neymar-e1764852853973.webp\",\"datePublished\":\"2026-09-01T00:32:26+00:00\",\"author\":{\"@id\":\"https:\/\/crusoe.com.br\/crusoe-variedades\/#\/schema\/person\/9d0fb7a15db57f24b87bef41d034cb04\"},\"breadcrumb\":{\"@id\":\"https:\/\/crusoe.com.br\/crusoe-variedades\/santos-acerta-valor-de-parcelas-e-vai-quitar-divida-com-neymar-em-mais-de-seis-anos-2\/#breadcrumb\"},\"inLanguage\":\"pt-BR\",\"potentialAction\":[{\"@type\":\"ReadAction\",\"target\":[\"https:\/\/crusoe.com.br\/crusoe-variedades\/santos-acerta-valor-de-parcelas-e-vai-quitar-divida-com-neymar-em-mais-de-seis-anos-2\/\"]}]},{\"@type\":\"ImageObject\",\"inLanguage\":\"pt-BR\",\"@id\":\"https:\/\/crusoe.com.br\/crusoe-variedades\/santos-acerta-valor-de-parcelas-e-vai-quitar-divida-com-neymar-em-mais-de-seis-anos-2\/#primaryimage\",\"url\":\"https:\/\/cdn.crusoe.com.br\/uploads\/2026\/05\/Neymar-e1764852853973.webp\",\"contentUrl\":\"https:\/\/cdn.crusoe.com.br\/uploads\/2026\/05\/Neymar-e1764852853973.webp\",\"width\":1080,\"height\":608,\"caption\":\"Foto: Divulga\u00e7\u00e3o\/Santos FC\"},{\"@type\":\"BreadcrumbList\",\"@id\":\"https:\/\/crusoe.com.br\/crusoe-variedades\/santos-acerta-valor-de-parcelas-e-vai-quitar-divida-com-neymar-em-mais-de-seis-anos-2\/#breadcrumb\",\"itemListElement\":[{\"@type\":\"ListItem\",\"position\":1,\"name\":\"Home\",\"item\":\"https:\/\/crusoe.com.br\/crusoe-variedades\/\"},{\"@type\":\"ListItem\",\"position\":2,\"name\":\"Santos acerta valor de parcelas e vai quitar d\u00edvida com Neymar em mais de seis anos\"}]},{\"@type\":\"WebSite\",\"@id\":\"https:\/\/crusoe.com.br\/crusoe-variedades\/#website\",\"url\":\"https:\/\/crusoe.com.br\/crusoe-variedades\/\",\"name\":\"Variedades - Cruso\u00e9\",\"description\":\"\",\"potentialAction\":[{\"@type\":\"SearchAction\",\"target\":{\"@type\":\"EntryPoint\",\"urlTemplate\":\"https:\/\/crusoe.com.br\/crusoe-variedades\/?s={search_term_string}\"},\"query-input\":{\"@type\":\"PropertyValueSpecification\",\"valueRequired\":true,\"valueName\":\"search_term_string\"}}],\"inLanguage\":\"pt-BR\"},{\"@type\":\"Person\",\"@id\":\"https:\/\/crusoe.com.br\/crusoe-variedades\/#\/schema\/person\/9d0fb7a15db57f24b87bef41d034cb04\",\"name\":\"Sofia Volpi\",\"image\":{\"@type\":\"ImageObject\",\"inLanguage\":\"pt-BR\",\"@id\":\"https:\/\/crusoe.com.br\/crusoe-variedades\/#\/schema\/person\/image\/\",\"url\":\"https:\/\/secure.gravatar.com\/avatar\/a34b676379e5491536434fe5f7a9c49c2efbf9be83b707fa9e74568d45d559f8?s=96&d=mm&r=g\",\"contentUrl\":\"https:\/\/secure.gravatar.com\/avatar\/a34b676379e5491536434fe5f7a9c49c2efbf9be83b707fa9e74568d45d559f8?s=96&d=mm&r=g\",\"caption\":\"Sofia Volpi\"},\"description\":\"Comunicadora, jornalista em forma\u00e7\u00e3o. Apaixonada por esportes e cultura.\",\"url\":\"https:\/\/crusoe.com.br\/crusoe-variedades\/author\/sofiavolpi\/\"}]}<\/script>\n<!-- \/ Yoast SEO plugin. -->","yoast_head_json":{"title":"Santos acerta valor de parcelas e vai quitar d\u00edvida com Neymar em mais de seis anos","robots":{"index":"index","follow":"follow","max-snippet":"max-snippet:-1","max-image-preview":"max-image-preview:large","max-video-preview":"max-video-preview:-1"},"canonical":"https:\/\/crusoe.com.br\/crusoe-variedades\/santos-acerta-valor-de-parcelas-e-vai-quitar-divida-com-neymar-em-mais-de-seis-anos-2\/","og_locale":"pt_BR","og_type":"article","og_title":"Santos acerta valor de parcelas e vai quitar d\u00edvida com Neymar em mais de seis anos","og_description":"O Santos fechou um novo acordo com a fam\u00edlia de Neymar para reorganizar o pagamento de uma d\u00edvida referente a direitos de imagem do atacante. O clube reconheceu d\u00e9bito de R$ 90,5 milh\u00f5es junto \u00e0 NR Sports, empresa administrada pelo pai do jogador, e vai quitar o valor em parcelas mensais de cerca de R$ [&hellip;]","og_url":"https:\/\/crusoe.com.br\/crusoe-variedades\/santos-acerta-valor-de-parcelas-e-vai-quitar-divida-com-neymar-em-mais-de-seis-anos-2\/","og_site_name":"Variedades - Cruso\u00e9","article_published_time":"2026-09-01T00:32:26+00:00","og_image":[{"width":1080,"height":608,"url":"https:\/\/cdn.crusoe.com.br\/uploads\/2026\/05\/Neymar-e1764852853973.webp","type":"image\/webp"}],"author":"Sofia Volpi","twitter_card":"summary_large_image","twitter_misc":{"Escrito por":"Sofia Volpi","Est. tempo de leitura":"3 minutos"},"schema":{"@context":"https:\/\/schema.org","@graph":[{"@type":"WebPage","@id":"https:\/\/crusoe.com.br\/crusoe-variedades\/santos-acerta-valor-de-parcelas-e-vai-quitar-divida-com-neymar-em-mais-de-seis-anos-2\/","url":"https:\/\/crusoe.com.br\/crusoe-variedades\/santos-acerta-valor-de-parcelas-e-vai-quitar-divida-com-neymar-em-mais-de-seis-anos-2\/","name":"Santos acerta valor de parcelas e vai quitar d\u00edvida com Neymar em mais de seis anos","isPartOf":{"@id":"https:\/\/crusoe.com.br\/crusoe-variedades\/#website"},"primaryImageOfPage":{"@id":"https:\/\/crusoe.com.br\/crusoe-variedades\/santos-acerta-valor-de-parcelas-e-vai-quitar-divida-com-neymar-em-mais-de-seis-anos-2\/#primaryimage"},"image":{"@id":"https:\/\/crusoe.com.br\/crusoe-variedades\/santos-acerta-valor-de-parcelas-e-vai-quitar-divida-com-neymar-em-mais-de-seis-anos-2\/#primaryimage"},"thumbnailUrl":"https:\/\/cdn.crusoe.com.br\/uploads\/2026\/05\/Neymar-e1764852853973.webp","datePublished":"2026-09-01T00:32:26+00:00","author":{"@id":"https:\/\/crusoe.com.br\/crusoe-variedades\/#\/schema\/person\/9d0fb7a15db57f24b87bef41d034cb04"},"breadcrumb":{"@id":"https:\/\/crusoe.com.br\/crusoe-variedades\/santos-acerta-valor-de-parcelas-e-vai-quitar-divida-com-neymar-em-mais-de-seis-anos-2\/#breadcrumb"},"inLanguage":"pt-BR","potentialAction":[{"@type":"ReadAction","target":["https:\/\/crusoe.com.br\/crusoe-variedades\/santos-acerta-valor-de-parcelas-e-vai-quitar-divida-com-neymar-em-mais-de-seis-anos-2\/"]}]},{"@type":"ImageObject","inLanguage":"pt-BR","@id":"https:\/\/crusoe.com.br\/crusoe-variedades\/santos-acerta-valor-de-parcelas-e-vai-quitar-divida-com-neymar-em-mais-de-seis-anos-2\/#primaryimage","url":"https:\/\/cdn.crusoe.com.br\/uploads\/2026\/05\/Neymar-e1764852853973.webp","contentUrl":"https:\/\/cdn.crusoe.com.br\/uploads\/2026\/05\/Neymar-e1764852853973.webp","width":1080,"height":608,"caption":"Foto: Divulga\u00e7\u00e3o\/Santos FC"},{"@type":"BreadcrumbList","@id":"https:\/\/crusoe.com.br\/crusoe-variedades\/santos-acerta-valor-de-parcelas-e-vai-quitar-divida-com-neymar-em-mais-de-seis-anos-2\/#breadcrumb","itemListElement":[{"@type":"ListItem","position":1,"name":"Home","item":"https:\/\/crusoe.com.br\/crusoe-variedades\/"},{"@type":"ListItem","position":2,"name":"Santos acerta valor de parcelas e vai quitar d\u00edvida com Neymar em mais de seis anos"}]},{"@type":"WebSite","@id":"https:\/\/crusoe.com.br\/crusoe-variedades\/#website","url":"https:\/\/crusoe.com.br\/crusoe-variedades\/","name":"Variedades - Cruso\u00e9","description":"","potentialAction":[{"@type":"SearchAction","target":{"@type":"EntryPoint","urlTemplate":"https:\/\/crusoe.com.br\/crusoe-variedades\/?s={search_term_string}"},"query-input":{"@type":"PropertyValueSpecification","valueRequired":true,"valueName":"search_term_string"}}],"inLanguage":"pt-BR"},{"@type":"Person","@id":"https:\/\/crusoe.com.br\/crusoe-variedades\/#\/schema\/person\/9d0fb7a15db57f24b87bef41d034cb04","name":"Sofia Volpi","image":{"@type":"ImageObject","inLanguage":"pt-BR","@id":"https:\/\/crusoe.com.br\/crusoe-variedades\/#\/schema\/person\/image\/","url":"https:\/\/secure.gravatar.com\/avatar\/a34b676379e5491536434fe5f7a9c49c2efbf9be83b707fa9e74568d45d559f8?s=96&d=mm&r=g","contentUrl":"https:\/\/secure.gravatar.com\/avatar\/a34b676379e5491536434fe5f7a9c49c2efbf9be83b707fa9e74568d45d559f8?s=96&d=mm&r=g","caption":"Sofia Volpi"},"description":"Comunicadora, jornalista em forma\u00e7\u00e3o. Apaixonada por esportes e cultura.","url":"https:\/\/crusoe.com.br\/crusoe-variedades\/author\/sofiavolpi\/"}]}},"_links":{"self":[{"href":"https:\/\/crusoe.com.br\/crusoe-variedades\/wp-json\/wp\/v2\/posts\/45571","targetHints":{"allow":["GET"]}}],"collection":[{"href":"https:\/\/crusoe.com.br\/crusoe-variedades\/wp-json\/wp\/v2\/posts"}],"about":[{"href":"https:\/\/crusoe.com.br\/crusoe-variedades\/wp-json\/wp\/v2\/types\/post"}],"author":[{"embeddable":true,"href":"https:\/\/crusoe.com.br\/crusoe-variedades\/wp-json\/wp\/v2\/users\/17"}],"replies":[{"embeddable":true,"href":"https:\/\/crusoe.com.br\/crusoe-variedades\/wp-json\/wp\/v2\/comments?post=45571"}],"version-history":[{"count":1,"href":"https:\/\/crusoe.com.br\/crusoe-variedades\/wp-json\/wp\/v2\/posts\/45571\/revisions"}],"predecessor-version":[{"id":45572,"href":"https:\/\/crusoe.com.br\/crusoe-variedades\/wp-json\/wp\/v2\/posts\/45571\/revisions\/45572"}],"wp:featuredmedia":[{"embeddable":true,"href":"https:\/\/crusoe.com.br\/crusoe-variedades\/wp-json\/wp\/v2\/media\/39636"}],"wp:attachment":[{"href":"https:\/\/crusoe.com.br\/crusoe-variedades\/wp-json\/wp\/v2\/media?parent=45571"}],"wp:term":[{"taxonomy":"category","embeddable":true,"href":"https:\/\/crusoe.com.br\/crusoe-variedades\/wp-json\/wp\/v2\/categories?post=45571"},{"taxonomy":"post_tag","embeddable":true,"href":"https:\/\/crusoe.com.br\/crusoe-variedades\/wp-json\/wp\/v2\/tags?post=45571"}],"curies":[{"name":"wp","href":"https:\/\/api.w.org\/{rel}","templated":true}]}}