{"id":45564,"date":"2026-08-31T20:32:56","date_gmt":"2026-08-31T23:32:56","guid":{"rendered":"https:\/\/crusoe.com.br\/crusoe-variedades\/?p=45564"},"modified":"2026-08-31T16:07:43","modified_gmt":"2026-08-31T19:07:43","slug":"maioridade-penal-e-reduzida-para-14-anos-neste-pais-e-inicia-debate-mundial","status":"publish","type":"post","link":"https:\/\/crusoe.com.br\/crusoe-variedades\/maioridade-penal-e-reduzida-para-14-anos-neste-pais-e-inicia-debate-mundial\/","title":{"rendered":"Maioridade penal \u00e9 reduzida para 14 anos neste pa\u00eds e inicia debate mundial"},"content":{"rendered":"<p><span style=\"font-weight: 400\">O Parlamento sueco aprovou, em 13 de agosto, a redu\u00e7\u00e3o da idade de responsabilidade penal no pa\u00eds de <strong>15 para 14 anos.<\/strong> A nova lei entra em vigor em 10 de setembro, tr\u00eas dias antes de a Su\u00e9cia realizar elei\u00e7\u00f5es gerais.<\/span><\/p>\n<h2>Governo queria reduzir para 13 anos, mas recuou<\/h2>\n<p><span style=\"font-weight: 400\">A vota\u00e7\u00e3o reuniu 281 parlamentares a favor da mudan\u00e7a, incluindo os social-democratas de oposi\u00e7\u00e3o, contra 66 votos contr\u00e1rios. Originalmente, o governo de direita, chefiado pelo primeiro-ministro conservador Ulf Kristersson, <strong>pretendia reduzir a idade para 13 anos, com base em recomenda\u00e7\u00e3o de um comiss\u00e1rio indicado pelo pr\u00f3prio Executivo. <\/strong><\/span><\/p>\n<p><span style=\"font-weight: 400\">A proposta, por\u00e9m, precisou ser retirada em junho depois que a maioria dos 126 \u00f3rg\u00e3os consultados sobre a iniciativa, incluindo a pol\u00edcia e o servi\u00e7o penitenci\u00e1rio do pa\u00eds, se posicionou contra fixar uma idade t\u00e3o baixa.<\/span><\/p>\n<p><span style=\"font-weight: 400\">Desde que chegou ao poder, em 2022, o governo sueco tem no combate ao crime um dos eixos centrais de seu programa pol\u00edtico, com apoio do partido de extrema direita Democratas da Su\u00e9cia. Uma pesquisa da consultoria Demoskop, feita para o jornal Svenska Dagbladet, indicou queda no apoio da popula\u00e7\u00e3o \u00e0 redu\u00e7\u00e3o da maioridade penal, hoje em 79%, o menor n\u00edvel desde 2003.<\/span><\/p>\n<h2>Discuss\u00e3o em curso no Brasil<\/h2>\n<p><span style=\"font-weight: 400\">A mudan\u00e7a sueca acontece em meio a um debate parecido no Brasil, onde a Comiss\u00e3o de Constitui\u00e7\u00e3o e Justi\u00e7a da C\u00e2mara dos Deputados aprovou, em junho, a admissibilidade de uma proposta de emenda constitucional que reduz a maioridade penal brasileira de 18 para 16 anos. <\/span><\/p>\n<p><span style=\"font-weight: 400\">A compara\u00e7\u00e3o internacional, nos mostra a oposi\u00e7\u00e3o entre pa\u00edses desenvolvidos e em desenvolvimento: na Inglaterra e no Pa\u00eds de Gales, a idade m\u00ednima de <strong>responsabilidade penal j\u00e1 \u00e9 de 10 anos,<\/strong> enquanto a maior parte dos pa\u00edses europeus fixa o limite entre 14 e 16 anos.<\/span><\/p>\n<p><span style=\"font-weight: 400\">Na Argentina, vizinho sul-americano do Brasil, o Senado aprovou em fevereiro deste ano o Regime Penal Juvenil, que fixou a idade de responsabilidade criminal em 14 anos, com 44 votos a favor, 27 contr\u00e1rios e uma absten\u00e7\u00e3o. <\/span><\/p>\n<p><span style=\"font-weight: 400\">A vota\u00e7\u00e3o seguiu meses de press\u00e3o do governo de Javier Milei, intensificada depois do assassinato do adolescente Jerem\u00edas Monz\u00f3n, em Santa Fe, crime cometido e filmado por jovens de 14, 15 e 16 anos. <\/span><\/p>\n<p><span style=\"font-weight: 400\">Cr\u00edticos da medida argentina argumentam que a redu\u00e7\u00e3o da idade penal n\u00e3o \u00e9 garantia de resultado, citando o pr\u00f3prio Brasil como exemplo: mesmo com responsabiliza\u00e7\u00e3o a partir dos <strong>12 anos em determinados casos, o pa\u00eds registra taxa de homic\u00eddios muito superior \u00e0 da Argentina.<\/strong><\/span><\/p>\n","protected":false},"excerpt":{"rendered":"<p>O Parlamento sueco aprovou, em 13 de agosto, a redu\u00e7\u00e3o da idade de responsabilidade penal no pa\u00eds de 15 para 14 anos. A nova lei entra em vigor em 10 de setembro, tr\u00eas dias antes de a Su\u00e9cia realizar elei\u00e7\u00f5es gerais. Governo queria reduzir para 13 anos, mas recuou A vota\u00e7\u00e3o reuniu 281 parlamentares a [&hellip;]<\/p>\n","protected":false},"author":17,"featured_media":45565,"comment_status":"open","ping_status":"open","sticky":false,"template":"","format":"standard","meta":{"jnews-multi-image_gallery":[],"jnews_single_post":[],"jnews_primary_category":[],"jnews_override_counter":[],"jnews_post_split":[],"footnotes":""},"categories":[1],"tags":[],"class_list":["post-45564","post","type-post","status-publish","format-standard","has-post-thumbnail","hentry","category-geral"],"yoast_head":"<!-- This site is optimized with the Yoast SEO plugin v25.0 - https:\/\/yoast.com\/wordpress\/plugins\/seo\/ -->\n<title>Maioridade penal \u00e9 reduzida para 14 anos neste pa\u00eds e inicia debate mundial<\/title>\n<meta name=\"robots\" content=\"index, follow, max-snippet:-1, max-image-preview:large, max-video-preview:-1\" \/>\n<link rel=\"canonical\" href=\"https:\/\/crusoe.com.br\/crusoe-variedades\/maioridade-penal-e-reduzida-para-14-anos-neste-pais-e-inicia-debate-mundial\/\" \/>\n<meta property=\"og:locale\" content=\"pt_BR\" \/>\n<meta property=\"og:type\" content=\"article\" \/>\n<meta property=\"og:title\" content=\"Maioridade penal \u00e9 reduzida para 14 anos neste pa\u00eds e inicia debate mundial\" \/>\n<meta property=\"og:description\" content=\"O Parlamento sueco aprovou, em 13 de agosto, a redu\u00e7\u00e3o da idade de responsabilidade penal no pa\u00eds de 15 para 14 anos. A nova lei entra em vigor em 10 de setembro, tr\u00eas dias antes de a Su\u00e9cia realizar elei\u00e7\u00f5es gerais. Governo queria reduzir para 13 anos, mas recuou A vota\u00e7\u00e3o reuniu 281 parlamentares a [&hellip;]\" \/>\n<meta property=\"og:url\" content=\"https:\/\/crusoe.com.br\/crusoe-variedades\/maioridade-penal-e-reduzida-para-14-anos-neste-pais-e-inicia-debate-mundial\/\" \/>\n<meta property=\"og:site_name\" content=\"Variedades - Cruso\u00e9\" \/>\n<meta property=\"article:published_time\" content=\"2026-08-31T23:32:56+00:00\" \/>\n<meta property=\"og:image\" content=\"https:\/\/cdn.crusoe.com.br\/uploads\/2026\/08\/pexels-rdne-6064890-scaled.jpg\" \/>\n\t<meta property=\"og:image:width\" content=\"2560\" \/>\n\t<meta property=\"og:image:height\" content=\"1707\" \/>\n\t<meta property=\"og:image:type\" content=\"image\/jpeg\" \/>\n<meta name=\"author\" content=\"Sofia Volpi\" \/>\n<meta name=\"twitter:card\" content=\"summary_large_image\" \/>\n<meta name=\"twitter:label1\" content=\"Escrito por\" \/>\n\t<meta name=\"twitter:data1\" content=\"Sofia Volpi\" \/>\n\t<meta name=\"twitter:label2\" content=\"Est. tempo de leitura\" \/>\n\t<meta name=\"twitter:data2\" content=\"3 minutos\" \/>\n<script type=\"application\/ld+json\" class=\"yoast-schema-graph\">{\"@context\":\"https:\/\/schema.org\",\"@graph\":[{\"@type\":\"WebPage\",\"@id\":\"https:\/\/crusoe.com.br\/crusoe-variedades\/maioridade-penal-e-reduzida-para-14-anos-neste-pais-e-inicia-debate-mundial\/\",\"url\":\"https:\/\/crusoe.com.br\/crusoe-variedades\/maioridade-penal-e-reduzida-para-14-anos-neste-pais-e-inicia-debate-mundial\/\",\"name\":\"Maioridade penal \u00e9 reduzida para 14 anos neste pa\u00eds e inicia debate mundial\",\"isPartOf\":{\"@id\":\"https:\/\/crusoe.com.br\/crusoe-variedades\/#website\"},\"primaryImageOfPage\":{\"@id\":\"https:\/\/crusoe.com.br\/crusoe-variedades\/maioridade-penal-e-reduzida-para-14-anos-neste-pais-e-inicia-debate-mundial\/#primaryimage\"},\"image\":{\"@id\":\"https:\/\/crusoe.com.br\/crusoe-variedades\/maioridade-penal-e-reduzida-para-14-anos-neste-pais-e-inicia-debate-mundial\/#primaryimage\"},\"thumbnailUrl\":\"https:\/\/cdn.crusoe.com.br\/uploads\/2026\/08\/pexels-rdne-6064890-scaled.jpg\",\"datePublished\":\"2026-08-31T23:32:56+00:00\",\"author\":{\"@id\":\"https:\/\/crusoe.com.br\/crusoe-variedades\/#\/schema\/person\/9d0fb7a15db57f24b87bef41d034cb04\"},\"breadcrumb\":{\"@id\":\"https:\/\/crusoe.com.br\/crusoe-variedades\/maioridade-penal-e-reduzida-para-14-anos-neste-pais-e-inicia-debate-mundial\/#breadcrumb\"},\"inLanguage\":\"pt-BR\",\"potentialAction\":[{\"@type\":\"ReadAction\",\"target\":[\"https:\/\/crusoe.com.br\/crusoe-variedades\/maioridade-penal-e-reduzida-para-14-anos-neste-pais-e-inicia-debate-mundial\/\"]}]},{\"@type\":\"ImageObject\",\"inLanguage\":\"pt-BR\",\"@id\":\"https:\/\/crusoe.com.br\/crusoe-variedades\/maioridade-penal-e-reduzida-para-14-anos-neste-pais-e-inicia-debate-mundial\/#primaryimage\",\"url\":\"https:\/\/cdn.crusoe.com.br\/uploads\/2026\/08\/pexels-rdne-6064890-scaled.jpg\",\"contentUrl\":\"https:\/\/cdn.crusoe.com.br\/uploads\/2026\/08\/pexels-rdne-6064890-scaled.jpg\",\"width\":2560,\"height\":1707,\"caption\":\"Foto: Pexels\"},{\"@type\":\"BreadcrumbList\",\"@id\":\"https:\/\/crusoe.com.br\/crusoe-variedades\/maioridade-penal-e-reduzida-para-14-anos-neste-pais-e-inicia-debate-mundial\/#breadcrumb\",\"itemListElement\":[{\"@type\":\"ListItem\",\"position\":1,\"name\":\"Home\",\"item\":\"https:\/\/crusoe.com.br\/crusoe-variedades\/\"},{\"@type\":\"ListItem\",\"position\":2,\"name\":\"Maioridade penal \u00e9 reduzida para 14 anos neste pa\u00eds e inicia debate mundial\"}]},{\"@type\":\"WebSite\",\"@id\":\"https:\/\/crusoe.com.br\/crusoe-variedades\/#website\",\"url\":\"https:\/\/crusoe.com.br\/crusoe-variedades\/\",\"name\":\"Variedades - Cruso\u00e9\",\"description\":\"\",\"potentialAction\":[{\"@type\":\"SearchAction\",\"target\":{\"@type\":\"EntryPoint\",\"urlTemplate\":\"https:\/\/crusoe.com.br\/crusoe-variedades\/?s={search_term_string}\"},\"query-input\":{\"@type\":\"PropertyValueSpecification\",\"valueRequired\":true,\"valueName\":\"search_term_string\"}}],\"inLanguage\":\"pt-BR\"},{\"@type\":\"Person\",\"@id\":\"https:\/\/crusoe.com.br\/crusoe-variedades\/#\/schema\/person\/9d0fb7a15db57f24b87bef41d034cb04\",\"name\":\"Sofia Volpi\",\"image\":{\"@type\":\"ImageObject\",\"inLanguage\":\"pt-BR\",\"@id\":\"https:\/\/crusoe.com.br\/crusoe-variedades\/#\/schema\/person\/image\/\",\"url\":\"https:\/\/secure.gravatar.com\/avatar\/a34b676379e5491536434fe5f7a9c49c2efbf9be83b707fa9e74568d45d559f8?s=96&d=mm&r=g\",\"contentUrl\":\"https:\/\/secure.gravatar.com\/avatar\/a34b676379e5491536434fe5f7a9c49c2efbf9be83b707fa9e74568d45d559f8?s=96&d=mm&r=g\",\"caption\":\"Sofia Volpi\"},\"description\":\"Comunicadora, jornalista em forma\u00e7\u00e3o. Apaixonada por esportes e cultura.\",\"url\":\"https:\/\/crusoe.com.br\/crusoe-variedades\/author\/sofiavolpi\/\"}]}<\/script>\n<!-- \/ Yoast SEO plugin. -->","yoast_head_json":{"title":"Maioridade penal \u00e9 reduzida para 14 anos neste pa\u00eds e inicia debate mundial","robots":{"index":"index","follow":"follow","max-snippet":"max-snippet:-1","max-image-preview":"max-image-preview:large","max-video-preview":"max-video-preview:-1"},"canonical":"https:\/\/crusoe.com.br\/crusoe-variedades\/maioridade-penal-e-reduzida-para-14-anos-neste-pais-e-inicia-debate-mundial\/","og_locale":"pt_BR","og_type":"article","og_title":"Maioridade penal \u00e9 reduzida para 14 anos neste pa\u00eds e inicia debate mundial","og_description":"O Parlamento sueco aprovou, em 13 de agosto, a redu\u00e7\u00e3o da idade de responsabilidade penal no pa\u00eds de 15 para 14 anos. A nova lei entra em vigor em 10 de setembro, tr\u00eas dias antes de a Su\u00e9cia realizar elei\u00e7\u00f5es gerais. Governo queria reduzir para 13 anos, mas recuou A vota\u00e7\u00e3o reuniu 281 parlamentares a [&hellip;]","og_url":"https:\/\/crusoe.com.br\/crusoe-variedades\/maioridade-penal-e-reduzida-para-14-anos-neste-pais-e-inicia-debate-mundial\/","og_site_name":"Variedades - Cruso\u00e9","article_published_time":"2026-08-31T23:32:56+00:00","og_image":[{"width":2560,"height":1707,"url":"https:\/\/cdn.crusoe.com.br\/uploads\/2026\/08\/pexels-rdne-6064890-scaled.jpg","type":"image\/jpeg"}],"author":"Sofia Volpi","twitter_card":"summary_large_image","twitter_misc":{"Escrito por":"Sofia Volpi","Est. tempo de leitura":"3 minutos"},"schema":{"@context":"https:\/\/schema.org","@graph":[{"@type":"WebPage","@id":"https:\/\/crusoe.com.br\/crusoe-variedades\/maioridade-penal-e-reduzida-para-14-anos-neste-pais-e-inicia-debate-mundial\/","url":"https:\/\/crusoe.com.br\/crusoe-variedades\/maioridade-penal-e-reduzida-para-14-anos-neste-pais-e-inicia-debate-mundial\/","name":"Maioridade penal \u00e9 reduzida para 14 anos neste pa\u00eds e inicia debate mundial","isPartOf":{"@id":"https:\/\/crusoe.com.br\/crusoe-variedades\/#website"},"primaryImageOfPage":{"@id":"https:\/\/crusoe.com.br\/crusoe-variedades\/maioridade-penal-e-reduzida-para-14-anos-neste-pais-e-inicia-debate-mundial\/#primaryimage"},"image":{"@id":"https:\/\/crusoe.com.br\/crusoe-variedades\/maioridade-penal-e-reduzida-para-14-anos-neste-pais-e-inicia-debate-mundial\/#primaryimage"},"thumbnailUrl":"https:\/\/cdn.crusoe.com.br\/uploads\/2026\/08\/pexels-rdne-6064890-scaled.jpg","datePublished":"2026-08-31T23:32:56+00:00","author":{"@id":"https:\/\/crusoe.com.br\/crusoe-variedades\/#\/schema\/person\/9d0fb7a15db57f24b87bef41d034cb04"},"breadcrumb":{"@id":"https:\/\/crusoe.com.br\/crusoe-variedades\/maioridade-penal-e-reduzida-para-14-anos-neste-pais-e-inicia-debate-mundial\/#breadcrumb"},"inLanguage":"pt-BR","potentialAction":[{"@type":"ReadAction","target":["https:\/\/crusoe.com.br\/crusoe-variedades\/maioridade-penal-e-reduzida-para-14-anos-neste-pais-e-inicia-debate-mundial\/"]}]},{"@type":"ImageObject","inLanguage":"pt-BR","@id":"https:\/\/crusoe.com.br\/crusoe-variedades\/maioridade-penal-e-reduzida-para-14-anos-neste-pais-e-inicia-debate-mundial\/#primaryimage","url":"https:\/\/cdn.crusoe.com.br\/uploads\/2026\/08\/pexels-rdne-6064890-scaled.jpg","contentUrl":"https:\/\/cdn.crusoe.com.br\/uploads\/2026\/08\/pexels-rdne-6064890-scaled.jpg","width":2560,"height":1707,"caption":"Foto: Pexels"},{"@type":"BreadcrumbList","@id":"https:\/\/crusoe.com.br\/crusoe-variedades\/maioridade-penal-e-reduzida-para-14-anos-neste-pais-e-inicia-debate-mundial\/#breadcrumb","itemListElement":[{"@type":"ListItem","position":1,"name":"Home","item":"https:\/\/crusoe.com.br\/crusoe-variedades\/"},{"@type":"ListItem","position":2,"name":"Maioridade penal \u00e9 reduzida para 14 anos neste pa\u00eds e inicia debate mundial"}]},{"@type":"WebSite","@id":"https:\/\/crusoe.com.br\/crusoe-variedades\/#website","url":"https:\/\/crusoe.com.br\/crusoe-variedades\/","name":"Variedades - Cruso\u00e9","description":"","potentialAction":[{"@type":"SearchAction","target":{"@type":"EntryPoint","urlTemplate":"https:\/\/crusoe.com.br\/crusoe-variedades\/?s={search_term_string}"},"query-input":{"@type":"PropertyValueSpecification","valueRequired":true,"valueName":"search_term_string"}}],"inLanguage":"pt-BR"},{"@type":"Person","@id":"https:\/\/crusoe.com.br\/crusoe-variedades\/#\/schema\/person\/9d0fb7a15db57f24b87bef41d034cb04","name":"Sofia Volpi","image":{"@type":"ImageObject","inLanguage":"pt-BR","@id":"https:\/\/crusoe.com.br\/crusoe-variedades\/#\/schema\/person\/image\/","url":"https:\/\/secure.gravatar.com\/avatar\/a34b676379e5491536434fe5f7a9c49c2efbf9be83b707fa9e74568d45d559f8?s=96&d=mm&r=g","contentUrl":"https:\/\/secure.gravatar.com\/avatar\/a34b676379e5491536434fe5f7a9c49c2efbf9be83b707fa9e74568d45d559f8?s=96&d=mm&r=g","caption":"Sofia Volpi"},"description":"Comunicadora, jornalista em forma\u00e7\u00e3o. Apaixonada por esportes e cultura.","url":"https:\/\/crusoe.com.br\/crusoe-variedades\/author\/sofiavolpi\/"}]}},"_links":{"self":[{"href":"https:\/\/crusoe.com.br\/crusoe-variedades\/wp-json\/wp\/v2\/posts\/45564","targetHints":{"allow":["GET"]}}],"collection":[{"href":"https:\/\/crusoe.com.br\/crusoe-variedades\/wp-json\/wp\/v2\/posts"}],"about":[{"href":"https:\/\/crusoe.com.br\/crusoe-variedades\/wp-json\/wp\/v2\/types\/post"}],"author":[{"embeddable":true,"href":"https:\/\/crusoe.com.br\/crusoe-variedades\/wp-json\/wp\/v2\/users\/17"}],"replies":[{"embeddable":true,"href":"https:\/\/crusoe.com.br\/crusoe-variedades\/wp-json\/wp\/v2\/comments?post=45564"}],"version-history":[{"count":1,"href":"https:\/\/crusoe.com.br\/crusoe-variedades\/wp-json\/wp\/v2\/posts\/45564\/revisions"}],"predecessor-version":[{"id":45566,"href":"https:\/\/crusoe.com.br\/crusoe-variedades\/wp-json\/wp\/v2\/posts\/45564\/revisions\/45566"}],"wp:featuredmedia":[{"embeddable":true,"href":"https:\/\/crusoe.com.br\/crusoe-variedades\/wp-json\/wp\/v2\/media\/45565"}],"wp:attachment":[{"href":"https:\/\/crusoe.com.br\/crusoe-variedades\/wp-json\/wp\/v2\/media?parent=45564"}],"wp:term":[{"taxonomy":"category","embeddable":true,"href":"https:\/\/crusoe.com.br\/crusoe-variedades\/wp-json\/wp\/v2\/categories?post=45564"},{"taxonomy":"post_tag","embeddable":true,"href":"https:\/\/crusoe.com.br\/crusoe-variedades\/wp-json\/wp\/v2\/tags?post=45564"}],"curies":[{"name":"wp","href":"https:\/\/api.w.org\/{rel}","templated":true}]}}