{"id":45561,"date":"2026-08-31T18:38:15","date_gmt":"2026-08-31T21:38:15","guid":{"rendered":"https:\/\/crusoe.com.br\/crusoe-variedades\/?p=45561"},"modified":"2026-08-31T15:58:26","modified_gmt":"2026-08-31T18:58:26","slug":"projeto-preve-aumento-do-piso-salarial-nacional-dos-garis-para-r-3-036","status":"publish","type":"post","link":"https:\/\/crusoe.com.br\/crusoe-variedades\/projeto-preve-aumento-do-piso-salarial-nacional-dos-garis-para-r-3-036\/","title":{"rendered":"Projeto prev\u00ea aumento do piso salarial nacional dos garis para R$ 3.036"},"content":{"rendered":"<p><span style=\"font-weight: 400\">O Senado Federal analisa o Projeto de Lei 4.146\/2020, que fixa em<strong> R$ 3.036 o piso salarial nacional dos garis<\/strong>, trabalhadores respons\u00e1veis pela varri\u00e7\u00e3o de ruas, coleta de res\u00edduos em locais p\u00fablicos e encaminhamento de lixo a aterros ou centros de reciclagem. <\/span><\/p>\n<p><span style=\"font-weight: 400\">A C\u00e2mara dos Deputados j\u00e1 havia aprovado o texto em dezembro de 2025. <\/span><span style=\"font-weight: 400\">Al\u00e9m do piso salarial, o projeto fixa jornada de trabalho de seis horas di\u00e1rias, com limite de 36 horas semanais, e garante \u00e0 categoria adicional de insalubridade em grau m\u00e1ximo, equivalente a 40% do sal\u00e1rio. <\/span><\/p>\n<p><span style=\"font-weight: 400\">Trabalhadores vinculados ao Regime Geral de Previd\u00eancia Social tamb\u00e9m passam a ter direito a aposentadoria especial quando expostos a condi\u00e7\u00f5es que prejudiquem a sa\u00fade. <\/span><\/p>\n<p><span style=\"font-weight: 400\">O texto ainda prev\u00ea a possibilidade de benef\u00edcios adicionais, como vale-alimenta\u00e7\u00e3o, plano de sa\u00fade e cestas b\u00e1sicas, negociados por meio de acordos coletivos.<\/span><\/p>\n<p><span style=\"font-weight: 400\">O projeto foi aprovado em car\u00e1ter conclusivo com parecer favor\u00e1vel do relator Leur Lomanto J\u00fanior (Uni\u00e3o-BA), sem necessidade de vota\u00e7\u00e3o em Plen\u00e1rio. No Senado, a proposta \u00e9 de autoria do senador Angelo Coronel (Republicanos-BA) e segue pendente de vota\u00e7\u00e3o.<\/span><\/p>\n<h2>Governo precisa indicar fonte de recursos<\/h2>\n<p><span style=\"font-weight: 400\">O caso dos garis se soma a uma lista de propostas de piso salarial que aguardam an\u00e1lise do Senado, incluindo categorias como m\u00e9dicos, cirurgi\u00f5es-dentistas e servidores de apoio da educa\u00e7\u00e3o. <\/span><\/p>\n<p><span style=\"font-weight: 400\">Segundo o presidente do Senado, Davi Alcolumbre, a aprova\u00e7\u00e3o dessas medidas depende da identifica\u00e7\u00e3o pr\u00e9via de fontes de financiamento, j\u00e1 que o impacto recai sobre contratos de presta\u00e7\u00e3o de servi\u00e7o e estruturas previdenci\u00e1rias em todo o pa\u00eds. Caso aprovado pelos senadores, o projeto ainda precisa passar pela san\u00e7\u00e3o do presidente Lula antes de entrar em vigor.<\/span><\/p>\n<p><span style=\"font-weight: 400\">O precedente da enfermagem ilustra os obst\u00e1culos que esse tipo de proposta costuma enfrentar. Em 2022, o Congresso promulgou a Emenda Constitucional 124, criando o piso nacional da categoria, com valores de R$ 4.750 para enfermeiros, R$ 3.325 para t\u00e9cnicos e R$ 2.375 para auxiliares e parteiras, fixados pela lei.<\/span><\/p>\n<p><span style=\"font-weight: 400\">O Supremo Tribunal Federal suspendeu a aplica\u00e7\u00e3o da lei logo depois, por falta de indica\u00e7\u00e3o da fonte de recursos, e s\u00f3 em maio de 2023 o presidente Lula sancionou a abertura de um cr\u00e9dito especial de R$ 7,3 bilh\u00f5es para viabilizar o pagamento.<\/span><\/p>\n","protected":false},"excerpt":{"rendered":"<p>O Senado Federal analisa o Projeto de Lei 4.146\/2020, que fixa em R$ 3.036 o piso salarial nacional dos garis, trabalhadores respons\u00e1veis pela varri\u00e7\u00e3o de ruas, coleta de res\u00edduos em locais p\u00fablicos e encaminhamento de lixo a aterros ou centros de reciclagem. A C\u00e2mara dos Deputados j\u00e1 havia aprovado o texto em dezembro de 2025. [&hellip;]<\/p>\n","protected":false},"author":17,"featured_media":45562,"comment_status":"open","ping_status":"open","sticky":false,"template":"","format":"standard","meta":{"jnews-multi-image_gallery":[],"jnews_single_post":[],"jnews_primary_category":[],"jnews_override_counter":[],"jnews_post_split":[],"footnotes":""},"categories":[1],"tags":[],"class_list":["post-45561","post","type-post","status-publish","format-standard","has-post-thumbnail","hentry","category-geral"],"yoast_head":"<!-- This site is optimized with the Yoast SEO plugin v25.0 - https:\/\/yoast.com\/wordpress\/plugins\/seo\/ -->\n<title>Projeto prev\u00ea aumento do piso salarial nacional dos garis para R$ 3.036<\/title>\n<meta name=\"robots\" content=\"index, follow, max-snippet:-1, max-image-preview:large, max-video-preview:-1\" \/>\n<link rel=\"canonical\" href=\"https:\/\/crusoe.com.br\/crusoe-variedades\/projeto-preve-aumento-do-piso-salarial-nacional-dos-garis-para-r-3-036\/\" \/>\n<meta property=\"og:locale\" content=\"pt_BR\" \/>\n<meta property=\"og:type\" content=\"article\" \/>\n<meta property=\"og:title\" content=\"Projeto prev\u00ea aumento do piso salarial nacional dos garis para R$ 3.036\" \/>\n<meta property=\"og:description\" content=\"O Senado Federal analisa o Projeto de Lei 4.146\/2020, que fixa em R$ 3.036 o piso salarial nacional dos garis, trabalhadores respons\u00e1veis pela varri\u00e7\u00e3o de ruas, coleta de res\u00edduos em locais p\u00fablicos e encaminhamento de lixo a aterros ou centros de reciclagem. A C\u00e2mara dos Deputados j\u00e1 havia aprovado o texto em dezembro de 2025. [&hellip;]\" \/>\n<meta property=\"og:url\" content=\"https:\/\/crusoe.com.br\/crusoe-variedades\/projeto-preve-aumento-do-piso-salarial-nacional-dos-garis-para-r-3-036\/\" \/>\n<meta property=\"og:site_name\" content=\"Variedades - Cruso\u00e9\" \/>\n<meta property=\"article:published_time\" content=\"2026-08-31T21:38:15+00:00\" \/>\n<meta property=\"og:image\" content=\"https:\/\/cdn.crusoe.com.br\/uploads\/2026\/08\/pexels-th2city-37322731.jpg\" \/>\n\t<meta property=\"og:image:width\" content=\"2560\" \/>\n\t<meta property=\"og:image:height\" content=\"1707\" \/>\n\t<meta property=\"og:image:type\" content=\"image\/jpeg\" \/>\n<meta name=\"author\" content=\"Sofia Volpi\" \/>\n<meta name=\"twitter:card\" content=\"summary_large_image\" \/>\n<meta name=\"twitter:label1\" content=\"Escrito por\" \/>\n\t<meta name=\"twitter:data1\" content=\"Sofia Volpi\" \/>\n\t<meta name=\"twitter:label2\" content=\"Est. tempo de leitura\" \/>\n\t<meta name=\"twitter:data2\" content=\"3 minutos\" \/>\n<script type=\"application\/ld+json\" class=\"yoast-schema-graph\">{\"@context\":\"https:\/\/schema.org\",\"@graph\":[{\"@type\":\"WebPage\",\"@id\":\"https:\/\/crusoe.com.br\/crusoe-variedades\/projeto-preve-aumento-do-piso-salarial-nacional-dos-garis-para-r-3-036\/\",\"url\":\"https:\/\/crusoe.com.br\/crusoe-variedades\/projeto-preve-aumento-do-piso-salarial-nacional-dos-garis-para-r-3-036\/\",\"name\":\"Projeto prev\u00ea aumento do piso salarial nacional dos garis para R$ 3.036\",\"isPartOf\":{\"@id\":\"https:\/\/crusoe.com.br\/crusoe-variedades\/#website\"},\"primaryImageOfPage\":{\"@id\":\"https:\/\/crusoe.com.br\/crusoe-variedades\/projeto-preve-aumento-do-piso-salarial-nacional-dos-garis-para-r-3-036\/#primaryimage\"},\"image\":{\"@id\":\"https:\/\/crusoe.com.br\/crusoe-variedades\/projeto-preve-aumento-do-piso-salarial-nacional-dos-garis-para-r-3-036\/#primaryimage\"},\"thumbnailUrl\":\"https:\/\/cdn.crusoe.com.br\/uploads\/2026\/08\/pexels-th2city-37322731.jpg\",\"datePublished\":\"2026-08-31T21:38:15+00:00\",\"author\":{\"@id\":\"https:\/\/crusoe.com.br\/crusoe-variedades\/#\/schema\/person\/9d0fb7a15db57f24b87bef41d034cb04\"},\"breadcrumb\":{\"@id\":\"https:\/\/crusoe.com.br\/crusoe-variedades\/projeto-preve-aumento-do-piso-salarial-nacional-dos-garis-para-r-3-036\/#breadcrumb\"},\"inLanguage\":\"pt-BR\",\"potentialAction\":[{\"@type\":\"ReadAction\",\"target\":[\"https:\/\/crusoe.com.br\/crusoe-variedades\/projeto-preve-aumento-do-piso-salarial-nacional-dos-garis-para-r-3-036\/\"]}]},{\"@type\":\"ImageObject\",\"inLanguage\":\"pt-BR\",\"@id\":\"https:\/\/crusoe.com.br\/crusoe-variedades\/projeto-preve-aumento-do-piso-salarial-nacional-dos-garis-para-r-3-036\/#primaryimage\",\"url\":\"https:\/\/cdn.crusoe.com.br\/uploads\/2026\/08\/pexels-th2city-37322731.jpg\",\"contentUrl\":\"https:\/\/cdn.crusoe.com.br\/uploads\/2026\/08\/pexels-th2city-37322731.jpg\",\"width\":2560,\"height\":1707,\"caption\":\"Foto: Pexels\"},{\"@type\":\"BreadcrumbList\",\"@id\":\"https:\/\/crusoe.com.br\/crusoe-variedades\/projeto-preve-aumento-do-piso-salarial-nacional-dos-garis-para-r-3-036\/#breadcrumb\",\"itemListElement\":[{\"@type\":\"ListItem\",\"position\":1,\"name\":\"Home\",\"item\":\"https:\/\/crusoe.com.br\/crusoe-variedades\/\"},{\"@type\":\"ListItem\",\"position\":2,\"name\":\"Projeto prev\u00ea aumento do piso salarial nacional dos garis para R$ 3.036\"}]},{\"@type\":\"WebSite\",\"@id\":\"https:\/\/crusoe.com.br\/crusoe-variedades\/#website\",\"url\":\"https:\/\/crusoe.com.br\/crusoe-variedades\/\",\"name\":\"Variedades - Cruso\u00e9\",\"description\":\"\",\"potentialAction\":[{\"@type\":\"SearchAction\",\"target\":{\"@type\":\"EntryPoint\",\"urlTemplate\":\"https:\/\/crusoe.com.br\/crusoe-variedades\/?s={search_term_string}\"},\"query-input\":{\"@type\":\"PropertyValueSpecification\",\"valueRequired\":true,\"valueName\":\"search_term_string\"}}],\"inLanguage\":\"pt-BR\"},{\"@type\":\"Person\",\"@id\":\"https:\/\/crusoe.com.br\/crusoe-variedades\/#\/schema\/person\/9d0fb7a15db57f24b87bef41d034cb04\",\"name\":\"Sofia Volpi\",\"image\":{\"@type\":\"ImageObject\",\"inLanguage\":\"pt-BR\",\"@id\":\"https:\/\/crusoe.com.br\/crusoe-variedades\/#\/schema\/person\/image\/\",\"url\":\"https:\/\/secure.gravatar.com\/avatar\/a34b676379e5491536434fe5f7a9c49c2efbf9be83b707fa9e74568d45d559f8?s=96&d=mm&r=g\",\"contentUrl\":\"https:\/\/secure.gravatar.com\/avatar\/a34b676379e5491536434fe5f7a9c49c2efbf9be83b707fa9e74568d45d559f8?s=96&d=mm&r=g\",\"caption\":\"Sofia Volpi\"},\"description\":\"Comunicadora, jornalista em forma\u00e7\u00e3o. Apaixonada por esportes e cultura.\",\"url\":\"https:\/\/crusoe.com.br\/crusoe-variedades\/author\/sofiavolpi\/\"}]}<\/script>\n<!-- \/ Yoast SEO plugin. -->","yoast_head_json":{"title":"Projeto prev\u00ea aumento do piso salarial nacional dos garis para R$ 3.036","robots":{"index":"index","follow":"follow","max-snippet":"max-snippet:-1","max-image-preview":"max-image-preview:large","max-video-preview":"max-video-preview:-1"},"canonical":"https:\/\/crusoe.com.br\/crusoe-variedades\/projeto-preve-aumento-do-piso-salarial-nacional-dos-garis-para-r-3-036\/","og_locale":"pt_BR","og_type":"article","og_title":"Projeto prev\u00ea aumento do piso salarial nacional dos garis para R$ 3.036","og_description":"O Senado Federal analisa o Projeto de Lei 4.146\/2020, que fixa em R$ 3.036 o piso salarial nacional dos garis, trabalhadores respons\u00e1veis pela varri\u00e7\u00e3o de ruas, coleta de res\u00edduos em locais p\u00fablicos e encaminhamento de lixo a aterros ou centros de reciclagem. A C\u00e2mara dos Deputados j\u00e1 havia aprovado o texto em dezembro de 2025. [&hellip;]","og_url":"https:\/\/crusoe.com.br\/crusoe-variedades\/projeto-preve-aumento-do-piso-salarial-nacional-dos-garis-para-r-3-036\/","og_site_name":"Variedades - Cruso\u00e9","article_published_time":"2026-08-31T21:38:15+00:00","og_image":[{"width":2560,"height":1707,"url":"https:\/\/cdn.crusoe.com.br\/uploads\/2026\/08\/pexels-th2city-37322731.jpg","type":"image\/jpeg"}],"author":"Sofia Volpi","twitter_card":"summary_large_image","twitter_misc":{"Escrito por":"Sofia Volpi","Est. tempo de leitura":"3 minutos"},"schema":{"@context":"https:\/\/schema.org","@graph":[{"@type":"WebPage","@id":"https:\/\/crusoe.com.br\/crusoe-variedades\/projeto-preve-aumento-do-piso-salarial-nacional-dos-garis-para-r-3-036\/","url":"https:\/\/crusoe.com.br\/crusoe-variedades\/projeto-preve-aumento-do-piso-salarial-nacional-dos-garis-para-r-3-036\/","name":"Projeto prev\u00ea aumento do piso salarial nacional dos garis para R$ 3.036","isPartOf":{"@id":"https:\/\/crusoe.com.br\/crusoe-variedades\/#website"},"primaryImageOfPage":{"@id":"https:\/\/crusoe.com.br\/crusoe-variedades\/projeto-preve-aumento-do-piso-salarial-nacional-dos-garis-para-r-3-036\/#primaryimage"},"image":{"@id":"https:\/\/crusoe.com.br\/crusoe-variedades\/projeto-preve-aumento-do-piso-salarial-nacional-dos-garis-para-r-3-036\/#primaryimage"},"thumbnailUrl":"https:\/\/cdn.crusoe.com.br\/uploads\/2026\/08\/pexels-th2city-37322731.jpg","datePublished":"2026-08-31T21:38:15+00:00","author":{"@id":"https:\/\/crusoe.com.br\/crusoe-variedades\/#\/schema\/person\/9d0fb7a15db57f24b87bef41d034cb04"},"breadcrumb":{"@id":"https:\/\/crusoe.com.br\/crusoe-variedades\/projeto-preve-aumento-do-piso-salarial-nacional-dos-garis-para-r-3-036\/#breadcrumb"},"inLanguage":"pt-BR","potentialAction":[{"@type":"ReadAction","target":["https:\/\/crusoe.com.br\/crusoe-variedades\/projeto-preve-aumento-do-piso-salarial-nacional-dos-garis-para-r-3-036\/"]}]},{"@type":"ImageObject","inLanguage":"pt-BR","@id":"https:\/\/crusoe.com.br\/crusoe-variedades\/projeto-preve-aumento-do-piso-salarial-nacional-dos-garis-para-r-3-036\/#primaryimage","url":"https:\/\/cdn.crusoe.com.br\/uploads\/2026\/08\/pexels-th2city-37322731.jpg","contentUrl":"https:\/\/cdn.crusoe.com.br\/uploads\/2026\/08\/pexels-th2city-37322731.jpg","width":2560,"height":1707,"caption":"Foto: Pexels"},{"@type":"BreadcrumbList","@id":"https:\/\/crusoe.com.br\/crusoe-variedades\/projeto-preve-aumento-do-piso-salarial-nacional-dos-garis-para-r-3-036\/#breadcrumb","itemListElement":[{"@type":"ListItem","position":1,"name":"Home","item":"https:\/\/crusoe.com.br\/crusoe-variedades\/"},{"@type":"ListItem","position":2,"name":"Projeto prev\u00ea aumento do piso salarial nacional dos garis para R$ 3.036"}]},{"@type":"WebSite","@id":"https:\/\/crusoe.com.br\/crusoe-variedades\/#website","url":"https:\/\/crusoe.com.br\/crusoe-variedades\/","name":"Variedades - Cruso\u00e9","description":"","potentialAction":[{"@type":"SearchAction","target":{"@type":"EntryPoint","urlTemplate":"https:\/\/crusoe.com.br\/crusoe-variedades\/?s={search_term_string}"},"query-input":{"@type":"PropertyValueSpecification","valueRequired":true,"valueName":"search_term_string"}}],"inLanguage":"pt-BR"},{"@type":"Person","@id":"https:\/\/crusoe.com.br\/crusoe-variedades\/#\/schema\/person\/9d0fb7a15db57f24b87bef41d034cb04","name":"Sofia Volpi","image":{"@type":"ImageObject","inLanguage":"pt-BR","@id":"https:\/\/crusoe.com.br\/crusoe-variedades\/#\/schema\/person\/image\/","url":"https:\/\/secure.gravatar.com\/avatar\/a34b676379e5491536434fe5f7a9c49c2efbf9be83b707fa9e74568d45d559f8?s=96&d=mm&r=g","contentUrl":"https:\/\/secure.gravatar.com\/avatar\/a34b676379e5491536434fe5f7a9c49c2efbf9be83b707fa9e74568d45d559f8?s=96&d=mm&r=g","caption":"Sofia Volpi"},"description":"Comunicadora, jornalista em forma\u00e7\u00e3o. Apaixonada por esportes e cultura.","url":"https:\/\/crusoe.com.br\/crusoe-variedades\/author\/sofiavolpi\/"}]}},"_links":{"self":[{"href":"https:\/\/crusoe.com.br\/crusoe-variedades\/wp-json\/wp\/v2\/posts\/45561","targetHints":{"allow":["GET"]}}],"collection":[{"href":"https:\/\/crusoe.com.br\/crusoe-variedades\/wp-json\/wp\/v2\/posts"}],"about":[{"href":"https:\/\/crusoe.com.br\/crusoe-variedades\/wp-json\/wp\/v2\/types\/post"}],"author":[{"embeddable":true,"href":"https:\/\/crusoe.com.br\/crusoe-variedades\/wp-json\/wp\/v2\/users\/17"}],"replies":[{"embeddable":true,"href":"https:\/\/crusoe.com.br\/crusoe-variedades\/wp-json\/wp\/v2\/comments?post=45561"}],"version-history":[{"count":1,"href":"https:\/\/crusoe.com.br\/crusoe-variedades\/wp-json\/wp\/v2\/posts\/45561\/revisions"}],"predecessor-version":[{"id":45563,"href":"https:\/\/crusoe.com.br\/crusoe-variedades\/wp-json\/wp\/v2\/posts\/45561\/revisions\/45563"}],"wp:featuredmedia":[{"embeddable":true,"href":"https:\/\/crusoe.com.br\/crusoe-variedades\/wp-json\/wp\/v2\/media\/45562"}],"wp:attachment":[{"href":"https:\/\/crusoe.com.br\/crusoe-variedades\/wp-json\/wp\/v2\/media?parent=45561"}],"wp:term":[{"taxonomy":"category","embeddable":true,"href":"https:\/\/crusoe.com.br\/crusoe-variedades\/wp-json\/wp\/v2\/categories?post=45561"},{"taxonomy":"post_tag","embeddable":true,"href":"https:\/\/crusoe.com.br\/crusoe-variedades\/wp-json\/wp\/v2\/tags?post=45561"}],"curies":[{"name":"wp","href":"https:\/\/api.w.org\/{rel}","templated":true}]}}