{"id":45518,"date":"2026-08-31T21:06:00","date_gmt":"2026-09-01T00:06:00","guid":{"rendered":"https:\/\/crusoe.com.br\/crusoe-variedades\/?p=45518"},"modified":"2026-08-31T21:06:00","modified_gmt":"2026-09-01T00:06:00","slug":"pais-bate-martelo-e-comunica-decisao-de-nao-participar-da-uniao-europeia","status":"publish","type":"post","link":"https:\/\/crusoe.com.br\/crusoe-variedades\/pais-bate-martelo-e-comunica-decisao-de-nao-participar-da-uniao-europeia\/","title":{"rendered":"Pa\u00eds bate martelo e comunica decis\u00e3o de n\u00e3o participar da Uni\u00e3o Europeia"},"content":{"rendered":"\n<p class=\"wp-block-paragraph\">Eleitores islandeses rejeitaram a ades\u00e3o \u00e0 Uni\u00e3o Europeia em referendo realizado no \u00faltimo domingo (30), frustrando os esfor\u00e7os do governo para reabrir negocia\u00e7\u00f5es com Bruxelas.&nbsp;<\/p>\n\n\n\n<p class=\"wp-block-paragraph\">A popula\u00e7\u00e3o da Isl\u00e2ndia votou para manter a independ\u00eancia nacional, especialmente preocupada em proteger as \u00e1guas pesqueiras estrat\u00e9gicas do pa\u00eds, segundo informou a emissora p\u00fablica RUV.<\/p>\n\n\n\n<p class=\"wp-block-paragraph\">Embora alguns votos ainda estivessem sendo contabilizados, a RUV afirmou que o resultado n\u00e3o seria alterado.<\/p>\n\n\n\n<p class=\"wp-block-paragraph\">Para Bruxelas, o resultado representa um rev\u00e9s: funcion\u00e1rios da Uni\u00e3o Europeia viam a na\u00e7\u00e3o de 40.000 habitantes como um caso de baixo risco que poderia ajudar a reduzir o ceticismo sobre a expans\u00e3o do bloco num momento em que a seguran\u00e7a do \u00c1rtico ganha import\u00e2ncia geopol\u00edtica.<\/p>\n\n\n\n<h2 class=\"wp-block-heading\">D\u00e9cadas de negocia\u00e7\u00f5es sobre ades\u00e3o da Isl\u00e2ndia \u00e0 Uni\u00e3o Europeia<\/h2>\n\n\n\n<p class=\"wp-block-paragraph\">A Isl\u00e2ndia solicitou ingresso \u00e0 Uni\u00e3o Europeia pela primeira vez em 2009, quando enfrentava uma grave crise financeira que abalou sua economia vulner\u00e1vel.&nbsp;<\/p>\n\n\n\n<p class=\"wp-block-paragraph\">Um governo contr\u00e1rio \u00e0 integra\u00e7\u00e3o Europeia interrompeu as negocia\u00e7\u00f5es em 2013.<\/p>\n\n\n\n<p class=\"wp-block-paragraph\">Recentemente, instabilidades geopol\u00edticas reaciraram o debate: a guerra no Oriente M\u00e9dio e as tarifas comerciais dos Estados Unidos trouxeram urg\u00eancia \u00e0 quest\u00e3o.&nbsp;<\/p>\n\n\n\n<p class=\"wp-block-paragraph\">A primeira-ministra Kristr\u00fan Frostad\u00f3ttir apresentou a vota\u00e7\u00e3o como um momento de &#8220;agora ou nunca&#8221;, afirmando em agosto que um resultado negativo fecharia o assunto por completo.<\/p>\n\n\n\n<p class=\"wp-block-paragraph\">Ap\u00f3s a vota\u00e7\u00e3o, ela comunicou que n\u00e3o retomar\u00e1 negocia\u00e7\u00f5es durante seu mandato, que se estende at\u00e9 2028.<\/p>\n\n\n\n<h2 class=\"wp-block-heading\">Divis\u00e3o sobre economia, soberania e seguran\u00e7a<\/h2>\n\n\n\n<p class=\"wp-block-paragraph\">Os defensores da ades\u00e3o argumentavam que participar do bloco reduziria as taxas de juros, e ofereceria prote\u00e7\u00e3o maior diante de um mundo marcado pela guerra na Ucr\u00e2nia e pela ret\u00f3rica do presidente dos EUA, Donald Trump, sobre poss\u00edvel anexa\u00e7\u00e3o da Groenl\u00e2ndia.&nbsp;<\/p>\n\n\n\n<p class=\"wp-block-paragraph\">Os opositores apontavam riscos \u00e0 soberania nacional e \u00e0s opera\u00e7\u00f5es de pesca, setor vital para a economia local.<\/p>\n\n\n\n<p class=\"wp-block-paragraph\">O Banco Central island\u00eas mant\u00e9m taxa de juros em 8%, enquanto o Banco Central Europeu opera com 2,25%.&nbsp;<\/p>\n\n\n\n<p class=\"wp-block-paragraph\">A infla\u00e7\u00e3o elevada e os custos de moradia pressionam a popula\u00e7\u00e3o, levando alguns economistas a afirmar que a integra\u00e7\u00e3o Europeia poderia catalisar melhoras econ\u00f4micas.<\/p>\n\n\n\n<p class=\"wp-block-paragraph\">O economista-chefe Vilhjalmur Hilmarsson da Viska, uma das maiores centrais sindicais da Isl\u00e2ndia, afirmou que a ades\u00e3o n\u00e3o resolveria as falhas estruturais, mas poderia se tornar um catalisador para uma economia mais saud\u00e1vel.<\/p>\n\n\n\n<p class=\"wp-block-paragraph\">Gudrun Hafsteinsdottir, l\u00edder da oposi\u00e7\u00e3o que encabe\u00e7ou a campanha pelo n\u00e3o, discordou dos argumentos econ\u00f4micos.&nbsp;<\/p>\n\n\n\n<p class=\"wp-block-paragraph\">Ela afirmou que os problemas econ\u00f4micos islandeses exigem solu\u00e7\u00f5es pol\u00edticas locais, n\u00e3o decis\u00f5es de Bruxelas.&nbsp;<\/p>\n\n\n\n<p class=\"wp-block-paragraph\">A participa\u00e7\u00e3o no referendo atingiu 82,5%, superior \u00e0 das elei\u00e7\u00f5es parlamentares de 2009, demonstrando o engajamento da popula\u00e7\u00e3o com a quest\u00e3o.&nbsp;<\/p>\n\n\n\n<p class=\"wp-block-paragraph\">A vota\u00e7\u00e3o revelou divis\u00f5es geogr\u00e1ficas: Reykjav\u00edk votou a favor da ades\u00e3o, enquanto as \u00e1reas rurais e sub\u00farbios da capital votaram contra, refletindo diferentes perspectivas sobre os riscos e benef\u00edcios da integra\u00e7\u00e3o Europeia.<\/p>\n","protected":false},"excerpt":{"rendered":"<p>Eleitores islandeses rejeitaram a ades\u00e3o \u00e0 Uni\u00e3o Europeia em referendo realizado no \u00faltimo domingo (30), frustrando os esfor\u00e7os do governo para reabrir\u2026<\/p>\n","protected":false},"author":21,"featured_media":45517,"comment_status":"open","ping_status":"open","sticky":false,"template":"","format":"standard","meta":{"jnews-multi-image_gallery":[],"jnews_single_post":[],"jnews_primary_category":[],"jnews_override_counter":[],"jnews_post_split":[],"footnotes":""},"categories":[1],"tags":[],"class_list":["post-45518","post","type-post","status-publish","format-standard","has-post-thumbnail","hentry","category-geral"],"yoast_head":"<!-- This site is optimized with the Yoast SEO plugin v25.0 - https:\/\/yoast.com\/wordpress\/plugins\/seo\/ -->\n<title>Pa\u00eds bate martelo e comunica decis\u00e3o de n\u00e3o participar da Uni\u00e3o Europeia<\/title>\n<meta name=\"robots\" content=\"index, follow, max-snippet:-1, max-image-preview:large, max-video-preview:-1\" \/>\n<link rel=\"canonical\" href=\"https:\/\/crusoe.com.br\/crusoe-variedades\/pais-bate-martelo-e-comunica-decisao-de-nao-participar-da-uniao-europeia\/\" \/>\n<meta property=\"og:locale\" content=\"pt_BR\" \/>\n<meta property=\"og:type\" content=\"article\" \/>\n<meta property=\"og:title\" content=\"Pa\u00eds bate martelo e comunica decis\u00e3o de n\u00e3o participar da Uni\u00e3o Europeia\" \/>\n<meta property=\"og:description\" content=\"Eleitores islandeses rejeitaram a ades\u00e3o \u00e0 Uni\u00e3o Europeia em referendo realizado no \u00faltimo domingo (30), frustrando os esfor\u00e7os do governo para reabrir\u2026\" \/>\n<meta property=\"og:url\" content=\"https:\/\/crusoe.com.br\/crusoe-variedades\/pais-bate-martelo-e-comunica-decisao-de-nao-participar-da-uniao-europeia\/\" \/>\n<meta property=\"og:site_name\" content=\"Variedades - Cruso\u00e9\" \/>\n<meta property=\"article:published_time\" content=\"2026-09-01T00:06:00+00:00\" \/>\n<meta property=\"og:image\" content=\"https:\/\/cdn.crusoe.com.br\/uploads\/2026\/08\/pais-bate-martelo-e-comunica-decisao-de-nao-participar.jpg\" \/>\n\t<meta property=\"og:image:width\" content=\"1280\" \/>\n\t<meta property=\"og:image:height\" content=\"853\" \/>\n\t<meta property=\"og:image:type\" content=\"image\/jpeg\" \/>\n<meta name=\"author\" content=\"Jeferson da Rosa\" \/>\n<meta name=\"twitter:card\" content=\"summary_large_image\" \/>\n<meta name=\"twitter:label1\" content=\"Escrito por\" \/>\n\t<meta name=\"twitter:data1\" content=\"Jeferson da Rosa\" \/>\n\t<meta name=\"twitter:label2\" content=\"Est. tempo de leitura\" \/>\n\t<meta name=\"twitter:data2\" content=\"3 minutos\" \/>\n<script type=\"application\/ld+json\" class=\"yoast-schema-graph\">{\"@context\":\"https:\/\/schema.org\",\"@graph\":[{\"@type\":\"WebPage\",\"@id\":\"https:\/\/crusoe.com.br\/crusoe-variedades\/pais-bate-martelo-e-comunica-decisao-de-nao-participar-da-uniao-europeia\/\",\"url\":\"https:\/\/crusoe.com.br\/crusoe-variedades\/pais-bate-martelo-e-comunica-decisao-de-nao-participar-da-uniao-europeia\/\",\"name\":\"Pa\u00eds bate martelo e comunica decis\u00e3o de n\u00e3o participar da Uni\u00e3o Europeia\",\"isPartOf\":{\"@id\":\"https:\/\/crusoe.com.br\/crusoe-variedades\/#website\"},\"primaryImageOfPage\":{\"@id\":\"https:\/\/crusoe.com.br\/crusoe-variedades\/pais-bate-martelo-e-comunica-decisao-de-nao-participar-da-uniao-europeia\/#primaryimage\"},\"image\":{\"@id\":\"https:\/\/crusoe.com.br\/crusoe-variedades\/pais-bate-martelo-e-comunica-decisao-de-nao-participar-da-uniao-europeia\/#primaryimage\"},\"thumbnailUrl\":\"https:\/\/cdn.crusoe.com.br\/uploads\/2026\/08\/pais-bate-martelo-e-comunica-decisao-de-nao-participar.jpg\",\"datePublished\":\"2026-09-01T00:06:00+00:00\",\"author\":{\"@id\":\"https:\/\/crusoe.com.br\/crusoe-variedades\/#\/schema\/person\/b801baefd07f9b448cf1fe24b5b119d8\"},\"breadcrumb\":{\"@id\":\"https:\/\/crusoe.com.br\/crusoe-variedades\/pais-bate-martelo-e-comunica-decisao-de-nao-participar-da-uniao-europeia\/#breadcrumb\"},\"inLanguage\":\"pt-BR\",\"potentialAction\":[{\"@type\":\"ReadAction\",\"target\":[\"https:\/\/crusoe.com.br\/crusoe-variedades\/pais-bate-martelo-e-comunica-decisao-de-nao-participar-da-uniao-europeia\/\"]}]},{\"@type\":\"ImageObject\",\"inLanguage\":\"pt-BR\",\"@id\":\"https:\/\/crusoe.com.br\/crusoe-variedades\/pais-bate-martelo-e-comunica-decisao-de-nao-participar-da-uniao-europeia\/#primaryimage\",\"url\":\"https:\/\/cdn.crusoe.com.br\/uploads\/2026\/08\/pais-bate-martelo-e-comunica-decisao-de-nao-participar.jpg\",\"contentUrl\":\"https:\/\/cdn.crusoe.com.br\/uploads\/2026\/08\/pais-bate-martelo-e-comunica-decisao-de-nao-participar.jpg\",\"width\":1280,\"height\":853,\"caption\":\"Pa\u00eds bate martelo e comunica decis\u00e3o de n\u00e3o participar da Uni\u00e3o Europeia - Imagem: Pixabay\"},{\"@type\":\"BreadcrumbList\",\"@id\":\"https:\/\/crusoe.com.br\/crusoe-variedades\/pais-bate-martelo-e-comunica-decisao-de-nao-participar-da-uniao-europeia\/#breadcrumb\",\"itemListElement\":[{\"@type\":\"ListItem\",\"position\":1,\"name\":\"Home\",\"item\":\"https:\/\/crusoe.com.br\/crusoe-variedades\/\"},{\"@type\":\"ListItem\",\"position\":2,\"name\":\"Pa\u00eds bate martelo e comunica decis\u00e3o de n\u00e3o participar da Uni\u00e3o Europeia\"}]},{\"@type\":\"WebSite\",\"@id\":\"https:\/\/crusoe.com.br\/crusoe-variedades\/#website\",\"url\":\"https:\/\/crusoe.com.br\/crusoe-variedades\/\",\"name\":\"Variedades - Cruso\u00e9\",\"description\":\"\",\"potentialAction\":[{\"@type\":\"SearchAction\",\"target\":{\"@type\":\"EntryPoint\",\"urlTemplate\":\"https:\/\/crusoe.com.br\/crusoe-variedades\/?s={search_term_string}\"},\"query-input\":{\"@type\":\"PropertyValueSpecification\",\"valueRequired\":true,\"valueName\":\"search_term_string\"}}],\"inLanguage\":\"pt-BR\"},{\"@type\":\"Person\",\"@id\":\"https:\/\/crusoe.com.br\/crusoe-variedades\/#\/schema\/person\/b801baefd07f9b448cf1fe24b5b119d8\",\"name\":\"Jeferson da Rosa\",\"image\":{\"@type\":\"ImageObject\",\"inLanguage\":\"pt-BR\",\"@id\":\"https:\/\/crusoe.com.br\/crusoe-variedades\/#\/schema\/person\/image\/\",\"url\":\"https:\/\/secure.gravatar.com\/avatar\/cd7646e328d9670dad7dea8698522e522745eeffcff5b9d08be858e377ce326b?s=96&d=mm&r=g\",\"contentUrl\":\"https:\/\/secure.gravatar.com\/avatar\/cd7646e328d9670dad7dea8698522e522745eeffcff5b9d08be858e377ce326b?s=96&d=mm&r=g\",\"caption\":\"Jeferson da Rosa\"},\"description\":\"Jornalista apaixonado pela profiss\u00e3o\",\"url\":\"https:\/\/crusoe.com.br\/crusoe-variedades\/author\/jeferson-da-rosa\/\"}]}<\/script>\n<!-- \/ Yoast SEO plugin. -->","yoast_head_json":{"title":"Pa\u00eds bate martelo e comunica decis\u00e3o de n\u00e3o participar da Uni\u00e3o Europeia","robots":{"index":"index","follow":"follow","max-snippet":"max-snippet:-1","max-image-preview":"max-image-preview:large","max-video-preview":"max-video-preview:-1"},"canonical":"https:\/\/crusoe.com.br\/crusoe-variedades\/pais-bate-martelo-e-comunica-decisao-de-nao-participar-da-uniao-europeia\/","og_locale":"pt_BR","og_type":"article","og_title":"Pa\u00eds bate martelo e comunica decis\u00e3o de n\u00e3o participar da Uni\u00e3o Europeia","og_description":"Eleitores islandeses rejeitaram a ades\u00e3o \u00e0 Uni\u00e3o Europeia em referendo realizado no \u00faltimo domingo (30), frustrando os esfor\u00e7os do governo para reabrir\u2026","og_url":"https:\/\/crusoe.com.br\/crusoe-variedades\/pais-bate-martelo-e-comunica-decisao-de-nao-participar-da-uniao-europeia\/","og_site_name":"Variedades - Cruso\u00e9","article_published_time":"2026-09-01T00:06:00+00:00","og_image":[{"width":1280,"height":853,"url":"https:\/\/cdn.crusoe.com.br\/uploads\/2026\/08\/pais-bate-martelo-e-comunica-decisao-de-nao-participar.jpg","type":"image\/jpeg"}],"author":"Jeferson da Rosa","twitter_card":"summary_large_image","twitter_misc":{"Escrito por":"Jeferson da Rosa","Est. tempo de leitura":"3 minutos"},"schema":{"@context":"https:\/\/schema.org","@graph":[{"@type":"WebPage","@id":"https:\/\/crusoe.com.br\/crusoe-variedades\/pais-bate-martelo-e-comunica-decisao-de-nao-participar-da-uniao-europeia\/","url":"https:\/\/crusoe.com.br\/crusoe-variedades\/pais-bate-martelo-e-comunica-decisao-de-nao-participar-da-uniao-europeia\/","name":"Pa\u00eds bate martelo e comunica decis\u00e3o de n\u00e3o participar da Uni\u00e3o Europeia","isPartOf":{"@id":"https:\/\/crusoe.com.br\/crusoe-variedades\/#website"},"primaryImageOfPage":{"@id":"https:\/\/crusoe.com.br\/crusoe-variedades\/pais-bate-martelo-e-comunica-decisao-de-nao-participar-da-uniao-europeia\/#primaryimage"},"image":{"@id":"https:\/\/crusoe.com.br\/crusoe-variedades\/pais-bate-martelo-e-comunica-decisao-de-nao-participar-da-uniao-europeia\/#primaryimage"},"thumbnailUrl":"https:\/\/cdn.crusoe.com.br\/uploads\/2026\/08\/pais-bate-martelo-e-comunica-decisao-de-nao-participar.jpg","datePublished":"2026-09-01T00:06:00+00:00","author":{"@id":"https:\/\/crusoe.com.br\/crusoe-variedades\/#\/schema\/person\/b801baefd07f9b448cf1fe24b5b119d8"},"breadcrumb":{"@id":"https:\/\/crusoe.com.br\/crusoe-variedades\/pais-bate-martelo-e-comunica-decisao-de-nao-participar-da-uniao-europeia\/#breadcrumb"},"inLanguage":"pt-BR","potentialAction":[{"@type":"ReadAction","target":["https:\/\/crusoe.com.br\/crusoe-variedades\/pais-bate-martelo-e-comunica-decisao-de-nao-participar-da-uniao-europeia\/"]}]},{"@type":"ImageObject","inLanguage":"pt-BR","@id":"https:\/\/crusoe.com.br\/crusoe-variedades\/pais-bate-martelo-e-comunica-decisao-de-nao-participar-da-uniao-europeia\/#primaryimage","url":"https:\/\/cdn.crusoe.com.br\/uploads\/2026\/08\/pais-bate-martelo-e-comunica-decisao-de-nao-participar.jpg","contentUrl":"https:\/\/cdn.crusoe.com.br\/uploads\/2026\/08\/pais-bate-martelo-e-comunica-decisao-de-nao-participar.jpg","width":1280,"height":853,"caption":"Pa\u00eds bate martelo e comunica decis\u00e3o de n\u00e3o participar da Uni\u00e3o Europeia - Imagem: Pixabay"},{"@type":"BreadcrumbList","@id":"https:\/\/crusoe.com.br\/crusoe-variedades\/pais-bate-martelo-e-comunica-decisao-de-nao-participar-da-uniao-europeia\/#breadcrumb","itemListElement":[{"@type":"ListItem","position":1,"name":"Home","item":"https:\/\/crusoe.com.br\/crusoe-variedades\/"},{"@type":"ListItem","position":2,"name":"Pa\u00eds bate martelo e comunica decis\u00e3o de n\u00e3o participar da Uni\u00e3o Europeia"}]},{"@type":"WebSite","@id":"https:\/\/crusoe.com.br\/crusoe-variedades\/#website","url":"https:\/\/crusoe.com.br\/crusoe-variedades\/","name":"Variedades - Cruso\u00e9","description":"","potentialAction":[{"@type":"SearchAction","target":{"@type":"EntryPoint","urlTemplate":"https:\/\/crusoe.com.br\/crusoe-variedades\/?s={search_term_string}"},"query-input":{"@type":"PropertyValueSpecification","valueRequired":true,"valueName":"search_term_string"}}],"inLanguage":"pt-BR"},{"@type":"Person","@id":"https:\/\/crusoe.com.br\/crusoe-variedades\/#\/schema\/person\/b801baefd07f9b448cf1fe24b5b119d8","name":"Jeferson da Rosa","image":{"@type":"ImageObject","inLanguage":"pt-BR","@id":"https:\/\/crusoe.com.br\/crusoe-variedades\/#\/schema\/person\/image\/","url":"https:\/\/secure.gravatar.com\/avatar\/cd7646e328d9670dad7dea8698522e522745eeffcff5b9d08be858e377ce326b?s=96&d=mm&r=g","contentUrl":"https:\/\/secure.gravatar.com\/avatar\/cd7646e328d9670dad7dea8698522e522745eeffcff5b9d08be858e377ce326b?s=96&d=mm&r=g","caption":"Jeferson da Rosa"},"description":"Jornalista apaixonado pela profiss\u00e3o","url":"https:\/\/crusoe.com.br\/crusoe-variedades\/author\/jeferson-da-rosa\/"}]}},"_links":{"self":[{"href":"https:\/\/crusoe.com.br\/crusoe-variedades\/wp-json\/wp\/v2\/posts\/45518","targetHints":{"allow":["GET"]}}],"collection":[{"href":"https:\/\/crusoe.com.br\/crusoe-variedades\/wp-json\/wp\/v2\/posts"}],"about":[{"href":"https:\/\/crusoe.com.br\/crusoe-variedades\/wp-json\/wp\/v2\/types\/post"}],"author":[{"embeddable":true,"href":"https:\/\/crusoe.com.br\/crusoe-variedades\/wp-json\/wp\/v2\/users\/21"}],"replies":[{"embeddable":true,"href":"https:\/\/crusoe.com.br\/crusoe-variedades\/wp-json\/wp\/v2\/comments?post=45518"}],"version-history":[{"count":1,"href":"https:\/\/crusoe.com.br\/crusoe-variedades\/wp-json\/wp\/v2\/posts\/45518\/revisions"}],"predecessor-version":[{"id":45592,"href":"https:\/\/crusoe.com.br\/crusoe-variedades\/wp-json\/wp\/v2\/posts\/45518\/revisions\/45592"}],"wp:featuredmedia":[{"embeddable":true,"href":"https:\/\/crusoe.com.br\/crusoe-variedades\/wp-json\/wp\/v2\/media\/45517"}],"wp:attachment":[{"href":"https:\/\/crusoe.com.br\/crusoe-variedades\/wp-json\/wp\/v2\/media?parent=45518"}],"wp:term":[{"taxonomy":"category","embeddable":true,"href":"https:\/\/crusoe.com.br\/crusoe-variedades\/wp-json\/wp\/v2\/categories?post=45518"},{"taxonomy":"post_tag","embeddable":true,"href":"https:\/\/crusoe.com.br\/crusoe-variedades\/wp-json\/wp\/v2\/tags?post=45518"}],"curies":[{"name":"wp","href":"https:\/\/api.w.org\/{rel}","templated":true}]}}