{"id":45516,"date":"2026-08-31T20:03:00","date_gmt":"2026-08-31T23:03:00","guid":{"rendered":"https:\/\/crusoe.com.br\/crusoe-variedades\/?p=45516"},"modified":"2026-08-31T20:03:00","modified_gmt":"2026-08-31T23:03:00","slug":"ha-20-anos-um-dos-principais-planos-de-assalto-a-banco-era-descoberto-pelas-autoridades-brasileiras","status":"publish","type":"post","link":"https:\/\/crusoe.com.br\/crusoe-variedades\/ha-20-anos-um-dos-principais-planos-de-assalto-a-banco-era-descoberto-pelas-autoridades-brasileiras\/","title":{"rendered":"H\u00e1 20 anos, um dos principais planos de assalto a banco era descoberto pelas autoridades brasileiras"},"content":{"rendered":"\n<p class=\"wp-block-paragraph\">Em setembro de 2006, a Pol\u00edcia Federal invadiu um pr\u00e9dio no Centro Hist\u00f3rico de Porto Alegre e prendeu 26 integrantes do Primeiro Comando da Capital (PCC) que escavavam um t\u00fanel de 85 metros para alcan\u00e7ar os cofres do Banrisul e da Caixa Econ\u00f4mica Federal.&nbsp;<\/p>\n\n\n\n<p class=\"wp-block-paragraph\">O alvo estimado era de R$ 200 milh\u00f5es em valores combinados nas duas ag\u00eancias.<\/p>\n\n\n\n<p class=\"wp-block-paragraph\">Jandir Anselmini, propriet\u00e1rio de um restaurante na regi\u00e3o desde 1994, acompanhava a opera\u00e7\u00e3o criminosa sem saber.&nbsp;<\/p>\n\n\n\n<p class=\"wp-block-paragraph\">Criminosos do PCC frequentavam seu estabelecimento como clientes comuns e pediam regularmente de 10 a 12 marmitas.&nbsp;<\/p>\n\n\n\n<p class=\"wp-block-paragraph\">O padr\u00e3o n\u00e3o despertava desconfian\u00e7a porque eles diziam ter comprado o im\u00f3vel pr\u00f3ximo para reformas, e a madeira chegava ao local com frequ\u00eancia.<\/p>\n\n\n\n<h2 class=\"wp-block-heading\">Opera\u00e7\u00e3o da Pol\u00edcia Federal que descobriu t\u00fanel do PCC<\/h2>\n\n\n\n<p class=\"wp-block-paragraph\">Naquela manh\u00e3, por volta das 6h30, Anselmini erguia a quarta cortina de ferro do restaurante quando se deparou com dois agentes encapuzados.&nbsp;<\/p>\n\n\n\n<p class=\"wp-block-paragraph\">Pensou que seria v\u00edtima de assalto, mas os homens se identificaram como policiais federais e mandaram que ele entrasse.<\/p>\n\n\n\n<p class=\"wp-block-paragraph\">No dia 1\u00ba de setembro, com c\u00e9u azul e sem vento, a Delegacia Regional de Combate ao Crime Organizado da Pol\u00edcia Federal deflagrou a Opera\u00e7\u00e3o Fac\u00e7\u00e3o Toupeira.&nbsp;<\/p>\n\n\n\n<p class=\"wp-block-paragraph\">A opera\u00e7\u00e3o come\u00e7ou \u00e0s 4h30, quando um caminh\u00e3o-ba\u00fa com policiais estacionou na rua Caldas J\u00fanior pr\u00f3ximo ao pr\u00e9dio abandonado onde estavam os criminosos.<\/p>\n\n\n\n<p class=\"wp-block-paragraph\">O restaurante, que normalmente abria \u00e0s 11 horas, s\u00f3 come\u00e7ou a funcionar \u00e0s 13h30 daquele dia devido \u00e0 intensa movimenta\u00e7\u00e3o de agentes policiais e curiosos.<\/p>\n\n\n\n<p class=\"wp-block-paragraph\">A estrutura do t\u00fanel permanece preservada sob o estabelecimento, coberta por uma tampa de acr\u00edlico em uma das salas, hoje conhecida como &#8220;espa\u00e7o do assalto&#8221; e um dos pontos mais procurados pelos clientes, que reservam o local em grupos de 20 a 30 pessoas, com capacidade total para 50.<\/p>\n\n\n\n<h2 class=\"wp-block-heading\">Como a opera\u00e7\u00e3o foi descoberta<\/h2>\n\n\n\n<p class=\"wp-block-paragraph\">A investiga\u00e7\u00e3o come\u00e7ou com um descuido em Fortaleza, a aproximadamente 4.198 quil\u00f4metros de Porto Alegre.&nbsp;<\/p>\n\n\n\n<p class=\"wp-block-paragraph\">Um ano antes, no roubo do Banco Central do Cear\u00e1, foram levados R$ 164,7 milh\u00f5es.<\/p>\n\n\n\n<p class=\"wp-block-paragraph\">Um cart\u00e3o de telefone celular pr\u00e9-pago foi encontrado na casa onde a entrada do t\u00fanel foi constru\u00edda.<\/p>\n\n\n\n<p class=\"wp-block-paragraph\">A per\u00edcia da Pol\u00edcia Federal identificou o n\u00famero do cart\u00e3o e, por meio dele, descobriu o telefone que havia recebido os cr\u00e9ditos.&nbsp;<\/p>\n\n\n\n<p class=\"wp-block-paragraph\">A PF percebeu que o telefone havia sido recarregado e come\u00e7ou a monitor\u00e1-lo, conforme o ent\u00e3o ministro da Justi\u00e7a, M\u00e1rcio Thomaz Bastos.<\/p>\n\n\n\n<p class=\"wp-block-paragraph\">O rastreamento dos contatos e dos propriet\u00e1rios das linhas associadas ao n\u00famero levou os policiais a um criminoso conhecido pelo apelido de &#8220;Jo\u00e3o das Couves&#8221;, assaltante ga\u00facho que fazia a ponte entre a fac\u00e7\u00e3o paulista e criminosos locais no Rio Grande do Sul.<\/p>\n\n\n\n<p class=\"wp-block-paragraph\">O monitoramento dos passos dele permitiu \u00e0 PF descobrir a compra do pr\u00e9dio no centro de Porto Alegre e interromper a escava\u00e7\u00e3o antes que os criminosos chegassem aos cofres dos bancos.<\/p>\n\n\n\n<p class=\"wp-block-paragraph\">O erro revelava o planejamento dos criminosos e sua inten\u00e7\u00e3o de repetir o sucesso obtido no Cear\u00e1.&nbsp;<\/p>\n\n\n\n<p class=\"wp-block-paragraph\">A a\u00e7\u00e3o coordenada impediu que a quadrilha chegasse aos cofres, localizados a 5 metros abaixo do solo, e o superintendente da PF no Rio Grande do Sul estimava que invadiriam o banco na madrugada do feriado de 7 de Setembro.<\/p>\n\n\n\n<h2 class=\"wp-block-heading\">Alcance da opera\u00e7\u00e3o e investimento do PCC<\/h2>\n\n\n\n<p class=\"wp-block-paragraph\">O t\u00fanel de 85 metros se estendia at\u00e9 a ag\u00eancia matriz do Banrisul, na quadra entre as avenidas Siqueira Campos e 7 de Setembro.&nbsp;<\/p>\n\n\n\n<p class=\"wp-block-paragraph\">Faltava apenas um pequeno trecho sob a rua Caldas J\u00fanior para que os assaltantes atingissem o pr\u00e9dio, onde pretendiam furtar cerca de R$ 80 milh\u00f5es.<\/p>\n\n\n\n<p class=\"wp-block-paragraph\">Se conseguissem tamb\u00e9m invadir a Caixa Econ\u00f4mica Federal, o saque total chegaria aos R$ 200 milh\u00f5es.<\/p>\n\n\n\n<p class=\"wp-block-paragraph\">A opera\u00e7\u00e3o envolveu 30 suspeitos detidos em diferentes locais, e vinte e seis foram presos no edif\u00edcio de sete andares na esquina da rua Caldas J\u00fanior com a avenida Mau\u00e1.&nbsp;<\/p>\n\n\n\n<p class=\"wp-block-paragraph\">A maioria era paulista; outros quatro foram capturados em uma casa alugada no bairro Partenon, que funcionava como QG.<\/p>\n\n\n\n<p class=\"wp-block-paragraph\">Al\u00e9m disso, outros 12 foram localizados em nove estados, incluindo o l\u00edder do roubo anterior em Fortaleza.&nbsp;<\/p>\n\n\n\n<p class=\"wp-block-paragraph\">O PCC investiria R$ 10 milh\u00f5es para executar o assalto. O valor seria gasto com alimenta\u00e7\u00e3o, compra do pr\u00e9dio, aluguel da resid\u00eancia, log\u00edstica e contrata\u00e7\u00e3o de advogados.<\/p>\n\n\n\n<h2 class=\"wp-block-heading\">Desfecho judicial<\/h2>\n\n\n\n<p class=\"wp-block-paragraph\">Vinte e nove dos 30 presos na Opera\u00e7\u00e3o Fac\u00e7\u00e3o Toupeira foram condenados a penas que somaram 193 anos, conforme informou o Minist\u00e9rio P\u00fablico Federal.<\/p>\n\n\n\n<p class=\"wp-block-paragraph\">&nbsp;Vinte anos depois, a estrutura do t\u00fanel permanece preservada como registro da opera\u00e7\u00e3o que impediu um dos maiores roubos planejados contra institui\u00e7\u00f5es financeiras no Sul do pa\u00eds.<\/p>\n","protected":false},"excerpt":{"rendered":"<p>Em setembro de 2006, a Pol\u00edcia Federal invadiu um pr\u00e9dio no Centro Hist\u00f3rico de Porto Alegre e prendeu 26 integrantes do Primeiro Comando da Capital (PCC)\u2026<\/p>\n","protected":false},"author":21,"featured_media":45515,"comment_status":"open","ping_status":"open","sticky":false,"template":"","format":"standard","meta":{"jnews-multi-image_gallery":[],"jnews_single_post":[],"jnews_primary_category":[],"jnews_override_counter":[],"jnews_post_split":[],"footnotes":""},"categories":[1],"tags":[],"class_list":["post-45516","post","type-post","status-publish","format-standard","has-post-thumbnail","hentry","category-geral"],"yoast_head":"<!-- This site is optimized with the Yoast SEO plugin v25.0 - https:\/\/yoast.com\/wordpress\/plugins\/seo\/ -->\n<title>H\u00e1 20 anos, um dos principais planos de assalto a banco era descoberto pelas autoridades brasileiras<\/title>\n<meta name=\"robots\" content=\"index, follow, max-snippet:-1, max-image-preview:large, max-video-preview:-1\" \/>\n<link rel=\"canonical\" href=\"https:\/\/crusoe.com.br\/crusoe-variedades\/ha-20-anos-um-dos-principais-planos-de-assalto-a-banco-era-descoberto-pelas-autoridades-brasileiras\/\" \/>\n<meta property=\"og:locale\" content=\"pt_BR\" \/>\n<meta property=\"og:type\" content=\"article\" \/>\n<meta property=\"og:title\" content=\"H\u00e1 20 anos, um dos principais planos de assalto a banco era descoberto pelas autoridades brasileiras\" \/>\n<meta property=\"og:description\" content=\"Em setembro de 2006, a Pol\u00edcia Federal invadiu um pr\u00e9dio no Centro Hist\u00f3rico de Porto Alegre e prendeu 26 integrantes do Primeiro Comando da Capital (PCC)\u2026\" \/>\n<meta property=\"og:url\" content=\"https:\/\/crusoe.com.br\/crusoe-variedades\/ha-20-anos-um-dos-principais-planos-de-assalto-a-banco-era-descoberto-pelas-autoridades-brasileiras\/\" \/>\n<meta property=\"og:site_name\" content=\"Variedades - Cruso\u00e9\" \/>\n<meta property=\"article:published_time\" content=\"2026-08-31T23:03:00+00:00\" \/>\n<meta property=\"og:image\" content=\"https:\/\/cdn.crusoe.com.br\/uploads\/2026\/08\/ha-20-anos-um-dos-principais-planos-de-assalto-a-banco.jpg\" \/>\n\t<meta property=\"og:image:width\" content=\"1280\" \/>\n\t<meta property=\"og:image:height\" content=\"960\" \/>\n\t<meta property=\"og:image:type\" content=\"image\/jpeg\" \/>\n<meta name=\"author\" content=\"Jeferson da Rosa\" \/>\n<meta name=\"twitter:card\" content=\"summary_large_image\" \/>\n<meta name=\"twitter:label1\" content=\"Escrito por\" \/>\n\t<meta name=\"twitter:data1\" content=\"Jeferson da Rosa\" \/>\n\t<meta name=\"twitter:label2\" content=\"Est. tempo de leitura\" \/>\n\t<meta name=\"twitter:data2\" content=\"4 minutos\" \/>\n<script type=\"application\/ld+json\" class=\"yoast-schema-graph\">{\"@context\":\"https:\/\/schema.org\",\"@graph\":[{\"@type\":\"WebPage\",\"@id\":\"https:\/\/crusoe.com.br\/crusoe-variedades\/ha-20-anos-um-dos-principais-planos-de-assalto-a-banco-era-descoberto-pelas-autoridades-brasileiras\/\",\"url\":\"https:\/\/crusoe.com.br\/crusoe-variedades\/ha-20-anos-um-dos-principais-planos-de-assalto-a-banco-era-descoberto-pelas-autoridades-brasileiras\/\",\"name\":\"H\u00e1 20 anos, um dos principais planos de assalto a banco era descoberto pelas autoridades brasileiras\",\"isPartOf\":{\"@id\":\"https:\/\/crusoe.com.br\/crusoe-variedades\/#website\"},\"primaryImageOfPage\":{\"@id\":\"https:\/\/crusoe.com.br\/crusoe-variedades\/ha-20-anos-um-dos-principais-planos-de-assalto-a-banco-era-descoberto-pelas-autoridades-brasileiras\/#primaryimage\"},\"image\":{\"@id\":\"https:\/\/crusoe.com.br\/crusoe-variedades\/ha-20-anos-um-dos-principais-planos-de-assalto-a-banco-era-descoberto-pelas-autoridades-brasileiras\/#primaryimage\"},\"thumbnailUrl\":\"https:\/\/cdn.crusoe.com.br\/uploads\/2026\/08\/ha-20-anos-um-dos-principais-planos-de-assalto-a-banco.jpg\",\"datePublished\":\"2026-08-31T23:03:00+00:00\",\"author\":{\"@id\":\"https:\/\/crusoe.com.br\/crusoe-variedades\/#\/schema\/person\/b801baefd07f9b448cf1fe24b5b119d8\"},\"breadcrumb\":{\"@id\":\"https:\/\/crusoe.com.br\/crusoe-variedades\/ha-20-anos-um-dos-principais-planos-de-assalto-a-banco-era-descoberto-pelas-autoridades-brasileiras\/#breadcrumb\"},\"inLanguage\":\"pt-BR\",\"potentialAction\":[{\"@type\":\"ReadAction\",\"target\":[\"https:\/\/crusoe.com.br\/crusoe-variedades\/ha-20-anos-um-dos-principais-planos-de-assalto-a-banco-era-descoberto-pelas-autoridades-brasileiras\/\"]}]},{\"@type\":\"ImageObject\",\"inLanguage\":\"pt-BR\",\"@id\":\"https:\/\/crusoe.com.br\/crusoe-variedades\/ha-20-anos-um-dos-principais-planos-de-assalto-a-banco-era-descoberto-pelas-autoridades-brasileiras\/#primaryimage\",\"url\":\"https:\/\/cdn.crusoe.com.br\/uploads\/2026\/08\/ha-20-anos-um-dos-principais-planos-de-assalto-a-banco.jpg\",\"contentUrl\":\"https:\/\/cdn.crusoe.com.br\/uploads\/2026\/08\/ha-20-anos-um-dos-principais-planos-de-assalto-a-banco.jpg\",\"width\":1280,\"height\":960,\"caption\":\"H\u00e1 20 anos, um dos principais planos de assalto a banco era descoberto pelas autoridades brasileiras - Imagem: Pixabay\"},{\"@type\":\"BreadcrumbList\",\"@id\":\"https:\/\/crusoe.com.br\/crusoe-variedades\/ha-20-anos-um-dos-principais-planos-de-assalto-a-banco-era-descoberto-pelas-autoridades-brasileiras\/#breadcrumb\",\"itemListElement\":[{\"@type\":\"ListItem\",\"position\":1,\"name\":\"Home\",\"item\":\"https:\/\/crusoe.com.br\/crusoe-variedades\/\"},{\"@type\":\"ListItem\",\"position\":2,\"name\":\"H\u00e1 20 anos, um dos principais planos de assalto a banco era descoberto pelas autoridades brasileiras\"}]},{\"@type\":\"WebSite\",\"@id\":\"https:\/\/crusoe.com.br\/crusoe-variedades\/#website\",\"url\":\"https:\/\/crusoe.com.br\/crusoe-variedades\/\",\"name\":\"Variedades - Cruso\u00e9\",\"description\":\"\",\"potentialAction\":[{\"@type\":\"SearchAction\",\"target\":{\"@type\":\"EntryPoint\",\"urlTemplate\":\"https:\/\/crusoe.com.br\/crusoe-variedades\/?s={search_term_string}\"},\"query-input\":{\"@type\":\"PropertyValueSpecification\",\"valueRequired\":true,\"valueName\":\"search_term_string\"}}],\"inLanguage\":\"pt-BR\"},{\"@type\":\"Person\",\"@id\":\"https:\/\/crusoe.com.br\/crusoe-variedades\/#\/schema\/person\/b801baefd07f9b448cf1fe24b5b119d8\",\"name\":\"Jeferson da Rosa\",\"image\":{\"@type\":\"ImageObject\",\"inLanguage\":\"pt-BR\",\"@id\":\"https:\/\/crusoe.com.br\/crusoe-variedades\/#\/schema\/person\/image\/\",\"url\":\"https:\/\/secure.gravatar.com\/avatar\/cd7646e328d9670dad7dea8698522e522745eeffcff5b9d08be858e377ce326b?s=96&d=mm&r=g\",\"contentUrl\":\"https:\/\/secure.gravatar.com\/avatar\/cd7646e328d9670dad7dea8698522e522745eeffcff5b9d08be858e377ce326b?s=96&d=mm&r=g\",\"caption\":\"Jeferson da Rosa\"},\"description\":\"Jornalista apaixonado pela profiss\u00e3o\",\"url\":\"https:\/\/crusoe.com.br\/crusoe-variedades\/author\/jeferson-da-rosa\/\"}]}<\/script>\n<!-- \/ Yoast SEO plugin. -->","yoast_head_json":{"title":"H\u00e1 20 anos, um dos principais planos de assalto a banco era descoberto pelas autoridades brasileiras","robots":{"index":"index","follow":"follow","max-snippet":"max-snippet:-1","max-image-preview":"max-image-preview:large","max-video-preview":"max-video-preview:-1"},"canonical":"https:\/\/crusoe.com.br\/crusoe-variedades\/ha-20-anos-um-dos-principais-planos-de-assalto-a-banco-era-descoberto-pelas-autoridades-brasileiras\/","og_locale":"pt_BR","og_type":"article","og_title":"H\u00e1 20 anos, um dos principais planos de assalto a banco era descoberto pelas autoridades brasileiras","og_description":"Em setembro de 2006, a Pol\u00edcia Federal invadiu um pr\u00e9dio no Centro Hist\u00f3rico de Porto Alegre e prendeu 26 integrantes do Primeiro Comando da Capital (PCC)\u2026","og_url":"https:\/\/crusoe.com.br\/crusoe-variedades\/ha-20-anos-um-dos-principais-planos-de-assalto-a-banco-era-descoberto-pelas-autoridades-brasileiras\/","og_site_name":"Variedades - Cruso\u00e9","article_published_time":"2026-08-31T23:03:00+00:00","og_image":[{"width":1280,"height":960,"url":"https:\/\/cdn.crusoe.com.br\/uploads\/2026\/08\/ha-20-anos-um-dos-principais-planos-de-assalto-a-banco.jpg","type":"image\/jpeg"}],"author":"Jeferson da Rosa","twitter_card":"summary_large_image","twitter_misc":{"Escrito por":"Jeferson da Rosa","Est. tempo de leitura":"4 minutos"},"schema":{"@context":"https:\/\/schema.org","@graph":[{"@type":"WebPage","@id":"https:\/\/crusoe.com.br\/crusoe-variedades\/ha-20-anos-um-dos-principais-planos-de-assalto-a-banco-era-descoberto-pelas-autoridades-brasileiras\/","url":"https:\/\/crusoe.com.br\/crusoe-variedades\/ha-20-anos-um-dos-principais-planos-de-assalto-a-banco-era-descoberto-pelas-autoridades-brasileiras\/","name":"H\u00e1 20 anos, um dos principais planos de assalto a banco era descoberto pelas autoridades brasileiras","isPartOf":{"@id":"https:\/\/crusoe.com.br\/crusoe-variedades\/#website"},"primaryImageOfPage":{"@id":"https:\/\/crusoe.com.br\/crusoe-variedades\/ha-20-anos-um-dos-principais-planos-de-assalto-a-banco-era-descoberto-pelas-autoridades-brasileiras\/#primaryimage"},"image":{"@id":"https:\/\/crusoe.com.br\/crusoe-variedades\/ha-20-anos-um-dos-principais-planos-de-assalto-a-banco-era-descoberto-pelas-autoridades-brasileiras\/#primaryimage"},"thumbnailUrl":"https:\/\/cdn.crusoe.com.br\/uploads\/2026\/08\/ha-20-anos-um-dos-principais-planos-de-assalto-a-banco.jpg","datePublished":"2026-08-31T23:03:00+00:00","author":{"@id":"https:\/\/crusoe.com.br\/crusoe-variedades\/#\/schema\/person\/b801baefd07f9b448cf1fe24b5b119d8"},"breadcrumb":{"@id":"https:\/\/crusoe.com.br\/crusoe-variedades\/ha-20-anos-um-dos-principais-planos-de-assalto-a-banco-era-descoberto-pelas-autoridades-brasileiras\/#breadcrumb"},"inLanguage":"pt-BR","potentialAction":[{"@type":"ReadAction","target":["https:\/\/crusoe.com.br\/crusoe-variedades\/ha-20-anos-um-dos-principais-planos-de-assalto-a-banco-era-descoberto-pelas-autoridades-brasileiras\/"]}]},{"@type":"ImageObject","inLanguage":"pt-BR","@id":"https:\/\/crusoe.com.br\/crusoe-variedades\/ha-20-anos-um-dos-principais-planos-de-assalto-a-banco-era-descoberto-pelas-autoridades-brasileiras\/#primaryimage","url":"https:\/\/cdn.crusoe.com.br\/uploads\/2026\/08\/ha-20-anos-um-dos-principais-planos-de-assalto-a-banco.jpg","contentUrl":"https:\/\/cdn.crusoe.com.br\/uploads\/2026\/08\/ha-20-anos-um-dos-principais-planos-de-assalto-a-banco.jpg","width":1280,"height":960,"caption":"H\u00e1 20 anos, um dos principais planos de assalto a banco era descoberto pelas autoridades brasileiras - Imagem: Pixabay"},{"@type":"BreadcrumbList","@id":"https:\/\/crusoe.com.br\/crusoe-variedades\/ha-20-anos-um-dos-principais-planos-de-assalto-a-banco-era-descoberto-pelas-autoridades-brasileiras\/#breadcrumb","itemListElement":[{"@type":"ListItem","position":1,"name":"Home","item":"https:\/\/crusoe.com.br\/crusoe-variedades\/"},{"@type":"ListItem","position":2,"name":"H\u00e1 20 anos, um dos principais planos de assalto a banco era descoberto pelas autoridades brasileiras"}]},{"@type":"WebSite","@id":"https:\/\/crusoe.com.br\/crusoe-variedades\/#website","url":"https:\/\/crusoe.com.br\/crusoe-variedades\/","name":"Variedades - Cruso\u00e9","description":"","potentialAction":[{"@type":"SearchAction","target":{"@type":"EntryPoint","urlTemplate":"https:\/\/crusoe.com.br\/crusoe-variedades\/?s={search_term_string}"},"query-input":{"@type":"PropertyValueSpecification","valueRequired":true,"valueName":"search_term_string"}}],"inLanguage":"pt-BR"},{"@type":"Person","@id":"https:\/\/crusoe.com.br\/crusoe-variedades\/#\/schema\/person\/b801baefd07f9b448cf1fe24b5b119d8","name":"Jeferson da Rosa","image":{"@type":"ImageObject","inLanguage":"pt-BR","@id":"https:\/\/crusoe.com.br\/crusoe-variedades\/#\/schema\/person\/image\/","url":"https:\/\/secure.gravatar.com\/avatar\/cd7646e328d9670dad7dea8698522e522745eeffcff5b9d08be858e377ce326b?s=96&d=mm&r=g","contentUrl":"https:\/\/secure.gravatar.com\/avatar\/cd7646e328d9670dad7dea8698522e522745eeffcff5b9d08be858e377ce326b?s=96&d=mm&r=g","caption":"Jeferson da Rosa"},"description":"Jornalista apaixonado pela profiss\u00e3o","url":"https:\/\/crusoe.com.br\/crusoe-variedades\/author\/jeferson-da-rosa\/"}]}},"_links":{"self":[{"href":"https:\/\/crusoe.com.br\/crusoe-variedades\/wp-json\/wp\/v2\/posts\/45516","targetHints":{"allow":["GET"]}}],"collection":[{"href":"https:\/\/crusoe.com.br\/crusoe-variedades\/wp-json\/wp\/v2\/posts"}],"about":[{"href":"https:\/\/crusoe.com.br\/crusoe-variedades\/wp-json\/wp\/v2\/types\/post"}],"author":[{"embeddable":true,"href":"https:\/\/crusoe.com.br\/crusoe-variedades\/wp-json\/wp\/v2\/users\/21"}],"replies":[{"embeddable":true,"href":"https:\/\/crusoe.com.br\/crusoe-variedades\/wp-json\/wp\/v2\/comments?post=45516"}],"version-history":[{"count":1,"href":"https:\/\/crusoe.com.br\/crusoe-variedades\/wp-json\/wp\/v2\/posts\/45516\/revisions"}],"predecessor-version":[{"id":45591,"href":"https:\/\/crusoe.com.br\/crusoe-variedades\/wp-json\/wp\/v2\/posts\/45516\/revisions\/45591"}],"wp:featuredmedia":[{"embeddable":true,"href":"https:\/\/crusoe.com.br\/crusoe-variedades\/wp-json\/wp\/v2\/media\/45515"}],"wp:attachment":[{"href":"https:\/\/crusoe.com.br\/crusoe-variedades\/wp-json\/wp\/v2\/media?parent=45516"}],"wp:term":[{"taxonomy":"category","embeddable":true,"href":"https:\/\/crusoe.com.br\/crusoe-variedades\/wp-json\/wp\/v2\/categories?post=45516"},{"taxonomy":"post_tag","embeddable":true,"href":"https:\/\/crusoe.com.br\/crusoe-variedades\/wp-json\/wp\/v2\/tags?post=45516"}],"curies":[{"name":"wp","href":"https:\/\/api.w.org\/{rel}","templated":true}]}}