{"id":45512,"date":"2026-08-31T18:06:00","date_gmt":"2026-08-31T21:06:00","guid":{"rendered":"https:\/\/crusoe.com.br\/crusoe-variedades\/?p=45512"},"modified":"2026-08-31T18:06:00","modified_gmt":"2026-08-31T21:06:00","slug":"volante-da-sinal-verde-e-vai-assinar-contrato-ate-o-fim-de-2028-com-flamengo","status":"publish","type":"post","link":"https:\/\/crusoe.com.br\/crusoe-variedades\/volante-da-sinal-verde-e-vai-assinar-contrato-ate-o-fim-de-2028-com-flamengo\/","title":{"rendered":"Volante da sinal verde e vai assinar contrato at\u00e9 o fim de 2028 com Flamengo"},"content":{"rendered":"\n<p class=\"wp-block-paragraph\">Erick Pulgar renovar\u00e1 seu v\u00ednculo com o Flamengo at\u00e9 dezembro de 2028, ap\u00f3s meses de negocia\u00e7\u00f5es que se intensificaram com a classifica\u00e7\u00e3o para as quartas de final da Libertadores.&nbsp;<\/p>\n\n\n\n<p class=\"wp-block-paragraph\">O volante chileno, de 32 anos, receber\u00e1 reajuste salarial, mas o clube n\u00e3o chegou aos valores inicialmente pedidos pelo jogador, e Pulgar aceitou a proposta apresentada pelo Flamengo.<\/p>\n\n\n\n<h2 class=\"wp-block-heading\">Volante da sinal verde e vai assinar contrato at\u00e9 o fim de 2028 com Flamengo<\/h2>\n\n\n\n<p class=\"wp-block-paragraph\">A multa rescis\u00f3ria tamb\u00e9m ser\u00e1 ampliada para reduzir o interesse de clubes estrangeiros, principalmente do futebol \u00e1rabe.&nbsp;<\/p>\n\n\n\n<p class=\"wp-block-paragraph\">As partes trocam documenta\u00e7\u00e3o, e a assinatura do novo contrato ocorrer\u00e1 nos pr\u00f3ximos dias.&nbsp;<\/p>\n\n\n\n<p class=\"wp-block-paragraph\">O acordo estende o v\u00ednculo por mais um ano: o contrato original terminaria no fim de 2027.<\/p>\n\n\n\n<p class=\"wp-block-paragraph\">Desde que chegou ao Flamengo em 2022, Pulgar se consolidou como um dos principais nomes do elenco.&nbsp;<\/p>\n\n\n\n<p class=\"wp-block-paragraph\">O chileno conquistou a confian\u00e7a de diferentes comiss\u00f5es t\u00e9cnicas e se tornou refer\u00eancia t\u00e1tica pelo equil\u00edbrio que d\u00e1 ao time.&nbsp;<\/p>\n\n\n\n<p class=\"wp-block-paragraph\">Esse aumento de import\u00e2ncia levou a diretoria a refor\u00e7ar a multa rescis\u00f3ria para proteger o clube.<\/p>\n\n\n\n<p class=\"wp-block-paragraph\">Na temporada de 2026, Pulgar alcan\u00e7ou sua melhor marca de gols com a camisa rubro-negra: tr\u00eas, dois deles contra o Vit\u00f3ria, nos dois turnos do Campeonato Brasileiro.&nbsp;<\/p>\n\n\n\n<p class=\"wp-block-paragraph\">Sua rela\u00e7\u00e3o com o Flamengo vai al\u00e9m do campo.&nbsp;<\/p>\n\n\n\n<p class=\"wp-block-paragraph\">O volante construiu la\u00e7os fortes com a torcida, particularmente com crian\u00e7as, e \u00e9 frequentemente visto em momentos de aten\u00e7\u00e3o e carinho nas redes sociais.<\/p>\n\n\n\n<h2 class=\"wp-block-heading\">Contexto de ass\u00e9dio internacional<\/h2>\n\n\n\n<p class=\"wp-block-paragraph\">A multa rescis\u00f3ria anterior, de US$ 4 milh\u00f5es (aproximadamente R$ 21 milh\u00f5es), era considerada baixa pela diretoria, especialmente depois que clubes do futebol \u00e1rabe se aproximaram do jogador.&nbsp;<\/p>\n\n\n\n<p class=\"wp-block-paragraph\">No novo contrato, ela ser\u00e1 elevada para US$ 6 milh\u00f5es, com vig\u00eancia a partir de meados de 2026, para proteger o Flamengo de poss\u00edveis tentativas de contrata\u00e7\u00e3o do exterior.<\/p>\n\n\n\n<p class=\"wp-block-paragraph\">O Rubro-Negro j\u00e1 havia vivido situa\u00e7\u00e3o parecida com Gerson, cuja multa rescis\u00f3ria foi ativada pelo Zenit em uma transfer\u00eancia que surpreendeu o clube.<\/p>\n","protected":false},"excerpt":{"rendered":"<p>Erick Pulgar renovar\u00e1 seu v\u00ednculo com o Flamengo at\u00e9 dezembro de 2028, ap\u00f3s meses de negocia\u00e7\u00f5es que se intensificaram com a classifica\u00e7\u00e3o para as quartas\u2026<\/p>\n","protected":false},"author":21,"featured_media":45511,"comment_status":"open","ping_status":"open","sticky":false,"template":"","format":"standard","meta":{"jnews-multi-image_gallery":[],"jnews_single_post":[],"jnews_primary_category":[],"jnews_override_counter":[],"jnews_post_split":[],"footnotes":""},"categories":[1],"tags":[],"class_list":["post-45512","post","type-post","status-publish","format-standard","has-post-thumbnail","hentry","category-geral"],"yoast_head":"<!-- This site is optimized with the Yoast SEO plugin v25.0 - https:\/\/yoast.com\/wordpress\/plugins\/seo\/ -->\n<title>Volante da sinal verde e vai assinar contrato at\u00e9 o fim de 2028 com Flamengo<\/title>\n<meta name=\"robots\" content=\"index, follow, max-snippet:-1, max-image-preview:large, max-video-preview:-1\" \/>\n<link rel=\"canonical\" href=\"https:\/\/crusoe.com.br\/crusoe-variedades\/volante-da-sinal-verde-e-vai-assinar-contrato-ate-o-fim-de-2028-com-flamengo\/\" \/>\n<meta property=\"og:locale\" content=\"pt_BR\" \/>\n<meta property=\"og:type\" content=\"article\" \/>\n<meta property=\"og:title\" content=\"Volante da sinal verde e vai assinar contrato at\u00e9 o fim de 2028 com Flamengo\" \/>\n<meta property=\"og:description\" content=\"Erick Pulgar renovar\u00e1 seu v\u00ednculo com o Flamengo at\u00e9 dezembro de 2028, ap\u00f3s meses de negocia\u00e7\u00f5es que se intensificaram com a classifica\u00e7\u00e3o para as quartas\u2026\" \/>\n<meta property=\"og:url\" content=\"https:\/\/crusoe.com.br\/crusoe-variedades\/volante-da-sinal-verde-e-vai-assinar-contrato-ate-o-fim-de-2028-com-flamengo\/\" \/>\n<meta property=\"og:site_name\" content=\"Variedades - Cruso\u00e9\" \/>\n<meta property=\"article:published_time\" content=\"2026-08-31T21:06:00+00:00\" \/>\n<meta property=\"og:image\" content=\"https:\/\/cdn.crusoe.com.br\/uploads\/2026\/08\/volante-da-sinal-verde-e-vai-assinar-contrato-ate-o-fim.jpg\" \/>\n\t<meta property=\"og:image:width\" content=\"1280\" \/>\n\t<meta property=\"og:image:height\" content=\"853\" \/>\n\t<meta property=\"og:image:type\" content=\"image\/jpeg\" \/>\n<meta name=\"author\" content=\"Jeferson da Rosa\" \/>\n<meta name=\"twitter:card\" content=\"summary_large_image\" \/>\n<meta name=\"twitter:label1\" content=\"Escrito por\" \/>\n\t<meta name=\"twitter:data1\" content=\"Jeferson da Rosa\" \/>\n\t<meta name=\"twitter:label2\" content=\"Est. tempo de leitura\" \/>\n\t<meta name=\"twitter:data2\" content=\"2 minutos\" \/>\n<script type=\"application\/ld+json\" class=\"yoast-schema-graph\">{\"@context\":\"https:\/\/schema.org\",\"@graph\":[{\"@type\":\"WebPage\",\"@id\":\"https:\/\/crusoe.com.br\/crusoe-variedades\/volante-da-sinal-verde-e-vai-assinar-contrato-ate-o-fim-de-2028-com-flamengo\/\",\"url\":\"https:\/\/crusoe.com.br\/crusoe-variedades\/volante-da-sinal-verde-e-vai-assinar-contrato-ate-o-fim-de-2028-com-flamengo\/\",\"name\":\"Volante da sinal verde e vai assinar contrato at\u00e9 o fim de 2028 com Flamengo\",\"isPartOf\":{\"@id\":\"https:\/\/crusoe.com.br\/crusoe-variedades\/#website\"},\"primaryImageOfPage\":{\"@id\":\"https:\/\/crusoe.com.br\/crusoe-variedades\/volante-da-sinal-verde-e-vai-assinar-contrato-ate-o-fim-de-2028-com-flamengo\/#primaryimage\"},\"image\":{\"@id\":\"https:\/\/crusoe.com.br\/crusoe-variedades\/volante-da-sinal-verde-e-vai-assinar-contrato-ate-o-fim-de-2028-com-flamengo\/#primaryimage\"},\"thumbnailUrl\":\"https:\/\/cdn.crusoe.com.br\/uploads\/2026\/08\/volante-da-sinal-verde-e-vai-assinar-contrato-ate-o-fim.jpg\",\"datePublished\":\"2026-08-31T21:06:00+00:00\",\"author\":{\"@id\":\"https:\/\/crusoe.com.br\/crusoe-variedades\/#\/schema\/person\/b801baefd07f9b448cf1fe24b5b119d8\"},\"breadcrumb\":{\"@id\":\"https:\/\/crusoe.com.br\/crusoe-variedades\/volante-da-sinal-verde-e-vai-assinar-contrato-ate-o-fim-de-2028-com-flamengo\/#breadcrumb\"},\"inLanguage\":\"pt-BR\",\"potentialAction\":[{\"@type\":\"ReadAction\",\"target\":[\"https:\/\/crusoe.com.br\/crusoe-variedades\/volante-da-sinal-verde-e-vai-assinar-contrato-ate-o-fim-de-2028-com-flamengo\/\"]}]},{\"@type\":\"ImageObject\",\"inLanguage\":\"pt-BR\",\"@id\":\"https:\/\/crusoe.com.br\/crusoe-variedades\/volante-da-sinal-verde-e-vai-assinar-contrato-ate-o-fim-de-2028-com-flamengo\/#primaryimage\",\"url\":\"https:\/\/cdn.crusoe.com.br\/uploads\/2026\/08\/volante-da-sinal-verde-e-vai-assinar-contrato-ate-o-fim.jpg\",\"contentUrl\":\"https:\/\/cdn.crusoe.com.br\/uploads\/2026\/08\/volante-da-sinal-verde-e-vai-assinar-contrato-ate-o-fim.jpg\",\"width\":1280,\"height\":853,\"caption\":\"Volante da sinal verde e vai assinar contrato at\u00e9 o fim de 2028 com Flamengo - Imagem: Pixabay\"},{\"@type\":\"BreadcrumbList\",\"@id\":\"https:\/\/crusoe.com.br\/crusoe-variedades\/volante-da-sinal-verde-e-vai-assinar-contrato-ate-o-fim-de-2028-com-flamengo\/#breadcrumb\",\"itemListElement\":[{\"@type\":\"ListItem\",\"position\":1,\"name\":\"Home\",\"item\":\"https:\/\/crusoe.com.br\/crusoe-variedades\/\"},{\"@type\":\"ListItem\",\"position\":2,\"name\":\"Volante da sinal verde e vai assinar contrato at\u00e9 o fim de 2028 com Flamengo\"}]},{\"@type\":\"WebSite\",\"@id\":\"https:\/\/crusoe.com.br\/crusoe-variedades\/#website\",\"url\":\"https:\/\/crusoe.com.br\/crusoe-variedades\/\",\"name\":\"Variedades - Cruso\u00e9\",\"description\":\"\",\"potentialAction\":[{\"@type\":\"SearchAction\",\"target\":{\"@type\":\"EntryPoint\",\"urlTemplate\":\"https:\/\/crusoe.com.br\/crusoe-variedades\/?s={search_term_string}\"},\"query-input\":{\"@type\":\"PropertyValueSpecification\",\"valueRequired\":true,\"valueName\":\"search_term_string\"}}],\"inLanguage\":\"pt-BR\"},{\"@type\":\"Person\",\"@id\":\"https:\/\/crusoe.com.br\/crusoe-variedades\/#\/schema\/person\/b801baefd07f9b448cf1fe24b5b119d8\",\"name\":\"Jeferson da Rosa\",\"image\":{\"@type\":\"ImageObject\",\"inLanguage\":\"pt-BR\",\"@id\":\"https:\/\/crusoe.com.br\/crusoe-variedades\/#\/schema\/person\/image\/\",\"url\":\"https:\/\/secure.gravatar.com\/avatar\/cd7646e328d9670dad7dea8698522e522745eeffcff5b9d08be858e377ce326b?s=96&d=mm&r=g\",\"contentUrl\":\"https:\/\/secure.gravatar.com\/avatar\/cd7646e328d9670dad7dea8698522e522745eeffcff5b9d08be858e377ce326b?s=96&d=mm&r=g\",\"caption\":\"Jeferson da Rosa\"},\"description\":\"Jornalista apaixonado pela profiss\u00e3o\",\"url\":\"https:\/\/crusoe.com.br\/crusoe-variedades\/author\/jeferson-da-rosa\/\"}]}<\/script>\n<!-- \/ Yoast SEO plugin. -->","yoast_head_json":{"title":"Volante da sinal verde e vai assinar contrato at\u00e9 o fim de 2028 com Flamengo","robots":{"index":"index","follow":"follow","max-snippet":"max-snippet:-1","max-image-preview":"max-image-preview:large","max-video-preview":"max-video-preview:-1"},"canonical":"https:\/\/crusoe.com.br\/crusoe-variedades\/volante-da-sinal-verde-e-vai-assinar-contrato-ate-o-fim-de-2028-com-flamengo\/","og_locale":"pt_BR","og_type":"article","og_title":"Volante da sinal verde e vai assinar contrato at\u00e9 o fim de 2028 com Flamengo","og_description":"Erick Pulgar renovar\u00e1 seu v\u00ednculo com o Flamengo at\u00e9 dezembro de 2028, ap\u00f3s meses de negocia\u00e7\u00f5es que se intensificaram com a classifica\u00e7\u00e3o para as quartas\u2026","og_url":"https:\/\/crusoe.com.br\/crusoe-variedades\/volante-da-sinal-verde-e-vai-assinar-contrato-ate-o-fim-de-2028-com-flamengo\/","og_site_name":"Variedades - Cruso\u00e9","article_published_time":"2026-08-31T21:06:00+00:00","og_image":[{"width":1280,"height":853,"url":"https:\/\/cdn.crusoe.com.br\/uploads\/2026\/08\/volante-da-sinal-verde-e-vai-assinar-contrato-ate-o-fim.jpg","type":"image\/jpeg"}],"author":"Jeferson da Rosa","twitter_card":"summary_large_image","twitter_misc":{"Escrito por":"Jeferson da Rosa","Est. tempo de leitura":"2 minutos"},"schema":{"@context":"https:\/\/schema.org","@graph":[{"@type":"WebPage","@id":"https:\/\/crusoe.com.br\/crusoe-variedades\/volante-da-sinal-verde-e-vai-assinar-contrato-ate-o-fim-de-2028-com-flamengo\/","url":"https:\/\/crusoe.com.br\/crusoe-variedades\/volante-da-sinal-verde-e-vai-assinar-contrato-ate-o-fim-de-2028-com-flamengo\/","name":"Volante da sinal verde e vai assinar contrato at\u00e9 o fim de 2028 com Flamengo","isPartOf":{"@id":"https:\/\/crusoe.com.br\/crusoe-variedades\/#website"},"primaryImageOfPage":{"@id":"https:\/\/crusoe.com.br\/crusoe-variedades\/volante-da-sinal-verde-e-vai-assinar-contrato-ate-o-fim-de-2028-com-flamengo\/#primaryimage"},"image":{"@id":"https:\/\/crusoe.com.br\/crusoe-variedades\/volante-da-sinal-verde-e-vai-assinar-contrato-ate-o-fim-de-2028-com-flamengo\/#primaryimage"},"thumbnailUrl":"https:\/\/cdn.crusoe.com.br\/uploads\/2026\/08\/volante-da-sinal-verde-e-vai-assinar-contrato-ate-o-fim.jpg","datePublished":"2026-08-31T21:06:00+00:00","author":{"@id":"https:\/\/crusoe.com.br\/crusoe-variedades\/#\/schema\/person\/b801baefd07f9b448cf1fe24b5b119d8"},"breadcrumb":{"@id":"https:\/\/crusoe.com.br\/crusoe-variedades\/volante-da-sinal-verde-e-vai-assinar-contrato-ate-o-fim-de-2028-com-flamengo\/#breadcrumb"},"inLanguage":"pt-BR","potentialAction":[{"@type":"ReadAction","target":["https:\/\/crusoe.com.br\/crusoe-variedades\/volante-da-sinal-verde-e-vai-assinar-contrato-ate-o-fim-de-2028-com-flamengo\/"]}]},{"@type":"ImageObject","inLanguage":"pt-BR","@id":"https:\/\/crusoe.com.br\/crusoe-variedades\/volante-da-sinal-verde-e-vai-assinar-contrato-ate-o-fim-de-2028-com-flamengo\/#primaryimage","url":"https:\/\/cdn.crusoe.com.br\/uploads\/2026\/08\/volante-da-sinal-verde-e-vai-assinar-contrato-ate-o-fim.jpg","contentUrl":"https:\/\/cdn.crusoe.com.br\/uploads\/2026\/08\/volante-da-sinal-verde-e-vai-assinar-contrato-ate-o-fim.jpg","width":1280,"height":853,"caption":"Volante da sinal verde e vai assinar contrato at\u00e9 o fim de 2028 com Flamengo - Imagem: Pixabay"},{"@type":"BreadcrumbList","@id":"https:\/\/crusoe.com.br\/crusoe-variedades\/volante-da-sinal-verde-e-vai-assinar-contrato-ate-o-fim-de-2028-com-flamengo\/#breadcrumb","itemListElement":[{"@type":"ListItem","position":1,"name":"Home","item":"https:\/\/crusoe.com.br\/crusoe-variedades\/"},{"@type":"ListItem","position":2,"name":"Volante da sinal verde e vai assinar contrato at\u00e9 o fim de 2028 com Flamengo"}]},{"@type":"WebSite","@id":"https:\/\/crusoe.com.br\/crusoe-variedades\/#website","url":"https:\/\/crusoe.com.br\/crusoe-variedades\/","name":"Variedades - Cruso\u00e9","description":"","potentialAction":[{"@type":"SearchAction","target":{"@type":"EntryPoint","urlTemplate":"https:\/\/crusoe.com.br\/crusoe-variedades\/?s={search_term_string}"},"query-input":{"@type":"PropertyValueSpecification","valueRequired":true,"valueName":"search_term_string"}}],"inLanguage":"pt-BR"},{"@type":"Person","@id":"https:\/\/crusoe.com.br\/crusoe-variedades\/#\/schema\/person\/b801baefd07f9b448cf1fe24b5b119d8","name":"Jeferson da Rosa","image":{"@type":"ImageObject","inLanguage":"pt-BR","@id":"https:\/\/crusoe.com.br\/crusoe-variedades\/#\/schema\/person\/image\/","url":"https:\/\/secure.gravatar.com\/avatar\/cd7646e328d9670dad7dea8698522e522745eeffcff5b9d08be858e377ce326b?s=96&d=mm&r=g","contentUrl":"https:\/\/secure.gravatar.com\/avatar\/cd7646e328d9670dad7dea8698522e522745eeffcff5b9d08be858e377ce326b?s=96&d=mm&r=g","caption":"Jeferson da Rosa"},"description":"Jornalista apaixonado pela profiss\u00e3o","url":"https:\/\/crusoe.com.br\/crusoe-variedades\/author\/jeferson-da-rosa\/"}]}},"_links":{"self":[{"href":"https:\/\/crusoe.com.br\/crusoe-variedades\/wp-json\/wp\/v2\/posts\/45512","targetHints":{"allow":["GET"]}}],"collection":[{"href":"https:\/\/crusoe.com.br\/crusoe-variedades\/wp-json\/wp\/v2\/posts"}],"about":[{"href":"https:\/\/crusoe.com.br\/crusoe-variedades\/wp-json\/wp\/v2\/types\/post"}],"author":[{"embeddable":true,"href":"https:\/\/crusoe.com.br\/crusoe-variedades\/wp-json\/wp\/v2\/users\/21"}],"replies":[{"embeddable":true,"href":"https:\/\/crusoe.com.br\/crusoe-variedades\/wp-json\/wp\/v2\/comments?post=45512"}],"version-history":[{"count":1,"href":"https:\/\/crusoe.com.br\/crusoe-variedades\/wp-json\/wp\/v2\/posts\/45512\/revisions"}],"predecessor-version":[{"id":45576,"href":"https:\/\/crusoe.com.br\/crusoe-variedades\/wp-json\/wp\/v2\/posts\/45512\/revisions\/45576"}],"wp:featuredmedia":[{"embeddable":true,"href":"https:\/\/crusoe.com.br\/crusoe-variedades\/wp-json\/wp\/v2\/media\/45511"}],"wp:attachment":[{"href":"https:\/\/crusoe.com.br\/crusoe-variedades\/wp-json\/wp\/v2\/media?parent=45512"}],"wp:term":[{"taxonomy":"category","embeddable":true,"href":"https:\/\/crusoe.com.br\/crusoe-variedades\/wp-json\/wp\/v2\/categories?post=45512"},{"taxonomy":"post_tag","embeddable":true,"href":"https:\/\/crusoe.com.br\/crusoe-variedades\/wp-json\/wp\/v2\/tags?post=45512"}],"curies":[{"name":"wp","href":"https:\/\/api.w.org\/{rel}","templated":true}]}}