{"id":45501,"date":"2026-08-31T13:06:00","date_gmt":"2026-08-31T16:06:00","guid":{"rendered":"https:\/\/crusoe.com.br\/crusoe-variedades\/?p=45501"},"modified":"2026-08-31T13:06:00","modified_gmt":"2026-08-31T16:06:00","slug":"clube-espanhol-quer-titular-da-copa-do-mundo-e-vai-investir-mais-de-r-350-milhoes","status":"publish","type":"post","link":"https:\/\/crusoe.com.br\/crusoe-variedades\/clube-espanhol-quer-titular-da-copa-do-mundo-e-vai-investir-mais-de-r-350-milhoes\/","title":{"rendered":"Clube espanhol quer titular da Copa do Mundo e vai investir mais de R$ 350 milh\u00f5es"},"content":{"rendered":"\n<p class=\"wp-block-paragraph\">O Real Madrid colocou o meio-campista Manu Kon\u00e9 na mira para refor\u00e7ar o setor a m\u00e9dio prazo.&nbsp;<\/p>\n\n\n\n<p class=\"wp-block-paragraph\">O franc\u00eas, de 25 anos, defende hoje a Roma e chamou a aten\u00e7\u00e3o dos dirigentes merengues com suas atua\u00e7\u00f5es.<\/p>\n\n\n\n<p class=\"wp-block-paragraph\">O interesse j\u00e1 levou olheiros a jogos recentes do jogador, incluindo a goleada por 4 a 0 sobre a Fiorentina, na estreia da Roma no Campeonato Italiano.<\/p>\n\n\n\n<p class=\"wp-block-paragraph\">Kon\u00e9 tem v\u00ednculo com o clube italiano at\u00e9 2029 e valor de mercado avaliado em cerca de 60 milh\u00f5es de euros, o equivalente a R$ 362 milh\u00f5es na cota\u00e7\u00e3o usada pelas fontes que acompanham o caso.<\/p>\n\n\n\n<h2 class=\"wp-block-heading\">Manu Kon\u00e9 na mira do Real Madrid para refor\u00e7o<\/h2>\n\n\n\n<p class=\"wp-block-paragraph\">A proje\u00e7\u00e3o do volante ganhou for\u00e7a na Sele\u00e7\u00e3o Francesa depois que ele assumiu a titularidade ap\u00f3s a les\u00e3o de Tchouam\u00e9ni.&nbsp;<\/p>\n\n\n\n<p class=\"wp-block-paragraph\">O desempenho diante de Iraque, Noruega, Paraguai e Marrocos na Copa do Mundo de 2026 consolidou seu nome entre os observados por grandes clubes europeus.<\/p>\n\n\n\n<p class=\"wp-block-paragraph\">Ao todo, s\u00e3o 19 partidas disputadas pela sele\u00e7\u00e3o do seu pa\u00eds at\u00e9 agora.&nbsp;<\/p>\n\n\n\n<p class=\"wp-block-paragraph\">Antes de chegar \u00e0 Roma, em 2024, ele passou pelo Toulouse e pelo Borussia M\u00f6nchengladbach, construindo repert\u00f3rio defensivo que hoje \u00e9 visto como diferencial.<\/p>\n\n\n\n<p class=\"wp-block-paragraph\">A fun\u00e7\u00e3o natural dele \u00e9 mais defensiva, com for\u00e7a para ganhar duelos e recuperar bolas em sequ\u00eancia.&nbsp;<\/p>\n\n\n\n<p class=\"wp-block-paragraph\">Essa presen\u00e7a f\u00edsica, somada \u00e0 leitura de jogo ao pressionar o advers\u00e1rio, \u00e9 uma das raz\u00f5es do interesse espanhol.<\/p>\n\n\n\n<p class=\"wp-block-paragraph\">Apesar do papel de conten\u00e7\u00e3o, o meio-campista tamb\u00e9m mostra seguran\u00e7a na sa\u00edda de bola: o acerto nos passes chegou a 90% na \u00faltima temporada do Campeonato Italiano.&nbsp;<\/p>\n\n\n\n<p class=\"wp-block-paragraph\">A combina\u00e7\u00e3o de marca\u00e7\u00e3o e precis\u00e3o \u00e9 o que sustenta a avalia\u00e7\u00e3o positiva sobre seu jogo.<\/p>\n\n\n\n<h2 class=\"wp-block-heading\">Janela de transfer\u00eancias fechada por ora<\/h2>\n\n\n\n<p class=\"wp-block-paragraph\">Mesmo aprovado pelas caracter\u00edsticas do atleta, o Real Madrid considerou encerrada a atual janela de transfer\u00eancias.&nbsp;<\/p>\n\n\n\n<p class=\"wp-block-paragraph\">Os dirigentes merengues planejam fazer uma investida oficial apenas em futuras janelas, sem pressa imediata.<\/p>\n\n\n\n<p class=\"wp-block-paragraph\">A escolha por Kon\u00e9 tamb\u00e9m segue o perfil que caracterizava o trabalho de Mourinho na Roma.&nbsp;<\/p>\n\n\n\n<p class=\"wp-block-paragraph\">Enquanto isso, o jogador segue defendendo o clube italiano, que aposta nele para a sequ\u00eancia da temporada no Calcio.<\/p>\n","protected":false},"excerpt":{"rendered":"<p>O Real Madrid colocou o meio-campista Manu Kon\u00e9 na mira para refor\u00e7ar o setor a m\u00e9dio prazo.&nbsp;<\/p>\n","protected":false},"author":21,"featured_media":45500,"comment_status":"open","ping_status":"open","sticky":false,"template":"","format":"standard","meta":{"jnews-multi-image_gallery":[],"jnews_single_post":[],"jnews_primary_category":[],"jnews_override_counter":[],"jnews_post_split":[],"footnotes":""},"categories":[1],"tags":[],"class_list":["post-45501","post","type-post","status-publish","format-standard","has-post-thumbnail","hentry","category-geral"],"yoast_head":"<!-- This site is optimized with the Yoast SEO plugin v25.0 - https:\/\/yoast.com\/wordpress\/plugins\/seo\/ -->\n<title>Clube espanhol quer titular da Copa do Mundo e vai investir mais de R$ 350 milh\u00f5es<\/title>\n<meta name=\"robots\" content=\"index, follow, max-snippet:-1, max-image-preview:large, max-video-preview:-1\" \/>\n<link rel=\"canonical\" href=\"https:\/\/crusoe.com.br\/crusoe-variedades\/clube-espanhol-quer-titular-da-copa-do-mundo-e-vai-investir-mais-de-r-350-milhoes\/\" \/>\n<meta property=\"og:locale\" content=\"pt_BR\" \/>\n<meta property=\"og:type\" content=\"article\" \/>\n<meta property=\"og:title\" content=\"Clube espanhol quer titular da Copa do Mundo e vai investir mais de R$ 350 milh\u00f5es\" \/>\n<meta property=\"og:description\" content=\"O Real Madrid colocou o meio-campista Manu Kon\u00e9 na mira para refor\u00e7ar o setor a m\u00e9dio prazo.&nbsp;\" \/>\n<meta property=\"og:url\" content=\"https:\/\/crusoe.com.br\/crusoe-variedades\/clube-espanhol-quer-titular-da-copa-do-mundo-e-vai-investir-mais-de-r-350-milhoes\/\" \/>\n<meta property=\"og:site_name\" content=\"Variedades - Cruso\u00e9\" \/>\n<meta property=\"article:published_time\" content=\"2026-08-31T16:06:00+00:00\" \/>\n<meta property=\"og:image\" content=\"https:\/\/cdn.crusoe.com.br\/uploads\/2026\/08\/clube-espanhol-quer-titular-da-copa-do-mundo-e-vai-inve.jpg\" \/>\n\t<meta property=\"og:image:width\" content=\"1280\" \/>\n\t<meta property=\"og:image:height\" content=\"863\" \/>\n\t<meta property=\"og:image:type\" content=\"image\/jpeg\" \/>\n<meta name=\"author\" content=\"Jeferson da Rosa\" \/>\n<meta name=\"twitter:card\" content=\"summary_large_image\" \/>\n<meta name=\"twitter:label1\" content=\"Escrito por\" \/>\n\t<meta name=\"twitter:data1\" content=\"Jeferson da Rosa\" \/>\n\t<meta name=\"twitter:label2\" content=\"Est. tempo de leitura\" \/>\n\t<meta name=\"twitter:data2\" content=\"2 minutos\" \/>\n<script type=\"application\/ld+json\" class=\"yoast-schema-graph\">{\"@context\":\"https:\/\/schema.org\",\"@graph\":[{\"@type\":\"WebPage\",\"@id\":\"https:\/\/crusoe.com.br\/crusoe-variedades\/clube-espanhol-quer-titular-da-copa-do-mundo-e-vai-investir-mais-de-r-350-milhoes\/\",\"url\":\"https:\/\/crusoe.com.br\/crusoe-variedades\/clube-espanhol-quer-titular-da-copa-do-mundo-e-vai-investir-mais-de-r-350-milhoes\/\",\"name\":\"Clube espanhol quer titular da Copa do Mundo e vai investir mais de R$ 350 milh\u00f5es\",\"isPartOf\":{\"@id\":\"https:\/\/crusoe.com.br\/crusoe-variedades\/#website\"},\"primaryImageOfPage\":{\"@id\":\"https:\/\/crusoe.com.br\/crusoe-variedades\/clube-espanhol-quer-titular-da-copa-do-mundo-e-vai-investir-mais-de-r-350-milhoes\/#primaryimage\"},\"image\":{\"@id\":\"https:\/\/crusoe.com.br\/crusoe-variedades\/clube-espanhol-quer-titular-da-copa-do-mundo-e-vai-investir-mais-de-r-350-milhoes\/#primaryimage\"},\"thumbnailUrl\":\"https:\/\/cdn.crusoe.com.br\/uploads\/2026\/08\/clube-espanhol-quer-titular-da-copa-do-mundo-e-vai-inve.jpg\",\"datePublished\":\"2026-08-31T16:06:00+00:00\",\"author\":{\"@id\":\"https:\/\/crusoe.com.br\/crusoe-variedades\/#\/schema\/person\/b801baefd07f9b448cf1fe24b5b119d8\"},\"breadcrumb\":{\"@id\":\"https:\/\/crusoe.com.br\/crusoe-variedades\/clube-espanhol-quer-titular-da-copa-do-mundo-e-vai-investir-mais-de-r-350-milhoes\/#breadcrumb\"},\"inLanguage\":\"pt-BR\",\"potentialAction\":[{\"@type\":\"ReadAction\",\"target\":[\"https:\/\/crusoe.com.br\/crusoe-variedades\/clube-espanhol-quer-titular-da-copa-do-mundo-e-vai-investir-mais-de-r-350-milhoes\/\"]}]},{\"@type\":\"ImageObject\",\"inLanguage\":\"pt-BR\",\"@id\":\"https:\/\/crusoe.com.br\/crusoe-variedades\/clube-espanhol-quer-titular-da-copa-do-mundo-e-vai-investir-mais-de-r-350-milhoes\/#primaryimage\",\"url\":\"https:\/\/cdn.crusoe.com.br\/uploads\/2026\/08\/clube-espanhol-quer-titular-da-copa-do-mundo-e-vai-inve.jpg\",\"contentUrl\":\"https:\/\/cdn.crusoe.com.br\/uploads\/2026\/08\/clube-espanhol-quer-titular-da-copa-do-mundo-e-vai-inve.jpg\",\"width\":1280,\"height\":863,\"caption\":\"Clube espanhol quer titular da Copa do Mundo e vai investir mais de R$ 350 milh\u00f5es - Imagem: Pixabay\"},{\"@type\":\"BreadcrumbList\",\"@id\":\"https:\/\/crusoe.com.br\/crusoe-variedades\/clube-espanhol-quer-titular-da-copa-do-mundo-e-vai-investir-mais-de-r-350-milhoes\/#breadcrumb\",\"itemListElement\":[{\"@type\":\"ListItem\",\"position\":1,\"name\":\"Home\",\"item\":\"https:\/\/crusoe.com.br\/crusoe-variedades\/\"},{\"@type\":\"ListItem\",\"position\":2,\"name\":\"Clube espanhol quer titular da Copa do Mundo e vai investir mais de R$ 350 milh\u00f5es\"}]},{\"@type\":\"WebSite\",\"@id\":\"https:\/\/crusoe.com.br\/crusoe-variedades\/#website\",\"url\":\"https:\/\/crusoe.com.br\/crusoe-variedades\/\",\"name\":\"Variedades - Cruso\u00e9\",\"description\":\"\",\"potentialAction\":[{\"@type\":\"SearchAction\",\"target\":{\"@type\":\"EntryPoint\",\"urlTemplate\":\"https:\/\/crusoe.com.br\/crusoe-variedades\/?s={search_term_string}\"},\"query-input\":{\"@type\":\"PropertyValueSpecification\",\"valueRequired\":true,\"valueName\":\"search_term_string\"}}],\"inLanguage\":\"pt-BR\"},{\"@type\":\"Person\",\"@id\":\"https:\/\/crusoe.com.br\/crusoe-variedades\/#\/schema\/person\/b801baefd07f9b448cf1fe24b5b119d8\",\"name\":\"Jeferson da Rosa\",\"image\":{\"@type\":\"ImageObject\",\"inLanguage\":\"pt-BR\",\"@id\":\"https:\/\/crusoe.com.br\/crusoe-variedades\/#\/schema\/person\/image\/\",\"url\":\"https:\/\/secure.gravatar.com\/avatar\/cd7646e328d9670dad7dea8698522e522745eeffcff5b9d08be858e377ce326b?s=96&d=mm&r=g\",\"contentUrl\":\"https:\/\/secure.gravatar.com\/avatar\/cd7646e328d9670dad7dea8698522e522745eeffcff5b9d08be858e377ce326b?s=96&d=mm&r=g\",\"caption\":\"Jeferson da Rosa\"},\"description\":\"Jornalista apaixonado pela profiss\u00e3o\",\"url\":\"https:\/\/crusoe.com.br\/crusoe-variedades\/author\/jeferson-da-rosa\/\"}]}<\/script>\n<!-- \/ Yoast SEO plugin. -->","yoast_head_json":{"title":"Clube espanhol quer titular da Copa do Mundo e vai investir mais de R$ 350 milh\u00f5es","robots":{"index":"index","follow":"follow","max-snippet":"max-snippet:-1","max-image-preview":"max-image-preview:large","max-video-preview":"max-video-preview:-1"},"canonical":"https:\/\/crusoe.com.br\/crusoe-variedades\/clube-espanhol-quer-titular-da-copa-do-mundo-e-vai-investir-mais-de-r-350-milhoes\/","og_locale":"pt_BR","og_type":"article","og_title":"Clube espanhol quer titular da Copa do Mundo e vai investir mais de R$ 350 milh\u00f5es","og_description":"O Real Madrid colocou o meio-campista Manu Kon\u00e9 na mira para refor\u00e7ar o setor a m\u00e9dio prazo.&nbsp;","og_url":"https:\/\/crusoe.com.br\/crusoe-variedades\/clube-espanhol-quer-titular-da-copa-do-mundo-e-vai-investir-mais-de-r-350-milhoes\/","og_site_name":"Variedades - Cruso\u00e9","article_published_time":"2026-08-31T16:06:00+00:00","og_image":[{"width":1280,"height":863,"url":"https:\/\/cdn.crusoe.com.br\/uploads\/2026\/08\/clube-espanhol-quer-titular-da-copa-do-mundo-e-vai-inve.jpg","type":"image\/jpeg"}],"author":"Jeferson da Rosa","twitter_card":"summary_large_image","twitter_misc":{"Escrito por":"Jeferson da Rosa","Est. tempo de leitura":"2 minutos"},"schema":{"@context":"https:\/\/schema.org","@graph":[{"@type":"WebPage","@id":"https:\/\/crusoe.com.br\/crusoe-variedades\/clube-espanhol-quer-titular-da-copa-do-mundo-e-vai-investir-mais-de-r-350-milhoes\/","url":"https:\/\/crusoe.com.br\/crusoe-variedades\/clube-espanhol-quer-titular-da-copa-do-mundo-e-vai-investir-mais-de-r-350-milhoes\/","name":"Clube espanhol quer titular da Copa do Mundo e vai investir mais de R$ 350 milh\u00f5es","isPartOf":{"@id":"https:\/\/crusoe.com.br\/crusoe-variedades\/#website"},"primaryImageOfPage":{"@id":"https:\/\/crusoe.com.br\/crusoe-variedades\/clube-espanhol-quer-titular-da-copa-do-mundo-e-vai-investir-mais-de-r-350-milhoes\/#primaryimage"},"image":{"@id":"https:\/\/crusoe.com.br\/crusoe-variedades\/clube-espanhol-quer-titular-da-copa-do-mundo-e-vai-investir-mais-de-r-350-milhoes\/#primaryimage"},"thumbnailUrl":"https:\/\/cdn.crusoe.com.br\/uploads\/2026\/08\/clube-espanhol-quer-titular-da-copa-do-mundo-e-vai-inve.jpg","datePublished":"2026-08-31T16:06:00+00:00","author":{"@id":"https:\/\/crusoe.com.br\/crusoe-variedades\/#\/schema\/person\/b801baefd07f9b448cf1fe24b5b119d8"},"breadcrumb":{"@id":"https:\/\/crusoe.com.br\/crusoe-variedades\/clube-espanhol-quer-titular-da-copa-do-mundo-e-vai-investir-mais-de-r-350-milhoes\/#breadcrumb"},"inLanguage":"pt-BR","potentialAction":[{"@type":"ReadAction","target":["https:\/\/crusoe.com.br\/crusoe-variedades\/clube-espanhol-quer-titular-da-copa-do-mundo-e-vai-investir-mais-de-r-350-milhoes\/"]}]},{"@type":"ImageObject","inLanguage":"pt-BR","@id":"https:\/\/crusoe.com.br\/crusoe-variedades\/clube-espanhol-quer-titular-da-copa-do-mundo-e-vai-investir-mais-de-r-350-milhoes\/#primaryimage","url":"https:\/\/cdn.crusoe.com.br\/uploads\/2026\/08\/clube-espanhol-quer-titular-da-copa-do-mundo-e-vai-inve.jpg","contentUrl":"https:\/\/cdn.crusoe.com.br\/uploads\/2026\/08\/clube-espanhol-quer-titular-da-copa-do-mundo-e-vai-inve.jpg","width":1280,"height":863,"caption":"Clube espanhol quer titular da Copa do Mundo e vai investir mais de R$ 350 milh\u00f5es - Imagem: Pixabay"},{"@type":"BreadcrumbList","@id":"https:\/\/crusoe.com.br\/crusoe-variedades\/clube-espanhol-quer-titular-da-copa-do-mundo-e-vai-investir-mais-de-r-350-milhoes\/#breadcrumb","itemListElement":[{"@type":"ListItem","position":1,"name":"Home","item":"https:\/\/crusoe.com.br\/crusoe-variedades\/"},{"@type":"ListItem","position":2,"name":"Clube espanhol quer titular da Copa do Mundo e vai investir mais de R$ 350 milh\u00f5es"}]},{"@type":"WebSite","@id":"https:\/\/crusoe.com.br\/crusoe-variedades\/#website","url":"https:\/\/crusoe.com.br\/crusoe-variedades\/","name":"Variedades - Cruso\u00e9","description":"","potentialAction":[{"@type":"SearchAction","target":{"@type":"EntryPoint","urlTemplate":"https:\/\/crusoe.com.br\/crusoe-variedades\/?s={search_term_string}"},"query-input":{"@type":"PropertyValueSpecification","valueRequired":true,"valueName":"search_term_string"}}],"inLanguage":"pt-BR"},{"@type":"Person","@id":"https:\/\/crusoe.com.br\/crusoe-variedades\/#\/schema\/person\/b801baefd07f9b448cf1fe24b5b119d8","name":"Jeferson da Rosa","image":{"@type":"ImageObject","inLanguage":"pt-BR","@id":"https:\/\/crusoe.com.br\/crusoe-variedades\/#\/schema\/person\/image\/","url":"https:\/\/secure.gravatar.com\/avatar\/cd7646e328d9670dad7dea8698522e522745eeffcff5b9d08be858e377ce326b?s=96&d=mm&r=g","contentUrl":"https:\/\/secure.gravatar.com\/avatar\/cd7646e328d9670dad7dea8698522e522745eeffcff5b9d08be858e377ce326b?s=96&d=mm&r=g","caption":"Jeferson da Rosa"},"description":"Jornalista apaixonado pela profiss\u00e3o","url":"https:\/\/crusoe.com.br\/crusoe-variedades\/author\/jeferson-da-rosa\/"}]}},"_links":{"self":[{"href":"https:\/\/crusoe.com.br\/crusoe-variedades\/wp-json\/wp\/v2\/posts\/45501","targetHints":{"allow":["GET"]}}],"collection":[{"href":"https:\/\/crusoe.com.br\/crusoe-variedades\/wp-json\/wp\/v2\/posts"}],"about":[{"href":"https:\/\/crusoe.com.br\/crusoe-variedades\/wp-json\/wp\/v2\/types\/post"}],"author":[{"embeddable":true,"href":"https:\/\/crusoe.com.br\/crusoe-variedades\/wp-json\/wp\/v2\/users\/21"}],"replies":[{"embeddable":true,"href":"https:\/\/crusoe.com.br\/crusoe-variedades\/wp-json\/wp\/v2\/comments?post=45501"}],"version-history":[{"count":1,"href":"https:\/\/crusoe.com.br\/crusoe-variedades\/wp-json\/wp\/v2\/posts\/45501\/revisions"}],"predecessor-version":[{"id":45521,"href":"https:\/\/crusoe.com.br\/crusoe-variedades\/wp-json\/wp\/v2\/posts\/45501\/revisions\/45521"}],"wp:featuredmedia":[{"embeddable":true,"href":"https:\/\/crusoe.com.br\/crusoe-variedades\/wp-json\/wp\/v2\/media\/45500"}],"wp:attachment":[{"href":"https:\/\/crusoe.com.br\/crusoe-variedades\/wp-json\/wp\/v2\/media?parent=45501"}],"wp:term":[{"taxonomy":"category","embeddable":true,"href":"https:\/\/crusoe.com.br\/crusoe-variedades\/wp-json\/wp\/v2\/categories?post=45501"},{"taxonomy":"post_tag","embeddable":true,"href":"https:\/\/crusoe.com.br\/crusoe-variedades\/wp-json\/wp\/v2\/tags?post=45501"}],"curies":[{"name":"wp","href":"https:\/\/api.w.org\/{rel}","templated":true}]}}