{"id":45499,"date":"2026-08-31T12:10:00","date_gmt":"2026-08-31T15:10:00","guid":{"rendered":"https:\/\/crusoe.com.br\/crusoe-variedades\/?p=45499"},"modified":"2026-08-31T12:10:00","modified_gmt":"2026-08-31T15:10:00","slug":"luciano-hang-arrasta-multidao-para-inauguracao-de-loja-da-havan-e-se-aproxima-de-marca-historica","status":"publish","type":"post","link":"https:\/\/crusoe.com.br\/crusoe-variedades\/luciano-hang-arrasta-multidao-para-inauguracao-de-loja-da-havan-e-se-aproxima-de-marca-historica\/","title":{"rendered":"Luciano Hang arrasta multid\u00e3o para inaugura\u00e7\u00e3o de loja da Havan e se aproxima de marca hist\u00f3rica"},"content":{"rendered":"\n<p class=\"wp-block-paragraph\">No \u00faltimo s\u00e1bado (29), a Havan abriu as portas de sua 196\u00aa loja, em Caldas Novas (GO), atraindo grande p\u00fablico de clientes e moradores da regi\u00e3o.&nbsp;<\/p>\n\n\n\n<p class=\"wp-block-paragraph\">A rede agora precisa de apenas mais quatro inaugura\u00e7\u00f5es para atingir o objetivo de somar 200 lojas no pa\u00eds at\u00e9 o final de 2026.<\/p>\n\n\n\n<h2 class=\"wp-block-heading\">Luciano Hang arrasta multid\u00e3o para inaugura\u00e7\u00e3o de loja da Havan e se aproxima de marca hist\u00f3rica<\/h2>\n\n\n\n<p class=\"wp-block-paragraph\">Para erguer o empreendimento, foram aplicados R$ 100 milh\u00f5es, valor que resultou na contrata\u00e7\u00e3o de 200 pessoas na cidade.&nbsp;<\/p>\n\n\n\n<p class=\"wp-block-paragraph\">Nas redes sociais, Luciano Hang comemorou a nova unidade e voltou a mencionar o objetivo de completar 200 endere\u00e7os da marca.&nbsp;<\/p>\n\n\n\n<p class=\"wp-block-paragraph\">O empres\u00e1rio descreveu a loja como um espa\u00e7o que oferece mais do que compras: uma experi\u00eancia de lazer e passeio em ambiente acolhedor.<\/p>\n\n\n\n<p class=\"wp-block-paragraph\">Entre os diferenciais da loja goiana est\u00e3o um cat\u00e1logo com mais de 350 mil itens, \u00e1rea para refei\u00e7\u00f5es, climatiza\u00e7\u00e3o completa e vagas de estacionamento sem custo.&nbsp;<\/p>\n\n\n\n<p class=\"wp-block-paragraph\">O espa\u00e7o reproduz a Est\u00e1tua da Liberdade, s\u00edmbolo caracter\u00edstico das lojas Havan no pa\u00eds e parte da identidade visual da marca.<\/p>\n\n\n\n<p class=\"wp-block-paragraph\">A unidade fica junto \u00e0 GO-139 e \u00e9 a quinta da rede em Goi\u00e1s.&nbsp;<\/p>\n\n\n\n<p class=\"wp-block-paragraph\">Hang disse que o projeto vai al\u00e9m do varejo tradicional e busca criar um destino para que os visitantes tenham experi\u00eancias variadas enquanto fazem suas compras.<\/p>\n\n\n\n<h2 class=\"wp-block-heading\">Pr\u00f3ximas cidades e expans\u00e3o acelerada da Havan<\/h2>\n\n\n\n<p class=\"wp-block-paragraph\">Depois de Caldas Novas, a Havan pretende abrir lojas em outras sete cidades: S\u00e3o Miguel do Oeste (SC), Fortaleza (CE), Londrina e S\u00e3o Jos\u00e9 dos Pinhais (PR), al\u00e9m de Macap\u00e1, Boa Vista e Vila Velha.&nbsp;<\/p>\n\n\n\n<p class=\"wp-block-paragraph\">As obras est\u00e3o em andamento, mas n\u00e3o t\u00eam datas de inaugura\u00e7\u00e3o confirmadas.<\/p>\n\n\n\n<p class=\"wp-block-paragraph\">Uma dessas unidades ser\u00e1 a de n\u00famero 200, marca que a companhia pretende alcan\u00e7ar antes do fim de 2026.&nbsp;<\/p>\n\n\n\n<p class=\"wp-block-paragraph\">Hang atribui esse ritmo de aberturas \u00e0 decis\u00e3o de reinvestir continuamente os lucros na constru\u00e7\u00e3o de novos pontos de venda e na amplia\u00e7\u00e3o do estoque.<\/p>\n\n\n\n<h2 class=\"wp-block-heading\">N\u00fameros e perspectivas de crescimento<\/h2>\n\n\n\n<p class=\"wp-block-paragraph\">Para 2026, a Havan projeta faturar ao menos R$ 22 bilh\u00f5es, R$ 3,5 bilh\u00f5es acima dos R$ 18,5 bilh\u00f5es contabilizados em 2025.&nbsp;<\/p>\n\n\n\n<p class=\"wp-block-paragraph\">A companhia tem 25 mil colaboradores e chegar\u00e1 a 2,5 milh\u00f5es de metros quadrados de \u00e1rea constru\u00edda at\u00e9 o fim do ano.<\/p>\n\n\n\n<p class=\"wp-block-paragraph\">O plano de Hang vai al\u00e9m da marca de 200 estabelecimentos. Segundo o empres\u00e1rio, a varejista pode chegar a pelo menos 300 lojas no Brasil.&nbsp;<\/p>\n\n\n\n<p class=\"wp-block-paragraph\">A companhia prev\u00ea inaugurar talvez dez novas unidades por ano nos pr\u00f3ximos exerc\u00edcios, o que consolidaria a Havan entre as maiores redes do varejo nacional.<\/p>\n\n\n\n<p class=\"wp-block-paragraph\">Ao inaugurar sua \u00faltima megaloja em Tramanda\u00ed (RS), a Havan recebeu o t\u00edtulo de Grande Empresa Catarinense do Com\u00e9rcio.&nbsp;<\/p>\n\n\n\n<p class=\"wp-block-paragraph\">Hang, por sua vez, recebeu o t\u00edtulo de Empres\u00e1rio Destaque do Com\u00e9rcio, distin\u00e7\u00e3o concedida pelo papel da Havan no crescimento do varejo nacional.<\/p>\n","protected":false},"excerpt":{"rendered":"<p>No \u00faltimo s\u00e1bado (29), a Havan abriu as portas de sua 196\u00aa loja, em Caldas Novas (GO), atraindo grande p\u00fablico de clientes e moradores da regi\u00e3o.&nbsp;<\/p>\n","protected":false},"author":21,"featured_media":45498,"comment_status":"open","ping_status":"open","sticky":false,"template":"","format":"standard","meta":{"jnews-multi-image_gallery":[],"jnews_single_post":[],"jnews_primary_category":[],"jnews_override_counter":[],"jnews_post_split":[],"footnotes":""},"categories":[1],"tags":[],"class_list":["post-45499","post","type-post","status-publish","format-standard","has-post-thumbnail","hentry","category-geral"],"yoast_head":"<!-- This site is optimized with the Yoast SEO plugin v25.0 - https:\/\/yoast.com\/wordpress\/plugins\/seo\/ -->\n<title>Luciano Hang arrasta multid\u00e3o para inaugura\u00e7\u00e3o de loja da Havan e se aproxima de marca hist\u00f3rica<\/title>\n<meta name=\"robots\" content=\"index, follow, max-snippet:-1, max-image-preview:large, max-video-preview:-1\" \/>\n<link rel=\"canonical\" href=\"https:\/\/crusoe.com.br\/crusoe-variedades\/luciano-hang-arrasta-multidao-para-inauguracao-de-loja-da-havan-e-se-aproxima-de-marca-historica\/\" \/>\n<meta property=\"og:locale\" content=\"pt_BR\" \/>\n<meta property=\"og:type\" content=\"article\" \/>\n<meta property=\"og:title\" content=\"Luciano Hang arrasta multid\u00e3o para inaugura\u00e7\u00e3o de loja da Havan e se aproxima de marca hist\u00f3rica\" \/>\n<meta property=\"og:description\" content=\"No \u00faltimo s\u00e1bado (29), a Havan abriu as portas de sua 196\u00aa loja, em Caldas Novas (GO), atraindo grande p\u00fablico de clientes e moradores da regi\u00e3o.&nbsp;\" \/>\n<meta property=\"og:url\" content=\"https:\/\/crusoe.com.br\/crusoe-variedades\/luciano-hang-arrasta-multidao-para-inauguracao-de-loja-da-havan-e-se-aproxima-de-marca-historica\/\" \/>\n<meta property=\"og:site_name\" content=\"Variedades - Cruso\u00e9\" \/>\n<meta property=\"article:published_time\" content=\"2026-08-31T15:10:00+00:00\" \/>\n<meta property=\"og:image\" content=\"https:\/\/cdn.crusoe.com.br\/uploads\/2026\/08\/luciano-hang-arrasta-multidao-para-inauguracao-de-loja.jpg\" \/>\n\t<meta property=\"og:image:width\" content=\"984\" \/>\n\t<meta property=\"og:image:height\" content=\"736\" \/>\n\t<meta property=\"og:image:type\" content=\"image\/jpeg\" \/>\n<meta name=\"author\" content=\"Jeferson da Rosa\" \/>\n<meta name=\"twitter:card\" content=\"summary_large_image\" \/>\n<meta name=\"twitter:label1\" content=\"Escrito por\" \/>\n\t<meta name=\"twitter:data1\" content=\"Jeferson da Rosa\" \/>\n\t<meta name=\"twitter:label2\" content=\"Est. tempo de leitura\" \/>\n\t<meta name=\"twitter:data2\" content=\"2 minutos\" \/>\n<script type=\"application\/ld+json\" class=\"yoast-schema-graph\">{\"@context\":\"https:\/\/schema.org\",\"@graph\":[{\"@type\":\"WebPage\",\"@id\":\"https:\/\/crusoe.com.br\/crusoe-variedades\/luciano-hang-arrasta-multidao-para-inauguracao-de-loja-da-havan-e-se-aproxima-de-marca-historica\/\",\"url\":\"https:\/\/crusoe.com.br\/crusoe-variedades\/luciano-hang-arrasta-multidao-para-inauguracao-de-loja-da-havan-e-se-aproxima-de-marca-historica\/\",\"name\":\"Luciano Hang arrasta multid\u00e3o para inaugura\u00e7\u00e3o de loja da Havan e se aproxima de marca hist\u00f3rica\",\"isPartOf\":{\"@id\":\"https:\/\/crusoe.com.br\/crusoe-variedades\/#website\"},\"primaryImageOfPage\":{\"@id\":\"https:\/\/crusoe.com.br\/crusoe-variedades\/luciano-hang-arrasta-multidao-para-inauguracao-de-loja-da-havan-e-se-aproxima-de-marca-historica\/#primaryimage\"},\"image\":{\"@id\":\"https:\/\/crusoe.com.br\/crusoe-variedades\/luciano-hang-arrasta-multidao-para-inauguracao-de-loja-da-havan-e-se-aproxima-de-marca-historica\/#primaryimage\"},\"thumbnailUrl\":\"https:\/\/cdn.crusoe.com.br\/uploads\/2026\/08\/luciano-hang-arrasta-multidao-para-inauguracao-de-loja.jpg\",\"datePublished\":\"2026-08-31T15:10:00+00:00\",\"author\":{\"@id\":\"https:\/\/crusoe.com.br\/crusoe-variedades\/#\/schema\/person\/b801baefd07f9b448cf1fe24b5b119d8\"},\"breadcrumb\":{\"@id\":\"https:\/\/crusoe.com.br\/crusoe-variedades\/luciano-hang-arrasta-multidao-para-inauguracao-de-loja-da-havan-e-se-aproxima-de-marca-historica\/#breadcrumb\"},\"inLanguage\":\"pt-BR\",\"potentialAction\":[{\"@type\":\"ReadAction\",\"target\":[\"https:\/\/crusoe.com.br\/crusoe-variedades\/luciano-hang-arrasta-multidao-para-inauguracao-de-loja-da-havan-e-se-aproxima-de-marca-historica\/\"]}]},{\"@type\":\"ImageObject\",\"inLanguage\":\"pt-BR\",\"@id\":\"https:\/\/crusoe.com.br\/crusoe-variedades\/luciano-hang-arrasta-multidao-para-inauguracao-de-loja-da-havan-e-se-aproxima-de-marca-historica\/#primaryimage\",\"url\":\"https:\/\/cdn.crusoe.com.br\/uploads\/2026\/08\/luciano-hang-arrasta-multidao-para-inauguracao-de-loja.jpg\",\"contentUrl\":\"https:\/\/cdn.crusoe.com.br\/uploads\/2026\/08\/luciano-hang-arrasta-multidao-para-inauguracao-de-loja.jpg\",\"width\":984,\"height\":736,\"caption\":\"Luciano Hang arrasta multid\u00e3o para inaugura\u00e7\u00e3o de loja da Havan e se aproxima de marca hist\u00f3rica - Imagem: Pixabay\"},{\"@type\":\"BreadcrumbList\",\"@id\":\"https:\/\/crusoe.com.br\/crusoe-variedades\/luciano-hang-arrasta-multidao-para-inauguracao-de-loja-da-havan-e-se-aproxima-de-marca-historica\/#breadcrumb\",\"itemListElement\":[{\"@type\":\"ListItem\",\"position\":1,\"name\":\"Home\",\"item\":\"https:\/\/crusoe.com.br\/crusoe-variedades\/\"},{\"@type\":\"ListItem\",\"position\":2,\"name\":\"Luciano Hang arrasta multid\u00e3o para inaugura\u00e7\u00e3o de loja da Havan e se aproxima de marca hist\u00f3rica\"}]},{\"@type\":\"WebSite\",\"@id\":\"https:\/\/crusoe.com.br\/crusoe-variedades\/#website\",\"url\":\"https:\/\/crusoe.com.br\/crusoe-variedades\/\",\"name\":\"Variedades - Cruso\u00e9\",\"description\":\"\",\"potentialAction\":[{\"@type\":\"SearchAction\",\"target\":{\"@type\":\"EntryPoint\",\"urlTemplate\":\"https:\/\/crusoe.com.br\/crusoe-variedades\/?s={search_term_string}\"},\"query-input\":{\"@type\":\"PropertyValueSpecification\",\"valueRequired\":true,\"valueName\":\"search_term_string\"}}],\"inLanguage\":\"pt-BR\"},{\"@type\":\"Person\",\"@id\":\"https:\/\/crusoe.com.br\/crusoe-variedades\/#\/schema\/person\/b801baefd07f9b448cf1fe24b5b119d8\",\"name\":\"Jeferson da Rosa\",\"image\":{\"@type\":\"ImageObject\",\"inLanguage\":\"pt-BR\",\"@id\":\"https:\/\/crusoe.com.br\/crusoe-variedades\/#\/schema\/person\/image\/\",\"url\":\"https:\/\/secure.gravatar.com\/avatar\/cd7646e328d9670dad7dea8698522e522745eeffcff5b9d08be858e377ce326b?s=96&d=mm&r=g\",\"contentUrl\":\"https:\/\/secure.gravatar.com\/avatar\/cd7646e328d9670dad7dea8698522e522745eeffcff5b9d08be858e377ce326b?s=96&d=mm&r=g\",\"caption\":\"Jeferson da Rosa\"},\"description\":\"Jornalista apaixonado pela profiss\u00e3o\",\"url\":\"https:\/\/crusoe.com.br\/crusoe-variedades\/author\/jeferson-da-rosa\/\"}]}<\/script>\n<!-- \/ Yoast SEO plugin. -->","yoast_head_json":{"title":"Luciano Hang arrasta multid\u00e3o para inaugura\u00e7\u00e3o de loja da Havan e se aproxima de marca hist\u00f3rica","robots":{"index":"index","follow":"follow","max-snippet":"max-snippet:-1","max-image-preview":"max-image-preview:large","max-video-preview":"max-video-preview:-1"},"canonical":"https:\/\/crusoe.com.br\/crusoe-variedades\/luciano-hang-arrasta-multidao-para-inauguracao-de-loja-da-havan-e-se-aproxima-de-marca-historica\/","og_locale":"pt_BR","og_type":"article","og_title":"Luciano Hang arrasta multid\u00e3o para inaugura\u00e7\u00e3o de loja da Havan e se aproxima de marca hist\u00f3rica","og_description":"No \u00faltimo s\u00e1bado (29), a Havan abriu as portas de sua 196\u00aa loja, em Caldas Novas (GO), atraindo grande p\u00fablico de clientes e moradores da regi\u00e3o.&nbsp;","og_url":"https:\/\/crusoe.com.br\/crusoe-variedades\/luciano-hang-arrasta-multidao-para-inauguracao-de-loja-da-havan-e-se-aproxima-de-marca-historica\/","og_site_name":"Variedades - Cruso\u00e9","article_published_time":"2026-08-31T15:10:00+00:00","og_image":[{"width":984,"height":736,"url":"https:\/\/cdn.crusoe.com.br\/uploads\/2026\/08\/luciano-hang-arrasta-multidao-para-inauguracao-de-loja.jpg","type":"image\/jpeg"}],"author":"Jeferson da Rosa","twitter_card":"summary_large_image","twitter_misc":{"Escrito por":"Jeferson da Rosa","Est. tempo de leitura":"2 minutos"},"schema":{"@context":"https:\/\/schema.org","@graph":[{"@type":"WebPage","@id":"https:\/\/crusoe.com.br\/crusoe-variedades\/luciano-hang-arrasta-multidao-para-inauguracao-de-loja-da-havan-e-se-aproxima-de-marca-historica\/","url":"https:\/\/crusoe.com.br\/crusoe-variedades\/luciano-hang-arrasta-multidao-para-inauguracao-de-loja-da-havan-e-se-aproxima-de-marca-historica\/","name":"Luciano Hang arrasta multid\u00e3o para inaugura\u00e7\u00e3o de loja da Havan e se aproxima de marca hist\u00f3rica","isPartOf":{"@id":"https:\/\/crusoe.com.br\/crusoe-variedades\/#website"},"primaryImageOfPage":{"@id":"https:\/\/crusoe.com.br\/crusoe-variedades\/luciano-hang-arrasta-multidao-para-inauguracao-de-loja-da-havan-e-se-aproxima-de-marca-historica\/#primaryimage"},"image":{"@id":"https:\/\/crusoe.com.br\/crusoe-variedades\/luciano-hang-arrasta-multidao-para-inauguracao-de-loja-da-havan-e-se-aproxima-de-marca-historica\/#primaryimage"},"thumbnailUrl":"https:\/\/cdn.crusoe.com.br\/uploads\/2026\/08\/luciano-hang-arrasta-multidao-para-inauguracao-de-loja.jpg","datePublished":"2026-08-31T15:10:00+00:00","author":{"@id":"https:\/\/crusoe.com.br\/crusoe-variedades\/#\/schema\/person\/b801baefd07f9b448cf1fe24b5b119d8"},"breadcrumb":{"@id":"https:\/\/crusoe.com.br\/crusoe-variedades\/luciano-hang-arrasta-multidao-para-inauguracao-de-loja-da-havan-e-se-aproxima-de-marca-historica\/#breadcrumb"},"inLanguage":"pt-BR","potentialAction":[{"@type":"ReadAction","target":["https:\/\/crusoe.com.br\/crusoe-variedades\/luciano-hang-arrasta-multidao-para-inauguracao-de-loja-da-havan-e-se-aproxima-de-marca-historica\/"]}]},{"@type":"ImageObject","inLanguage":"pt-BR","@id":"https:\/\/crusoe.com.br\/crusoe-variedades\/luciano-hang-arrasta-multidao-para-inauguracao-de-loja-da-havan-e-se-aproxima-de-marca-historica\/#primaryimage","url":"https:\/\/cdn.crusoe.com.br\/uploads\/2026\/08\/luciano-hang-arrasta-multidao-para-inauguracao-de-loja.jpg","contentUrl":"https:\/\/cdn.crusoe.com.br\/uploads\/2026\/08\/luciano-hang-arrasta-multidao-para-inauguracao-de-loja.jpg","width":984,"height":736,"caption":"Luciano Hang arrasta multid\u00e3o para inaugura\u00e7\u00e3o de loja da Havan e se aproxima de marca hist\u00f3rica - Imagem: Pixabay"},{"@type":"BreadcrumbList","@id":"https:\/\/crusoe.com.br\/crusoe-variedades\/luciano-hang-arrasta-multidao-para-inauguracao-de-loja-da-havan-e-se-aproxima-de-marca-historica\/#breadcrumb","itemListElement":[{"@type":"ListItem","position":1,"name":"Home","item":"https:\/\/crusoe.com.br\/crusoe-variedades\/"},{"@type":"ListItem","position":2,"name":"Luciano Hang arrasta multid\u00e3o para inaugura\u00e7\u00e3o de loja da Havan e se aproxima de marca hist\u00f3rica"}]},{"@type":"WebSite","@id":"https:\/\/crusoe.com.br\/crusoe-variedades\/#website","url":"https:\/\/crusoe.com.br\/crusoe-variedades\/","name":"Variedades - Cruso\u00e9","description":"","potentialAction":[{"@type":"SearchAction","target":{"@type":"EntryPoint","urlTemplate":"https:\/\/crusoe.com.br\/crusoe-variedades\/?s={search_term_string}"},"query-input":{"@type":"PropertyValueSpecification","valueRequired":true,"valueName":"search_term_string"}}],"inLanguage":"pt-BR"},{"@type":"Person","@id":"https:\/\/crusoe.com.br\/crusoe-variedades\/#\/schema\/person\/b801baefd07f9b448cf1fe24b5b119d8","name":"Jeferson da Rosa","image":{"@type":"ImageObject","inLanguage":"pt-BR","@id":"https:\/\/crusoe.com.br\/crusoe-variedades\/#\/schema\/person\/image\/","url":"https:\/\/secure.gravatar.com\/avatar\/cd7646e328d9670dad7dea8698522e522745eeffcff5b9d08be858e377ce326b?s=96&d=mm&r=g","contentUrl":"https:\/\/secure.gravatar.com\/avatar\/cd7646e328d9670dad7dea8698522e522745eeffcff5b9d08be858e377ce326b?s=96&d=mm&r=g","caption":"Jeferson da Rosa"},"description":"Jornalista apaixonado pela profiss\u00e3o","url":"https:\/\/crusoe.com.br\/crusoe-variedades\/author\/jeferson-da-rosa\/"}]}},"_links":{"self":[{"href":"https:\/\/crusoe.com.br\/crusoe-variedades\/wp-json\/wp\/v2\/posts\/45499","targetHints":{"allow":["GET"]}}],"collection":[{"href":"https:\/\/crusoe.com.br\/crusoe-variedades\/wp-json\/wp\/v2\/posts"}],"about":[{"href":"https:\/\/crusoe.com.br\/crusoe-variedades\/wp-json\/wp\/v2\/types\/post"}],"author":[{"embeddable":true,"href":"https:\/\/crusoe.com.br\/crusoe-variedades\/wp-json\/wp\/v2\/users\/21"}],"replies":[{"embeddable":true,"href":"https:\/\/crusoe.com.br\/crusoe-variedades\/wp-json\/wp\/v2\/comments?post=45499"}],"version-history":[{"count":1,"href":"https:\/\/crusoe.com.br\/crusoe-variedades\/wp-json\/wp\/v2\/posts\/45499\/revisions"}],"predecessor-version":[{"id":45506,"href":"https:\/\/crusoe.com.br\/crusoe-variedades\/wp-json\/wp\/v2\/posts\/45499\/revisions\/45506"}],"wp:featuredmedia":[{"embeddable":true,"href":"https:\/\/crusoe.com.br\/crusoe-variedades\/wp-json\/wp\/v2\/media\/45498"}],"wp:attachment":[{"href":"https:\/\/crusoe.com.br\/crusoe-variedades\/wp-json\/wp\/v2\/media?parent=45499"}],"wp:term":[{"taxonomy":"category","embeddable":true,"href":"https:\/\/crusoe.com.br\/crusoe-variedades\/wp-json\/wp\/v2\/categories?post=45499"},{"taxonomy":"post_tag","embeddable":true,"href":"https:\/\/crusoe.com.br\/crusoe-variedades\/wp-json\/wp\/v2\/tags?post=45499"}],"curies":[{"name":"wp","href":"https:\/\/api.w.org\/{rel}","templated":true}]}}