{"id":45495,"date":"2026-08-31T11:19:33","date_gmt":"2026-08-31T14:19:33","guid":{"rendered":"https:\/\/crusoe.com.br\/crusoe-variedades\/mourinho-abre-o-jogo-e-revela-quando-pretende-utilizar-endrick-no-real-madrid\/"},"modified":"2026-08-31T11:19:33","modified_gmt":"2026-08-31T14:19:33","slug":"mourinho-abre-o-jogo-e-revela-quando-pretende-utilizar-endrick-no-real-madrid","status":"publish","type":"post","link":"https:\/\/crusoe.com.br\/crusoe-variedades\/mourinho-abre-o-jogo-e-revela-quando-pretende-utilizar-endrick-no-real-madrid\/","title":{"rendered":"Mourinho abre o jogo e revela quando pretende utilizar Endrick no Real Madrid"},"content":{"rendered":"\n<p class=\"wp-block-paragraph\">Endrick \u00e9 a prioridade do Real Madrid para retornar aos gramados depois de se afastar por causa de uma tendinite na pr\u00e9-temporada.&nbsp;<\/p>\n\n\n\n<p class=\"wp-block-paragraph\">Jos\u00e9 Mourinho confirmou no \u00faltimo s\u00e1bado (29) que o atacante brasileiro est\u00e1 mais perto de voltar do que os demais lesionados do elenco merengue.<\/p>\n\n\n\n<p class=\"wp-block-paragraph\">O t\u00e9cnico portugu\u00eas indicou que o jogador poder\u00e1 estar \u00e0 disposi\u00e7\u00e3o no duelo contra o Real Betis, em 4 de setembro, ou na estreia da Champions League diante da Inter de Mil\u00e3o, uma semana depois.&nbsp;<\/p>\n\n\n\n<p class=\"wp-block-paragraph\">O trabalho individualizado que Endrick vem realizando reflete a cautela da comiss\u00e3o t\u00e9cnica com sua recupera\u00e7\u00e3o.<\/p>\n\n\n\n<h2 class=\"wp-block-heading\">Endrick segue como prioridade de retorno no Real Madrid<\/h2>\n\n\n\n<p class=\"wp-block-paragraph\">Mourinho disse que prefere esperar o tempo necess\u00e1rio antes de reintegrar Endrick ao ritmo de jogo.&nbsp;<\/p>\n\n\n\n<p class=\"wp-block-paragraph\">Segundo o treinador, a recupera\u00e7\u00e3o do atacante \u00e9 diferente da dos demais jogadores do departamento m\u00e9dico, o que aumentou a expectativa sobre seu retorno.<\/p>\n\n\n\n<p class=\"wp-block-paragraph\">No \u00faltimo domingo (30), o Real Madrid goleou o M\u00e1laga por 4 a 0 no Santiago Bernab\u00e9u e manteve 100% de aproveitamento na Liga espanhola.<\/p>\n\n\n\n<p class=\"wp-block-paragraph\">&nbsp;Jude Bellingham, Alfonso Herrero (contra) e Kylian Mbapp\u00e9 marcaram no primeiro tempo. Na etapa final, Vini Jr deu a assist\u00eancia para Arda G\u00fcler marcar o quarto gol.<\/p>\n\n\n\n<p class=\"wp-block-paragraph\">A vit\u00f3ria levou o Real Madrid a 9 pontos, com 100% de aproveitamento em LALIGA.&nbsp;<\/p>\n\n\n\n<p class=\"wp-block-paragraph\">O time aguarda o resultado do Barcelona contra o Rayo Vallecano nesta segunda-feira (31) para saber se ficar\u00e1 isolado na lideran\u00e7a.&nbsp;<\/p>\n\n\n\n<p class=\"wp-block-paragraph\">O M\u00e1laga permanece na 18\u00aa posi\u00e7\u00e3o, com 1 ponto ap\u00f3s tr\u00eas rodadas e sem vencer.<\/p>\n\n\n\n<h2 class=\"wp-block-heading\">Tchouam\u00e9ni segue com cronograma mais longo de recupera\u00e7\u00e3o<\/h2>\n\n\n\n<p class=\"wp-block-paragraph\">Al\u00e9m de Endrick, Mourinho abordou a situa\u00e7\u00e3o de Aur\u00e9lien Tchouam\u00e9ni, outro jogador do clube no departamento m\u00e9dico.&nbsp;<\/p>\n\n\n\n<p class=\"wp-block-paragraph\">O treinador portugu\u00eas disse que o meio-campista precisar\u00e1 de mais tempo antes de voltar a atuar regularmente.<\/p>\n\n\n\n<p class=\"wp-block-paragraph\">Mourinho disse que prefere evitar que Tchouam\u00e9ni alterne entre participa\u00e7\u00f5es e aus\u00eancias no in\u00edcio da temporada.&nbsp;<\/p>\n\n\n\n<p class=\"wp-block-paragraph\">O t\u00e9cnico vai esperar at\u00e9 que o volante esteja plenamente recuperado, em uma postura mais conservadora do que a adotada para o retorno de Endrick.<\/p>\n\n\n\n<p class=\"wp-block-paragraph\">&nbsp;O Real Madrid enfrentar\u00e1 o Betis na pr\u00f3xima rodada, quando Endrick pode entrar em campo pela equipe nesta temporada.<\/p>\n","protected":false},"excerpt":{"rendered":"<p>Endrick \u00e9 a prioridade do Real Madrid para retornar aos gramados depois de se afastar por causa de uma tendinite na pr\u00e9-temporada.&nbsp;<\/p>\n","protected":false},"author":21,"featured_media":45494,"comment_status":"open","ping_status":"open","sticky":false,"template":"","format":"standard","meta":{"jnews-multi-image_gallery":[],"jnews_single_post":[],"jnews_primary_category":[],"jnews_override_counter":[],"jnews_post_split":[],"footnotes":""},"categories":[1],"tags":[],"class_list":["post-45495","post","type-post","status-publish","format-standard","has-post-thumbnail","hentry","category-geral"],"yoast_head":"<!-- This site is optimized with the Yoast SEO plugin v25.0 - https:\/\/yoast.com\/wordpress\/plugins\/seo\/ -->\n<title>Mourinho abre o jogo e revela quando pretende utilizar Endrick no Real Madrid<\/title>\n<meta name=\"robots\" content=\"index, follow, max-snippet:-1, max-image-preview:large, max-video-preview:-1\" \/>\n<link rel=\"canonical\" href=\"https:\/\/crusoe.com.br\/crusoe-variedades\/mourinho-abre-o-jogo-e-revela-quando-pretende-utilizar-endrick-no-real-madrid\/\" \/>\n<meta property=\"og:locale\" content=\"pt_BR\" \/>\n<meta property=\"og:type\" content=\"article\" \/>\n<meta property=\"og:title\" content=\"Mourinho abre o jogo e revela quando pretende utilizar Endrick no Real Madrid\" \/>\n<meta property=\"og:description\" content=\"Endrick \u00e9 a prioridade do Real Madrid para retornar aos gramados depois de se afastar por causa de uma tendinite na pr\u00e9-temporada.&nbsp;\" \/>\n<meta property=\"og:url\" content=\"https:\/\/crusoe.com.br\/crusoe-variedades\/mourinho-abre-o-jogo-e-revela-quando-pretende-utilizar-endrick-no-real-madrid\/\" \/>\n<meta property=\"og:site_name\" content=\"Variedades - Cruso\u00e9\" \/>\n<meta property=\"article:published_time\" content=\"2026-08-31T14:19:33+00:00\" \/>\n<meta name=\"author\" content=\"Jeferson da Rosa\" \/>\n<meta name=\"twitter:card\" content=\"summary_large_image\" \/>\n<meta name=\"twitter:label1\" content=\"Escrito por\" \/>\n\t<meta name=\"twitter:data1\" content=\"Jeferson da Rosa\" \/>\n\t<meta name=\"twitter:label2\" content=\"Est. tempo de leitura\" \/>\n\t<meta name=\"twitter:data2\" content=\"2 minutos\" \/>\n<script type=\"application\/ld+json\" class=\"yoast-schema-graph\">{\"@context\":\"https:\/\/schema.org\",\"@graph\":[{\"@type\":\"WebPage\",\"@id\":\"https:\/\/crusoe.com.br\/crusoe-variedades\/mourinho-abre-o-jogo-e-revela-quando-pretende-utilizar-endrick-no-real-madrid\/\",\"url\":\"https:\/\/crusoe.com.br\/crusoe-variedades\/mourinho-abre-o-jogo-e-revela-quando-pretende-utilizar-endrick-no-real-madrid\/\",\"name\":\"Mourinho abre o jogo e revela quando pretende utilizar Endrick no Real Madrid\",\"isPartOf\":{\"@id\":\"https:\/\/crusoe.com.br\/crusoe-variedades\/#website\"},\"primaryImageOfPage\":{\"@id\":\"https:\/\/crusoe.com.br\/crusoe-variedades\/mourinho-abre-o-jogo-e-revela-quando-pretende-utilizar-endrick-no-real-madrid\/#primaryimage\"},\"image\":{\"@id\":\"https:\/\/crusoe.com.br\/crusoe-variedades\/mourinho-abre-o-jogo-e-revela-quando-pretende-utilizar-endrick-no-real-madrid\/#primaryimage\"},\"thumbnailUrl\":\"https:\/\/cdn.crusoe.com.br\/uploads\/2026\/08\/mourinho-abre-o-jogo-e-revela-quando-pretende-utilizar.jpg\",\"datePublished\":\"2026-08-31T14:19:33+00:00\",\"author\":{\"@id\":\"https:\/\/crusoe.com.br\/crusoe-variedades\/#\/schema\/person\/b801baefd07f9b448cf1fe24b5b119d8\"},\"breadcrumb\":{\"@id\":\"https:\/\/crusoe.com.br\/crusoe-variedades\/mourinho-abre-o-jogo-e-revela-quando-pretende-utilizar-endrick-no-real-madrid\/#breadcrumb\"},\"inLanguage\":\"pt-BR\",\"potentialAction\":[{\"@type\":\"ReadAction\",\"target\":[\"https:\/\/crusoe.com.br\/crusoe-variedades\/mourinho-abre-o-jogo-e-revela-quando-pretende-utilizar-endrick-no-real-madrid\/\"]}]},{\"@type\":\"ImageObject\",\"inLanguage\":\"pt-BR\",\"@id\":\"https:\/\/crusoe.com.br\/crusoe-variedades\/mourinho-abre-o-jogo-e-revela-quando-pretende-utilizar-endrick-no-real-madrid\/#primaryimage\",\"url\":\"https:\/\/cdn.crusoe.com.br\/uploads\/2026\/08\/mourinho-abre-o-jogo-e-revela-quando-pretende-utilizar.jpg\",\"contentUrl\":\"https:\/\/cdn.crusoe.com.br\/uploads\/2026\/08\/mourinho-abre-o-jogo-e-revela-quando-pretende-utilizar.jpg\",\"width\":1280,\"height\":960,\"caption\":\"Mourinho abre o jogo e revela quando pretende utilizar Endrick no Real Madrid - Imagem: Pixabay\"},{\"@type\":\"BreadcrumbList\",\"@id\":\"https:\/\/crusoe.com.br\/crusoe-variedades\/mourinho-abre-o-jogo-e-revela-quando-pretende-utilizar-endrick-no-real-madrid\/#breadcrumb\",\"itemListElement\":[{\"@type\":\"ListItem\",\"position\":1,\"name\":\"Home\",\"item\":\"https:\/\/crusoe.com.br\/crusoe-variedades\/\"},{\"@type\":\"ListItem\",\"position\":2,\"name\":\"Mourinho abre o jogo e revela quando pretende utilizar Endrick no Real Madrid\"}]},{\"@type\":\"WebSite\",\"@id\":\"https:\/\/crusoe.com.br\/crusoe-variedades\/#website\",\"url\":\"https:\/\/crusoe.com.br\/crusoe-variedades\/\",\"name\":\"Variedades - Cruso\u00e9\",\"description\":\"\",\"potentialAction\":[{\"@type\":\"SearchAction\",\"target\":{\"@type\":\"EntryPoint\",\"urlTemplate\":\"https:\/\/crusoe.com.br\/crusoe-variedades\/?s={search_term_string}\"},\"query-input\":{\"@type\":\"PropertyValueSpecification\",\"valueRequired\":true,\"valueName\":\"search_term_string\"}}],\"inLanguage\":\"pt-BR\"},{\"@type\":\"Person\",\"@id\":\"https:\/\/crusoe.com.br\/crusoe-variedades\/#\/schema\/person\/b801baefd07f9b448cf1fe24b5b119d8\",\"name\":\"Jeferson da Rosa\",\"image\":{\"@type\":\"ImageObject\",\"inLanguage\":\"pt-BR\",\"@id\":\"https:\/\/crusoe.com.br\/crusoe-variedades\/#\/schema\/person\/image\/\",\"url\":\"https:\/\/secure.gravatar.com\/avatar\/cd7646e328d9670dad7dea8698522e522745eeffcff5b9d08be858e377ce326b?s=96&d=mm&r=g\",\"contentUrl\":\"https:\/\/secure.gravatar.com\/avatar\/cd7646e328d9670dad7dea8698522e522745eeffcff5b9d08be858e377ce326b?s=96&d=mm&r=g\",\"caption\":\"Jeferson da Rosa\"},\"description\":\"Jornalista apaixonado pela profiss\u00e3o\",\"url\":\"https:\/\/crusoe.com.br\/crusoe-variedades\/author\/jeferson-da-rosa\/\"}]}<\/script>\n<!-- \/ Yoast SEO plugin. -->","yoast_head_json":{"title":"Mourinho abre o jogo e revela quando pretende utilizar Endrick no Real Madrid","robots":{"index":"index","follow":"follow","max-snippet":"max-snippet:-1","max-image-preview":"max-image-preview:large","max-video-preview":"max-video-preview:-1"},"canonical":"https:\/\/crusoe.com.br\/crusoe-variedades\/mourinho-abre-o-jogo-e-revela-quando-pretende-utilizar-endrick-no-real-madrid\/","og_locale":"pt_BR","og_type":"article","og_title":"Mourinho abre o jogo e revela quando pretende utilizar Endrick no Real Madrid","og_description":"Endrick \u00e9 a prioridade do Real Madrid para retornar aos gramados depois de se afastar por causa de uma tendinite na pr\u00e9-temporada.&nbsp;","og_url":"https:\/\/crusoe.com.br\/crusoe-variedades\/mourinho-abre-o-jogo-e-revela-quando-pretende-utilizar-endrick-no-real-madrid\/","og_site_name":"Variedades - Cruso\u00e9","article_published_time":"2026-08-31T14:19:33+00:00","author":"Jeferson da Rosa","twitter_card":"summary_large_image","twitter_misc":{"Escrito por":"Jeferson da Rosa","Est. tempo de leitura":"2 minutos"},"schema":{"@context":"https:\/\/schema.org","@graph":[{"@type":"WebPage","@id":"https:\/\/crusoe.com.br\/crusoe-variedades\/mourinho-abre-o-jogo-e-revela-quando-pretende-utilizar-endrick-no-real-madrid\/","url":"https:\/\/crusoe.com.br\/crusoe-variedades\/mourinho-abre-o-jogo-e-revela-quando-pretende-utilizar-endrick-no-real-madrid\/","name":"Mourinho abre o jogo e revela quando pretende utilizar Endrick no Real Madrid","isPartOf":{"@id":"https:\/\/crusoe.com.br\/crusoe-variedades\/#website"},"primaryImageOfPage":{"@id":"https:\/\/crusoe.com.br\/crusoe-variedades\/mourinho-abre-o-jogo-e-revela-quando-pretende-utilizar-endrick-no-real-madrid\/#primaryimage"},"image":{"@id":"https:\/\/crusoe.com.br\/crusoe-variedades\/mourinho-abre-o-jogo-e-revela-quando-pretende-utilizar-endrick-no-real-madrid\/#primaryimage"},"thumbnailUrl":"https:\/\/cdn.crusoe.com.br\/uploads\/2026\/08\/mourinho-abre-o-jogo-e-revela-quando-pretende-utilizar.jpg","datePublished":"2026-08-31T14:19:33+00:00","author":{"@id":"https:\/\/crusoe.com.br\/crusoe-variedades\/#\/schema\/person\/b801baefd07f9b448cf1fe24b5b119d8"},"breadcrumb":{"@id":"https:\/\/crusoe.com.br\/crusoe-variedades\/mourinho-abre-o-jogo-e-revela-quando-pretende-utilizar-endrick-no-real-madrid\/#breadcrumb"},"inLanguage":"pt-BR","potentialAction":[{"@type":"ReadAction","target":["https:\/\/crusoe.com.br\/crusoe-variedades\/mourinho-abre-o-jogo-e-revela-quando-pretende-utilizar-endrick-no-real-madrid\/"]}]},{"@type":"ImageObject","inLanguage":"pt-BR","@id":"https:\/\/crusoe.com.br\/crusoe-variedades\/mourinho-abre-o-jogo-e-revela-quando-pretende-utilizar-endrick-no-real-madrid\/#primaryimage","url":"https:\/\/cdn.crusoe.com.br\/uploads\/2026\/08\/mourinho-abre-o-jogo-e-revela-quando-pretende-utilizar.jpg","contentUrl":"https:\/\/cdn.crusoe.com.br\/uploads\/2026\/08\/mourinho-abre-o-jogo-e-revela-quando-pretende-utilizar.jpg","width":1280,"height":960,"caption":"Mourinho abre o jogo e revela quando pretende utilizar Endrick no Real Madrid - Imagem: Pixabay"},{"@type":"BreadcrumbList","@id":"https:\/\/crusoe.com.br\/crusoe-variedades\/mourinho-abre-o-jogo-e-revela-quando-pretende-utilizar-endrick-no-real-madrid\/#breadcrumb","itemListElement":[{"@type":"ListItem","position":1,"name":"Home","item":"https:\/\/crusoe.com.br\/crusoe-variedades\/"},{"@type":"ListItem","position":2,"name":"Mourinho abre o jogo e revela quando pretende utilizar Endrick no Real Madrid"}]},{"@type":"WebSite","@id":"https:\/\/crusoe.com.br\/crusoe-variedades\/#website","url":"https:\/\/crusoe.com.br\/crusoe-variedades\/","name":"Variedades - Cruso\u00e9","description":"","potentialAction":[{"@type":"SearchAction","target":{"@type":"EntryPoint","urlTemplate":"https:\/\/crusoe.com.br\/crusoe-variedades\/?s={search_term_string}"},"query-input":{"@type":"PropertyValueSpecification","valueRequired":true,"valueName":"search_term_string"}}],"inLanguage":"pt-BR"},{"@type":"Person","@id":"https:\/\/crusoe.com.br\/crusoe-variedades\/#\/schema\/person\/b801baefd07f9b448cf1fe24b5b119d8","name":"Jeferson da Rosa","image":{"@type":"ImageObject","inLanguage":"pt-BR","@id":"https:\/\/crusoe.com.br\/crusoe-variedades\/#\/schema\/person\/image\/","url":"https:\/\/secure.gravatar.com\/avatar\/cd7646e328d9670dad7dea8698522e522745eeffcff5b9d08be858e377ce326b?s=96&d=mm&r=g","contentUrl":"https:\/\/secure.gravatar.com\/avatar\/cd7646e328d9670dad7dea8698522e522745eeffcff5b9d08be858e377ce326b?s=96&d=mm&r=g","caption":"Jeferson da Rosa"},"description":"Jornalista apaixonado pela profiss\u00e3o","url":"https:\/\/crusoe.com.br\/crusoe-variedades\/author\/jeferson-da-rosa\/"}]}},"_links":{"self":[{"href":"https:\/\/crusoe.com.br\/crusoe-variedades\/wp-json\/wp\/v2\/posts\/45495","targetHints":{"allow":["GET"]}}],"collection":[{"href":"https:\/\/crusoe.com.br\/crusoe-variedades\/wp-json\/wp\/v2\/posts"}],"about":[{"href":"https:\/\/crusoe.com.br\/crusoe-variedades\/wp-json\/wp\/v2\/types\/post"}],"author":[{"embeddable":true,"href":"https:\/\/crusoe.com.br\/crusoe-variedades\/wp-json\/wp\/v2\/users\/21"}],"replies":[{"embeddable":true,"href":"https:\/\/crusoe.com.br\/crusoe-variedades\/wp-json\/wp\/v2\/comments?post=45495"}],"version-history":[{"count":0,"href":"https:\/\/crusoe.com.br\/crusoe-variedades\/wp-json\/wp\/v2\/posts\/45495\/revisions"}],"wp:featuredmedia":[{"embeddable":true,"href":"https:\/\/crusoe.com.br\/crusoe-variedades\/wp-json\/wp\/v2\/media\/45494"}],"wp:attachment":[{"href":"https:\/\/crusoe.com.br\/crusoe-variedades\/wp-json\/wp\/v2\/media?parent=45495"}],"wp:term":[{"taxonomy":"category","embeddable":true,"href":"https:\/\/crusoe.com.br\/crusoe-variedades\/wp-json\/wp\/v2\/categories?post=45495"},{"taxonomy":"post_tag","embeddable":true,"href":"https:\/\/crusoe.com.br\/crusoe-variedades\/wp-json\/wp\/v2\/tags?post=45495"}],"curies":[{"name":"wp","href":"https:\/\/api.w.org\/{rel}","templated":true}]}}