{"id":45491,"date":"2026-08-31T11:07:27","date_gmt":"2026-08-31T14:07:27","guid":{"rendered":"https:\/\/crusoe.com.br\/crusoe-variedades\/grupo-tenta-acessar-ilha-no-rio-de-janeiro-e-precisam-ser-resgatadas-pelo-corpo-de-bombeiros\/"},"modified":"2026-08-31T11:07:27","modified_gmt":"2026-08-31T14:07:27","slug":"grupo-tenta-acessar-ilha-no-rio-de-janeiro-e-precisam-ser-resgatadas-pelo-corpo-de-bombeiros","status":"publish","type":"post","link":"https:\/\/crusoe.com.br\/crusoe-variedades\/grupo-tenta-acessar-ilha-no-rio-de-janeiro-e-precisam-ser-resgatadas-pelo-corpo-de-bombeiros\/","title":{"rendered":"Grupo tenta acessar ilha no Rio de Janeiro e precisam ser resgatadas pelo Corpo de Bombeiros"},"content":{"rendered":"\n<p class=\"wp-block-paragraph\">Vinte pessoas ficaram \u00e0 deriva no mar da Barra da Tijuca na manh\u00e3 do \u00faltimo domingo (30) quando uma mudan\u00e7a s\u00fabita nos ventos impediu o retorno \u00e0 praia durante uma travessia rumo \u00e0s ilhas.&nbsp;<\/p>\n\n\n\n<p class=\"wp-block-paragraph\">Acionado \u00e0s 7h29, o Corpo de Bombeiros resgatou todos os participantes com seguran\u00e7a, usando motos aqu\u00e1ticas do Grupamento Mar\u00edtimo da Barra.<\/p>\n\n\n\n<h2 class=\"wp-block-heading\">Grupo tenta acessar ilha no Rio de Janeiro e precisam ser resgatadas pelo Corpo de Bombeiros<\/h2>\n\n\n\n<p class=\"wp-block-paragraph\">O grupo, com idades entre 20 e 67 anos, participava de uma travessia de stand up paddle e nata\u00e7\u00e3o quando uma mudan\u00e7a nos ventos o desviou para S\u00e3o Conrado.&nbsp;<\/p>\n\n\n\n<p class=\"wp-block-paragraph\">Rajadas superiores a 50 km\/h dificultaram o retorno, e as equipes retiraram todos da \u00e1gua e os levaram at\u00e9 a faixa de areia da Praia do Pep\u00ea, na Zona Sudoeste.<\/p>\n\n\n\n<p class=\"wp-block-paragraph\">As 20 pessoas foram avaliadas na praia logo ap\u00f3s o resgate e n\u00e3o apresentaram ferimentos graves.&nbsp;<\/p>\n\n\n\n<p class=\"wp-block-paragraph\">Nenhuma precisou ser encaminhada ao hospital, e a a\u00e7\u00e3o r\u00e1pida das equipes evitou maiores complica\u00e7\u00f5es.<\/p>\n\n\n\n<h2 class=\"wp-block-heading\">Condi\u00e7\u00f5es meteorol\u00f3gicas no domingo<\/h2>\n\n\n\n<p class=\"wp-block-paragraph\">Segundo o Alerta Rio, a esta\u00e7\u00e3o Forte de Copacabana registrou vento forte entre 7h e 8h, enquanto as esta\u00e7\u00f5es da Marambaia e da Vila Militar registraram ventos moderados.&nbsp;<\/p>\n\n\n\n<p class=\"wp-block-paragraph\">A velocidade m\u00e1xima do vento no dia chegou a 57,5 km\/h em diferentes pontos da cidade.<\/p>\n\n\n\n<p class=\"wp-block-paragraph\">A previs\u00e3o indicava nebulosidade variada e temperaturas entre 21\u00b0C e 33\u00b0C no Rio de Janeiro.<\/p>\n","protected":false},"excerpt":{"rendered":"<p>Vinte pessoas ficaram \u00e0 deriva no mar da Barra da Tijuca na manh\u00e3 do \u00faltimo domingo (30) quando uma mudan\u00e7a s\u00fabita nos ventos impediu o retorno \u00e0 praia\u2026<\/p>\n","protected":false},"author":21,"featured_media":45490,"comment_status":"open","ping_status":"open","sticky":false,"template":"","format":"standard","meta":{"jnews-multi-image_gallery":[],"jnews_single_post":[],"jnews_primary_category":[],"jnews_override_counter":[],"jnews_post_split":[],"footnotes":""},"categories":[1],"tags":[],"class_list":["post-45491","post","type-post","status-publish","format-standard","has-post-thumbnail","hentry","category-geral"],"yoast_head":"<!-- This site is optimized with the Yoast SEO plugin v25.0 - https:\/\/yoast.com\/wordpress\/plugins\/seo\/ -->\n<title>Grupo tenta acessar ilha no Rio de Janeiro e precisam ser resgatadas pelo Corpo de Bombeiros<\/title>\n<meta name=\"robots\" content=\"index, follow, max-snippet:-1, max-image-preview:large, max-video-preview:-1\" \/>\n<link rel=\"canonical\" href=\"https:\/\/crusoe.com.br\/crusoe-variedades\/grupo-tenta-acessar-ilha-no-rio-de-janeiro-e-precisam-ser-resgatadas-pelo-corpo-de-bombeiros\/\" \/>\n<meta property=\"og:locale\" content=\"pt_BR\" \/>\n<meta property=\"og:type\" content=\"article\" \/>\n<meta property=\"og:title\" content=\"Grupo tenta acessar ilha no Rio de Janeiro e precisam ser resgatadas pelo Corpo de Bombeiros\" \/>\n<meta property=\"og:description\" content=\"Vinte pessoas ficaram \u00e0 deriva no mar da Barra da Tijuca na manh\u00e3 do \u00faltimo domingo (30) quando uma mudan\u00e7a s\u00fabita nos ventos impediu o retorno \u00e0 praia\u2026\" \/>\n<meta property=\"og:url\" content=\"https:\/\/crusoe.com.br\/crusoe-variedades\/grupo-tenta-acessar-ilha-no-rio-de-janeiro-e-precisam-ser-resgatadas-pelo-corpo-de-bombeiros\/\" \/>\n<meta property=\"og:site_name\" content=\"Variedades - Cruso\u00e9\" \/>\n<meta property=\"article:published_time\" content=\"2026-08-31T14:07:27+00:00\" \/>\n<meta name=\"author\" content=\"Jeferson da Rosa\" \/>\n<meta name=\"twitter:card\" content=\"summary_large_image\" \/>\n<meta name=\"twitter:label1\" content=\"Escrito por\" \/>\n\t<meta name=\"twitter:data1\" content=\"Jeferson da Rosa\" \/>\n\t<meta name=\"twitter:label2\" content=\"Est. tempo de leitura\" \/>\n\t<meta name=\"twitter:data2\" content=\"1 minuto\" \/>\n<script type=\"application\/ld+json\" class=\"yoast-schema-graph\">{\"@context\":\"https:\/\/schema.org\",\"@graph\":[{\"@type\":\"WebPage\",\"@id\":\"https:\/\/crusoe.com.br\/crusoe-variedades\/grupo-tenta-acessar-ilha-no-rio-de-janeiro-e-precisam-ser-resgatadas-pelo-corpo-de-bombeiros\/\",\"url\":\"https:\/\/crusoe.com.br\/crusoe-variedades\/grupo-tenta-acessar-ilha-no-rio-de-janeiro-e-precisam-ser-resgatadas-pelo-corpo-de-bombeiros\/\",\"name\":\"Grupo tenta acessar ilha no Rio de Janeiro e precisam ser resgatadas pelo Corpo de Bombeiros\",\"isPartOf\":{\"@id\":\"https:\/\/crusoe.com.br\/crusoe-variedades\/#website\"},\"primaryImageOfPage\":{\"@id\":\"https:\/\/crusoe.com.br\/crusoe-variedades\/grupo-tenta-acessar-ilha-no-rio-de-janeiro-e-precisam-ser-resgatadas-pelo-corpo-de-bombeiros\/#primaryimage\"},\"image\":{\"@id\":\"https:\/\/crusoe.com.br\/crusoe-variedades\/grupo-tenta-acessar-ilha-no-rio-de-janeiro-e-precisam-ser-resgatadas-pelo-corpo-de-bombeiros\/#primaryimage\"},\"thumbnailUrl\":\"https:\/\/cdn.crusoe.com.br\/uploads\/2026\/08\/grupo-tenta-acessar-ilha-no-rio-de-janeiro-e-precisam-s.jpg\",\"datePublished\":\"2026-08-31T14:07:27+00:00\",\"author\":{\"@id\":\"https:\/\/crusoe.com.br\/crusoe-variedades\/#\/schema\/person\/b801baefd07f9b448cf1fe24b5b119d8\"},\"breadcrumb\":{\"@id\":\"https:\/\/crusoe.com.br\/crusoe-variedades\/grupo-tenta-acessar-ilha-no-rio-de-janeiro-e-precisam-ser-resgatadas-pelo-corpo-de-bombeiros\/#breadcrumb\"},\"inLanguage\":\"pt-BR\",\"potentialAction\":[{\"@type\":\"ReadAction\",\"target\":[\"https:\/\/crusoe.com.br\/crusoe-variedades\/grupo-tenta-acessar-ilha-no-rio-de-janeiro-e-precisam-ser-resgatadas-pelo-corpo-de-bombeiros\/\"]}]},{\"@type\":\"ImageObject\",\"inLanguage\":\"pt-BR\",\"@id\":\"https:\/\/crusoe.com.br\/crusoe-variedades\/grupo-tenta-acessar-ilha-no-rio-de-janeiro-e-precisam-ser-resgatadas-pelo-corpo-de-bombeiros\/#primaryimage\",\"url\":\"https:\/\/cdn.crusoe.com.br\/uploads\/2026\/08\/grupo-tenta-acessar-ilha-no-rio-de-janeiro-e-precisam-s.jpg\",\"contentUrl\":\"https:\/\/cdn.crusoe.com.br\/uploads\/2026\/08\/grupo-tenta-acessar-ilha-no-rio-de-janeiro-e-precisam-s.jpg\",\"width\":1280,\"height\":854,\"caption\":\"Grupo tenta acessar ilha no Rio de Janeiro e precisam ser resgatadas pelo Corpo de Bombeiros - Imagem: Pixabay\"},{\"@type\":\"BreadcrumbList\",\"@id\":\"https:\/\/crusoe.com.br\/crusoe-variedades\/grupo-tenta-acessar-ilha-no-rio-de-janeiro-e-precisam-ser-resgatadas-pelo-corpo-de-bombeiros\/#breadcrumb\",\"itemListElement\":[{\"@type\":\"ListItem\",\"position\":1,\"name\":\"Home\",\"item\":\"https:\/\/crusoe.com.br\/crusoe-variedades\/\"},{\"@type\":\"ListItem\",\"position\":2,\"name\":\"Grupo tenta acessar ilha no Rio de Janeiro e precisam ser resgatadas pelo Corpo de Bombeiros\"}]},{\"@type\":\"WebSite\",\"@id\":\"https:\/\/crusoe.com.br\/crusoe-variedades\/#website\",\"url\":\"https:\/\/crusoe.com.br\/crusoe-variedades\/\",\"name\":\"Variedades - Cruso\u00e9\",\"description\":\"\",\"potentialAction\":[{\"@type\":\"SearchAction\",\"target\":{\"@type\":\"EntryPoint\",\"urlTemplate\":\"https:\/\/crusoe.com.br\/crusoe-variedades\/?s={search_term_string}\"},\"query-input\":{\"@type\":\"PropertyValueSpecification\",\"valueRequired\":true,\"valueName\":\"search_term_string\"}}],\"inLanguage\":\"pt-BR\"},{\"@type\":\"Person\",\"@id\":\"https:\/\/crusoe.com.br\/crusoe-variedades\/#\/schema\/person\/b801baefd07f9b448cf1fe24b5b119d8\",\"name\":\"Jeferson da Rosa\",\"image\":{\"@type\":\"ImageObject\",\"inLanguage\":\"pt-BR\",\"@id\":\"https:\/\/crusoe.com.br\/crusoe-variedades\/#\/schema\/person\/image\/\",\"url\":\"https:\/\/secure.gravatar.com\/avatar\/cd7646e328d9670dad7dea8698522e522745eeffcff5b9d08be858e377ce326b?s=96&d=mm&r=g\",\"contentUrl\":\"https:\/\/secure.gravatar.com\/avatar\/cd7646e328d9670dad7dea8698522e522745eeffcff5b9d08be858e377ce326b?s=96&d=mm&r=g\",\"caption\":\"Jeferson da Rosa\"},\"description\":\"Jornalista apaixonado pela profiss\u00e3o\",\"url\":\"https:\/\/crusoe.com.br\/crusoe-variedades\/author\/jeferson-da-rosa\/\"}]}<\/script>\n<!-- \/ Yoast SEO plugin. -->","yoast_head_json":{"title":"Grupo tenta acessar ilha no Rio de Janeiro e precisam ser resgatadas pelo Corpo de Bombeiros","robots":{"index":"index","follow":"follow","max-snippet":"max-snippet:-1","max-image-preview":"max-image-preview:large","max-video-preview":"max-video-preview:-1"},"canonical":"https:\/\/crusoe.com.br\/crusoe-variedades\/grupo-tenta-acessar-ilha-no-rio-de-janeiro-e-precisam-ser-resgatadas-pelo-corpo-de-bombeiros\/","og_locale":"pt_BR","og_type":"article","og_title":"Grupo tenta acessar ilha no Rio de Janeiro e precisam ser resgatadas pelo Corpo de Bombeiros","og_description":"Vinte pessoas ficaram \u00e0 deriva no mar da Barra da Tijuca na manh\u00e3 do \u00faltimo domingo (30) quando uma mudan\u00e7a s\u00fabita nos ventos impediu o retorno \u00e0 praia\u2026","og_url":"https:\/\/crusoe.com.br\/crusoe-variedades\/grupo-tenta-acessar-ilha-no-rio-de-janeiro-e-precisam-ser-resgatadas-pelo-corpo-de-bombeiros\/","og_site_name":"Variedades - Cruso\u00e9","article_published_time":"2026-08-31T14:07:27+00:00","author":"Jeferson da Rosa","twitter_card":"summary_large_image","twitter_misc":{"Escrito por":"Jeferson da Rosa","Est. tempo de leitura":"1 minuto"},"schema":{"@context":"https:\/\/schema.org","@graph":[{"@type":"WebPage","@id":"https:\/\/crusoe.com.br\/crusoe-variedades\/grupo-tenta-acessar-ilha-no-rio-de-janeiro-e-precisam-ser-resgatadas-pelo-corpo-de-bombeiros\/","url":"https:\/\/crusoe.com.br\/crusoe-variedades\/grupo-tenta-acessar-ilha-no-rio-de-janeiro-e-precisam-ser-resgatadas-pelo-corpo-de-bombeiros\/","name":"Grupo tenta acessar ilha no Rio de Janeiro e precisam ser resgatadas pelo Corpo de Bombeiros","isPartOf":{"@id":"https:\/\/crusoe.com.br\/crusoe-variedades\/#website"},"primaryImageOfPage":{"@id":"https:\/\/crusoe.com.br\/crusoe-variedades\/grupo-tenta-acessar-ilha-no-rio-de-janeiro-e-precisam-ser-resgatadas-pelo-corpo-de-bombeiros\/#primaryimage"},"image":{"@id":"https:\/\/crusoe.com.br\/crusoe-variedades\/grupo-tenta-acessar-ilha-no-rio-de-janeiro-e-precisam-ser-resgatadas-pelo-corpo-de-bombeiros\/#primaryimage"},"thumbnailUrl":"https:\/\/cdn.crusoe.com.br\/uploads\/2026\/08\/grupo-tenta-acessar-ilha-no-rio-de-janeiro-e-precisam-s.jpg","datePublished":"2026-08-31T14:07:27+00:00","author":{"@id":"https:\/\/crusoe.com.br\/crusoe-variedades\/#\/schema\/person\/b801baefd07f9b448cf1fe24b5b119d8"},"breadcrumb":{"@id":"https:\/\/crusoe.com.br\/crusoe-variedades\/grupo-tenta-acessar-ilha-no-rio-de-janeiro-e-precisam-ser-resgatadas-pelo-corpo-de-bombeiros\/#breadcrumb"},"inLanguage":"pt-BR","potentialAction":[{"@type":"ReadAction","target":["https:\/\/crusoe.com.br\/crusoe-variedades\/grupo-tenta-acessar-ilha-no-rio-de-janeiro-e-precisam-ser-resgatadas-pelo-corpo-de-bombeiros\/"]}]},{"@type":"ImageObject","inLanguage":"pt-BR","@id":"https:\/\/crusoe.com.br\/crusoe-variedades\/grupo-tenta-acessar-ilha-no-rio-de-janeiro-e-precisam-ser-resgatadas-pelo-corpo-de-bombeiros\/#primaryimage","url":"https:\/\/cdn.crusoe.com.br\/uploads\/2026\/08\/grupo-tenta-acessar-ilha-no-rio-de-janeiro-e-precisam-s.jpg","contentUrl":"https:\/\/cdn.crusoe.com.br\/uploads\/2026\/08\/grupo-tenta-acessar-ilha-no-rio-de-janeiro-e-precisam-s.jpg","width":1280,"height":854,"caption":"Grupo tenta acessar ilha no Rio de Janeiro e precisam ser resgatadas pelo Corpo de Bombeiros - Imagem: Pixabay"},{"@type":"BreadcrumbList","@id":"https:\/\/crusoe.com.br\/crusoe-variedades\/grupo-tenta-acessar-ilha-no-rio-de-janeiro-e-precisam-ser-resgatadas-pelo-corpo-de-bombeiros\/#breadcrumb","itemListElement":[{"@type":"ListItem","position":1,"name":"Home","item":"https:\/\/crusoe.com.br\/crusoe-variedades\/"},{"@type":"ListItem","position":2,"name":"Grupo tenta acessar ilha no Rio de Janeiro e precisam ser resgatadas pelo Corpo de Bombeiros"}]},{"@type":"WebSite","@id":"https:\/\/crusoe.com.br\/crusoe-variedades\/#website","url":"https:\/\/crusoe.com.br\/crusoe-variedades\/","name":"Variedades - Cruso\u00e9","description":"","potentialAction":[{"@type":"SearchAction","target":{"@type":"EntryPoint","urlTemplate":"https:\/\/crusoe.com.br\/crusoe-variedades\/?s={search_term_string}"},"query-input":{"@type":"PropertyValueSpecification","valueRequired":true,"valueName":"search_term_string"}}],"inLanguage":"pt-BR"},{"@type":"Person","@id":"https:\/\/crusoe.com.br\/crusoe-variedades\/#\/schema\/person\/b801baefd07f9b448cf1fe24b5b119d8","name":"Jeferson da Rosa","image":{"@type":"ImageObject","inLanguage":"pt-BR","@id":"https:\/\/crusoe.com.br\/crusoe-variedades\/#\/schema\/person\/image\/","url":"https:\/\/secure.gravatar.com\/avatar\/cd7646e328d9670dad7dea8698522e522745eeffcff5b9d08be858e377ce326b?s=96&d=mm&r=g","contentUrl":"https:\/\/secure.gravatar.com\/avatar\/cd7646e328d9670dad7dea8698522e522745eeffcff5b9d08be858e377ce326b?s=96&d=mm&r=g","caption":"Jeferson da Rosa"},"description":"Jornalista apaixonado pela profiss\u00e3o","url":"https:\/\/crusoe.com.br\/crusoe-variedades\/author\/jeferson-da-rosa\/"}]}},"_links":{"self":[{"href":"https:\/\/crusoe.com.br\/crusoe-variedades\/wp-json\/wp\/v2\/posts\/45491","targetHints":{"allow":["GET"]}}],"collection":[{"href":"https:\/\/crusoe.com.br\/crusoe-variedades\/wp-json\/wp\/v2\/posts"}],"about":[{"href":"https:\/\/crusoe.com.br\/crusoe-variedades\/wp-json\/wp\/v2\/types\/post"}],"author":[{"embeddable":true,"href":"https:\/\/crusoe.com.br\/crusoe-variedades\/wp-json\/wp\/v2\/users\/21"}],"replies":[{"embeddable":true,"href":"https:\/\/crusoe.com.br\/crusoe-variedades\/wp-json\/wp\/v2\/comments?post=45491"}],"version-history":[{"count":0,"href":"https:\/\/crusoe.com.br\/crusoe-variedades\/wp-json\/wp\/v2\/posts\/45491\/revisions"}],"wp:featuredmedia":[{"embeddable":true,"href":"https:\/\/crusoe.com.br\/crusoe-variedades\/wp-json\/wp\/v2\/media\/45490"}],"wp:attachment":[{"href":"https:\/\/crusoe.com.br\/crusoe-variedades\/wp-json\/wp\/v2\/media?parent=45491"}],"wp:term":[{"taxonomy":"category","embeddable":true,"href":"https:\/\/crusoe.com.br\/crusoe-variedades\/wp-json\/wp\/v2\/categories?post=45491"},{"taxonomy":"post_tag","embeddable":true,"href":"https:\/\/crusoe.com.br\/crusoe-variedades\/wp-json\/wp\/v2\/tags?post=45491"}],"curies":[{"name":"wp","href":"https:\/\/api.w.org\/{rel}","templated":true}]}}