{"id":45468,"date":"2026-08-31T22:32:57","date_gmt":"2026-09-01T01:32:57","guid":{"rendered":"https:\/\/crusoe.com.br\/crusoe-variedades\/?p=45468"},"modified":"2026-08-31T09:46:37","modified_gmt":"2026-08-31T12:46:37","slug":"titular-em-duas-copas-do-mundo-brasileiro-e-contratado-pelo-barcelona","status":"publish","type":"post","link":"https:\/\/crusoe.com.br\/crusoe-variedades\/titular-em-duas-copas-do-mundo-brasileiro-e-contratado-pelo-barcelona\/","title":{"rendered":"Titular em duas Copas do Mundo, brasileiro \u00e9 contratado pelo Barcelona"},"content":{"rendered":"<p>O <strong>Barcelona<\/strong> chegou a um acordo com o <strong>Arsenal<\/strong> pela contrata\u00e7\u00e3o definitiva do atacante <strong>Gabriel Jesus<\/strong>, de 29 anos, e est\u00e1 a poucas horas de anunciar oficialmente o novo camisa 9 da equipe.<\/p>\n<p>A informa\u00e7\u00e3o foi divulgada inicialmente pelo jornal espanhol <em>Mundo Desportivo<\/em> e confirmada na manh\u00e3 deste domingo (30) pelo jornalista <strong>Fabrizio Romano<\/strong>, que divulgou o cl\u00e1ssico &#8220;here we go&#8221; em suas redes sociais.<\/p>\n<p>Segundo Romano, o Arsenal receber\u00e1 10 milh\u00f5es de euros (cerca de R$ 60,1 milh\u00f5es na cota\u00e7\u00e3o atual), al\u00e9m de b\u00f4nus por desempenho, pela transfer\u00eancia em definitivo do brasileiro.<\/p>\n<p>O jogador recebeu autoriza\u00e7\u00e3o da diretoria do clube ingl\u00eas para viajar e tem exames m\u00e9dicos agendados para esta segunda-feira (31) no <strong>Spotify Camp Nou<\/strong>. Caso os resultados sejam favor\u00e1veis, a assinatura do contrato deve ocorrer ainda no mesmo dia.<\/p>\n<h2>O contrato<\/h2>\n<p>De acordo com o jornal espanhol, Gabriel Jesus assinar\u00e1 com o Barcelona por duas temporadas, at\u00e9 junho de 2028, com op\u00e7\u00e3o de extens\u00e3o por mais um ano. O refor\u00e7o chega para refor\u00e7ar o ataque comandado pelo t\u00e9cnico <strong>Hansi Flick<\/strong> e pelo diretor esportivo <strong>Deco<\/strong>, que buscavam um centroavante ap\u00f3s as sa\u00eddas de <strong>Robert Lewandowski<\/strong> e <strong>Ferran Torres<\/strong>.<\/p>\n<p>A escolha por Jesus veio ap\u00f3s o clube catal\u00e3o n\u00e3o conseguir avan\u00e7ar nas negocia\u00e7\u00f5es por <strong>Juli\u00e1n \u00c1lvarez<\/strong>, do <strong>Atl\u00e9tico de Madrid<\/strong>, neg\u00f3cio que segue em aberto para a pr\u00f3xima janela.<\/p>\n<p>Segundo analistas, a sa\u00edda de Jesus do Arsenal n\u00e3o \u00e9 surpresa, pois ap\u00f3s quatro temporadas no clube londrino, Gabriel Jesus perdeu espa\u00e7o com o t\u00e9cnico <strong>Mikel Arteta<\/strong> e foi preterido nas duas primeiras partidas oficiais da temporada 2026\/27.<\/p>\n<p>Na \u00faltima campanha, disputou 27 jogos e marcou seis gols. O interesse do <strong>Napoli<\/strong>, da <strong>It\u00e1lia<\/strong>, e de clubes da <strong>Turquia<\/strong> n\u00e3o se concretizou, e a chegada da proposta do Barcelona selou a decis\u00e3o.<\/p>\n<h2>Trajet\u00f3ria de Gabriel Jesus<\/h2>\n<p>Revelado pelo <strong>Palmeiras<\/strong>, Gabriel Jesus se destacou na temporada de 2016 e foi contratado pelo <strong>Manchester City<\/strong>, onde permaneceu por cinco temporadas. Titular nas <strong>Copas do Mundo de 2018 e 2022<\/strong> pela <strong>Sele\u00e7\u00e3o Brasileira<\/strong>, o atacante se tornou um dos nomes mais conhecidos do futebol nacional na <strong>Europa<\/strong>.<\/p>\n<p>Vale destacar tamb\u00e9m que a entrada no Barcelona marca a primeira experi\u00eancia do atleta na <strong>LaLiga<\/strong>, a liga espanhola de futebol.<\/p>\n<p>A janela de transfer\u00eancias da <strong>Espanha<\/strong> fecha nesta ter\u00e7a-feira (1\u00ba), o que pressiona os clubes a concluir os tr\u00e2mites burocr\u00e1ticos em 24 horas. Com o acordo j\u00e1 fechado e o jogador a caminho da <strong>Catalunha<\/strong>, a expectativa \u00e9 de que o Barcelona anuncie a contrata\u00e7\u00e3o ainda hoje.<\/p>\n<p>&nbsp;<\/p>\n","protected":false},"excerpt":{"rendered":"<p>O Barcelona chegou a um acordo com o Arsenal pela contrata\u00e7\u00e3o definitiva do atacante Gabriel Jesus, de 29 anos, e est\u00e1 a poucas horas de anunciar oficialmente o novo camisa 9 da equipe. A informa\u00e7\u00e3o foi divulgada inicialmente pelo jornal espanhol Mundo Desportivo e confirmada na manh\u00e3 deste domingo (30) pelo jornalista Fabrizio Romano, que [&hellip;]<\/p>\n","protected":false},"author":15,"featured_media":45469,"comment_status":"open","ping_status":"open","sticky":false,"template":"","format":"standard","meta":{"jnews-multi-image_gallery":[],"jnews_single_post":[],"jnews_primary_category":[],"jnews_override_counter":[],"jnews_post_split":[],"footnotes":""},"categories":[1],"tags":[],"class_list":["post-45468","post","type-post","status-publish","format-standard","has-post-thumbnail","hentry","category-geral"],"yoast_head":"<!-- This site is optimized with the Yoast SEO plugin v25.0 - https:\/\/yoast.com\/wordpress\/plugins\/seo\/ -->\n<title>Titular em duas Copas do Mundo, brasileiro \u00e9 contratado pelo Barcelona<\/title>\n<meta name=\"robots\" content=\"index, follow, max-snippet:-1, max-image-preview:large, max-video-preview:-1\" \/>\n<link rel=\"canonical\" href=\"https:\/\/crusoe.com.br\/crusoe-variedades\/titular-em-duas-copas-do-mundo-brasileiro-e-contratado-pelo-barcelona\/\" \/>\n<meta property=\"og:locale\" content=\"pt_BR\" \/>\n<meta property=\"og:type\" content=\"article\" \/>\n<meta property=\"og:title\" content=\"Titular em duas Copas do Mundo, brasileiro \u00e9 contratado pelo Barcelona\" \/>\n<meta property=\"og:description\" content=\"O Barcelona chegou a um acordo com o Arsenal pela contrata\u00e7\u00e3o definitiva do atacante Gabriel Jesus, de 29 anos, e est\u00e1 a poucas horas de anunciar oficialmente o novo camisa 9 da equipe. A informa\u00e7\u00e3o foi divulgada inicialmente pelo jornal espanhol Mundo Desportivo e confirmada na manh\u00e3 deste domingo (30) pelo jornalista Fabrizio Romano, que [&hellip;]\" \/>\n<meta property=\"og:url\" content=\"https:\/\/crusoe.com.br\/crusoe-variedades\/titular-em-duas-copas-do-mundo-brasileiro-e-contratado-pelo-barcelona\/\" \/>\n<meta property=\"og:site_name\" content=\"Variedades - Cruso\u00e9\" \/>\n<meta property=\"article:published_time\" content=\"2026-09-01T01:32:57+00:00\" \/>\n<meta property=\"og:image\" content=\"https:\/\/cdn.crusoe.com.br\/uploads\/2026\/08\/\ud83d\udc86\ud83c\udffe_\u2642\ufe0f\ud83d\udcaa\ud83c\udffe\u26bd\ufe0f-1.jpg\" \/>\n\t<meta property=\"og:image:width\" content=\"1170\" \/>\n\t<meta property=\"og:image:height\" content=\"620\" \/>\n\t<meta property=\"og:image:type\" content=\"image\/jpeg\" \/>\n<meta name=\"author\" content=\"J\u00falio Nesi\" \/>\n<meta name=\"twitter:card\" content=\"summary_large_image\" \/>\n<meta name=\"twitter:label1\" content=\"Escrito por\" \/>\n\t<meta name=\"twitter:data1\" content=\"J\u00falio Nesi\" \/>\n\t<meta name=\"twitter:label2\" content=\"Est. tempo de leitura\" \/>\n\t<meta name=\"twitter:data2\" content=\"3 minutos\" \/>\n<script type=\"application\/ld+json\" class=\"yoast-schema-graph\">{\"@context\":\"https:\/\/schema.org\",\"@graph\":[{\"@type\":\"WebPage\",\"@id\":\"https:\/\/crusoe.com.br\/crusoe-variedades\/titular-em-duas-copas-do-mundo-brasileiro-e-contratado-pelo-barcelona\/\",\"url\":\"https:\/\/crusoe.com.br\/crusoe-variedades\/titular-em-duas-copas-do-mundo-brasileiro-e-contratado-pelo-barcelona\/\",\"name\":\"Titular em duas Copas do Mundo, brasileiro \u00e9 contratado pelo Barcelona\",\"isPartOf\":{\"@id\":\"https:\/\/crusoe.com.br\/crusoe-variedades\/#website\"},\"primaryImageOfPage\":{\"@id\":\"https:\/\/crusoe.com.br\/crusoe-variedades\/titular-em-duas-copas-do-mundo-brasileiro-e-contratado-pelo-barcelona\/#primaryimage\"},\"image\":{\"@id\":\"https:\/\/crusoe.com.br\/crusoe-variedades\/titular-em-duas-copas-do-mundo-brasileiro-e-contratado-pelo-barcelona\/#primaryimage\"},\"thumbnailUrl\":\"https:\/\/cdn.crusoe.com.br\/uploads\/2026\/08\/\ud83d\udc86\ud83c\udffe_\u2642\ufe0f\ud83d\udcaa\ud83c\udffe\u26bd\ufe0f-1.jpg\",\"datePublished\":\"2026-09-01T01:32:57+00:00\",\"author\":{\"@id\":\"https:\/\/crusoe.com.br\/crusoe-variedades\/#\/schema\/person\/0cca5874eda7d72cef71e77a9a9c2143\"},\"breadcrumb\":{\"@id\":\"https:\/\/crusoe.com.br\/crusoe-variedades\/titular-em-duas-copas-do-mundo-brasileiro-e-contratado-pelo-barcelona\/#breadcrumb\"},\"inLanguage\":\"pt-BR\",\"potentialAction\":[{\"@type\":\"ReadAction\",\"target\":[\"https:\/\/crusoe.com.br\/crusoe-variedades\/titular-em-duas-copas-do-mundo-brasileiro-e-contratado-pelo-barcelona\/\"]}]},{\"@type\":\"ImageObject\",\"inLanguage\":\"pt-BR\",\"@id\":\"https:\/\/crusoe.com.br\/crusoe-variedades\/titular-em-duas-copas-do-mundo-brasileiro-e-contratado-pelo-barcelona\/#primaryimage\",\"url\":\"https:\/\/cdn.crusoe.com.br\/uploads\/2026\/08\/\ud83d\udc86\ud83c\udffe_\u2642\ufe0f\ud83d\udcaa\ud83c\udffe\u26bd\ufe0f-1.jpg\",\"contentUrl\":\"https:\/\/cdn.crusoe.com.br\/uploads\/2026\/08\/\ud83d\udc86\ud83c\udffe_\u2642\ufe0f\ud83d\udcaa\ud83c\udffe\u26bd\ufe0f-1.jpg\",\"width\":1170,\"height\":620,\"caption\":\"O jogador Gabriel Jesus. Foto: Instagram (@dejesusoficial)\"},{\"@type\":\"BreadcrumbList\",\"@id\":\"https:\/\/crusoe.com.br\/crusoe-variedades\/titular-em-duas-copas-do-mundo-brasileiro-e-contratado-pelo-barcelona\/#breadcrumb\",\"itemListElement\":[{\"@type\":\"ListItem\",\"position\":1,\"name\":\"Home\",\"item\":\"https:\/\/crusoe.com.br\/crusoe-variedades\/\"},{\"@type\":\"ListItem\",\"position\":2,\"name\":\"Titular em duas Copas do Mundo, brasileiro \u00e9 contratado pelo Barcelona\"}]},{\"@type\":\"WebSite\",\"@id\":\"https:\/\/crusoe.com.br\/crusoe-variedades\/#website\",\"url\":\"https:\/\/crusoe.com.br\/crusoe-variedades\/\",\"name\":\"Variedades - Cruso\u00e9\",\"description\":\"\",\"potentialAction\":[{\"@type\":\"SearchAction\",\"target\":{\"@type\":\"EntryPoint\",\"urlTemplate\":\"https:\/\/crusoe.com.br\/crusoe-variedades\/?s={search_term_string}\"},\"query-input\":{\"@type\":\"PropertyValueSpecification\",\"valueRequired\":true,\"valueName\":\"search_term_string\"}}],\"inLanguage\":\"pt-BR\"},{\"@type\":\"Person\",\"@id\":\"https:\/\/crusoe.com.br\/crusoe-variedades\/#\/schema\/person\/0cca5874eda7d72cef71e77a9a9c2143\",\"name\":\"J\u00falio Nesi\",\"image\":{\"@type\":\"ImageObject\",\"inLanguage\":\"pt-BR\",\"@id\":\"https:\/\/crusoe.com.br\/crusoe-variedades\/#\/schema\/person\/image\/\",\"url\":\"https:\/\/secure.gravatar.com\/avatar\/c22eb47c3e2320e71637346b980e09f63de9f75742d3335f94a26b83dff70473?s=96&d=mm&r=g\",\"contentUrl\":\"https:\/\/secure.gravatar.com\/avatar\/c22eb47c3e2320e71637346b980e09f63de9f75742d3335f94a26b83dff70473?s=96&d=mm&r=g\",\"caption\":\"J\u00falio Nesi\"},\"description\":\"Jornalista alagoano formado pela UFAL, j\u00e1 atuei em produ\u00e7\u00e3o de conte\u00fado digital para portais, r\u00e1dio e redes sociais.\",\"sameAs\":[\"www.linkedin.com\/in\/j\u00falio-nesi\"],\"url\":\"https:\/\/crusoe.com.br\/crusoe-variedades\/author\/julionesi\/\"}]}<\/script>\n<!-- \/ Yoast SEO plugin. -->","yoast_head_json":{"title":"Titular em duas Copas do Mundo, brasileiro \u00e9 contratado pelo Barcelona","robots":{"index":"index","follow":"follow","max-snippet":"max-snippet:-1","max-image-preview":"max-image-preview:large","max-video-preview":"max-video-preview:-1"},"canonical":"https:\/\/crusoe.com.br\/crusoe-variedades\/titular-em-duas-copas-do-mundo-brasileiro-e-contratado-pelo-barcelona\/","og_locale":"pt_BR","og_type":"article","og_title":"Titular em duas Copas do Mundo, brasileiro \u00e9 contratado pelo Barcelona","og_description":"O Barcelona chegou a um acordo com o Arsenal pela contrata\u00e7\u00e3o definitiva do atacante Gabriel Jesus, de 29 anos, e est\u00e1 a poucas horas de anunciar oficialmente o novo camisa 9 da equipe. A informa\u00e7\u00e3o foi divulgada inicialmente pelo jornal espanhol Mundo Desportivo e confirmada na manh\u00e3 deste domingo (30) pelo jornalista Fabrizio Romano, que [&hellip;]","og_url":"https:\/\/crusoe.com.br\/crusoe-variedades\/titular-em-duas-copas-do-mundo-brasileiro-e-contratado-pelo-barcelona\/","og_site_name":"Variedades - Cruso\u00e9","article_published_time":"2026-09-01T01:32:57+00:00","og_image":[{"width":1170,"height":620,"url":"https:\/\/cdn.crusoe.com.br\/uploads\/2026\/08\/\ud83d\udc86\ud83c\udffe_\u2642\ufe0f\ud83d\udcaa\ud83c\udffe\u26bd\ufe0f-1.jpg","type":"image\/jpeg"}],"author":"J\u00falio Nesi","twitter_card":"summary_large_image","twitter_misc":{"Escrito por":"J\u00falio Nesi","Est. tempo de leitura":"3 minutos"},"schema":{"@context":"https:\/\/schema.org","@graph":[{"@type":"WebPage","@id":"https:\/\/crusoe.com.br\/crusoe-variedades\/titular-em-duas-copas-do-mundo-brasileiro-e-contratado-pelo-barcelona\/","url":"https:\/\/crusoe.com.br\/crusoe-variedades\/titular-em-duas-copas-do-mundo-brasileiro-e-contratado-pelo-barcelona\/","name":"Titular em duas Copas do Mundo, brasileiro \u00e9 contratado pelo Barcelona","isPartOf":{"@id":"https:\/\/crusoe.com.br\/crusoe-variedades\/#website"},"primaryImageOfPage":{"@id":"https:\/\/crusoe.com.br\/crusoe-variedades\/titular-em-duas-copas-do-mundo-brasileiro-e-contratado-pelo-barcelona\/#primaryimage"},"image":{"@id":"https:\/\/crusoe.com.br\/crusoe-variedades\/titular-em-duas-copas-do-mundo-brasileiro-e-contratado-pelo-barcelona\/#primaryimage"},"thumbnailUrl":"https:\/\/cdn.crusoe.com.br\/uploads\/2026\/08\/\ud83d\udc86\ud83c\udffe_\u2642\ufe0f\ud83d\udcaa\ud83c\udffe\u26bd\ufe0f-1.jpg","datePublished":"2026-09-01T01:32:57+00:00","author":{"@id":"https:\/\/crusoe.com.br\/crusoe-variedades\/#\/schema\/person\/0cca5874eda7d72cef71e77a9a9c2143"},"breadcrumb":{"@id":"https:\/\/crusoe.com.br\/crusoe-variedades\/titular-em-duas-copas-do-mundo-brasileiro-e-contratado-pelo-barcelona\/#breadcrumb"},"inLanguage":"pt-BR","potentialAction":[{"@type":"ReadAction","target":["https:\/\/crusoe.com.br\/crusoe-variedades\/titular-em-duas-copas-do-mundo-brasileiro-e-contratado-pelo-barcelona\/"]}]},{"@type":"ImageObject","inLanguage":"pt-BR","@id":"https:\/\/crusoe.com.br\/crusoe-variedades\/titular-em-duas-copas-do-mundo-brasileiro-e-contratado-pelo-barcelona\/#primaryimage","url":"https:\/\/cdn.crusoe.com.br\/uploads\/2026\/08\/\ud83d\udc86\ud83c\udffe_\u2642\ufe0f\ud83d\udcaa\ud83c\udffe\u26bd\ufe0f-1.jpg","contentUrl":"https:\/\/cdn.crusoe.com.br\/uploads\/2026\/08\/\ud83d\udc86\ud83c\udffe_\u2642\ufe0f\ud83d\udcaa\ud83c\udffe\u26bd\ufe0f-1.jpg","width":1170,"height":620,"caption":"O jogador Gabriel Jesus. Foto: Instagram (@dejesusoficial)"},{"@type":"BreadcrumbList","@id":"https:\/\/crusoe.com.br\/crusoe-variedades\/titular-em-duas-copas-do-mundo-brasileiro-e-contratado-pelo-barcelona\/#breadcrumb","itemListElement":[{"@type":"ListItem","position":1,"name":"Home","item":"https:\/\/crusoe.com.br\/crusoe-variedades\/"},{"@type":"ListItem","position":2,"name":"Titular em duas Copas do Mundo, brasileiro \u00e9 contratado pelo Barcelona"}]},{"@type":"WebSite","@id":"https:\/\/crusoe.com.br\/crusoe-variedades\/#website","url":"https:\/\/crusoe.com.br\/crusoe-variedades\/","name":"Variedades - Cruso\u00e9","description":"","potentialAction":[{"@type":"SearchAction","target":{"@type":"EntryPoint","urlTemplate":"https:\/\/crusoe.com.br\/crusoe-variedades\/?s={search_term_string}"},"query-input":{"@type":"PropertyValueSpecification","valueRequired":true,"valueName":"search_term_string"}}],"inLanguage":"pt-BR"},{"@type":"Person","@id":"https:\/\/crusoe.com.br\/crusoe-variedades\/#\/schema\/person\/0cca5874eda7d72cef71e77a9a9c2143","name":"J\u00falio Nesi","image":{"@type":"ImageObject","inLanguage":"pt-BR","@id":"https:\/\/crusoe.com.br\/crusoe-variedades\/#\/schema\/person\/image\/","url":"https:\/\/secure.gravatar.com\/avatar\/c22eb47c3e2320e71637346b980e09f63de9f75742d3335f94a26b83dff70473?s=96&d=mm&r=g","contentUrl":"https:\/\/secure.gravatar.com\/avatar\/c22eb47c3e2320e71637346b980e09f63de9f75742d3335f94a26b83dff70473?s=96&d=mm&r=g","caption":"J\u00falio Nesi"},"description":"Jornalista alagoano formado pela UFAL, j\u00e1 atuei em produ\u00e7\u00e3o de conte\u00fado digital para portais, r\u00e1dio e redes sociais.","sameAs":["www.linkedin.com\/in\/j\u00falio-nesi"],"url":"https:\/\/crusoe.com.br\/crusoe-variedades\/author\/julionesi\/"}]}},"_links":{"self":[{"href":"https:\/\/crusoe.com.br\/crusoe-variedades\/wp-json\/wp\/v2\/posts\/45468","targetHints":{"allow":["GET"]}}],"collection":[{"href":"https:\/\/crusoe.com.br\/crusoe-variedades\/wp-json\/wp\/v2\/posts"}],"about":[{"href":"https:\/\/crusoe.com.br\/crusoe-variedades\/wp-json\/wp\/v2\/types\/post"}],"author":[{"embeddable":true,"href":"https:\/\/crusoe.com.br\/crusoe-variedades\/wp-json\/wp\/v2\/users\/15"}],"replies":[{"embeddable":true,"href":"https:\/\/crusoe.com.br\/crusoe-variedades\/wp-json\/wp\/v2\/comments?post=45468"}],"version-history":[{"count":1,"href":"https:\/\/crusoe.com.br\/crusoe-variedades\/wp-json\/wp\/v2\/posts\/45468\/revisions"}],"predecessor-version":[{"id":45473,"href":"https:\/\/crusoe.com.br\/crusoe-variedades\/wp-json\/wp\/v2\/posts\/45468\/revisions\/45473"}],"wp:featuredmedia":[{"embeddable":true,"href":"https:\/\/crusoe.com.br\/crusoe-variedades\/wp-json\/wp\/v2\/media\/45469"}],"wp:attachment":[{"href":"https:\/\/crusoe.com.br\/crusoe-variedades\/wp-json\/wp\/v2\/media?parent=45468"}],"wp:term":[{"taxonomy":"category","embeddable":true,"href":"https:\/\/crusoe.com.br\/crusoe-variedades\/wp-json\/wp\/v2\/categories?post=45468"},{"taxonomy":"post_tag","embeddable":true,"href":"https:\/\/crusoe.com.br\/crusoe-variedades\/wp-json\/wp\/v2\/tags?post=45468"}],"curies":[{"name":"wp","href":"https:\/\/api.w.org\/{rel}","templated":true}]}}