{"id":45463,"date":"2026-08-31T17:33:56","date_gmt":"2026-08-31T20:33:56","guid":{"rendered":"https:\/\/crusoe.com.br\/crusoe-variedades\/?p=45463"},"modified":"2026-08-31T09:09:30","modified_gmt":"2026-08-31T12:09:30","slug":"com-foco-na-privacidade-meta-atualiza-oculos-inteligentes-com-recurso-anti-assedio","status":"publish","type":"post","link":"https:\/\/crusoe.com.br\/crusoe-variedades\/com-foco-na-privacidade-meta-atualiza-oculos-inteligentes-com-recurso-anti-assedio\/","title":{"rendered":"Com foco na privacidade, Meta atualiza \u00f3culos inteligentes com recurso anti-ass\u00e9dio"},"content":{"rendered":"<p>A <strong>Meta<\/strong> lan\u00e7ou nesta semana uma atualiza\u00e7\u00e3o de software para seus <strong>\u00f3culos inteligentes<\/strong> com <strong>intelig\u00eancia artificial<\/strong> que interrompe automaticamente a grava\u00e7\u00e3o de v\u00eddeo no instante em que o sistema detecta que a <strong>luz de LED<\/strong> indicadora de privacidade foi coberta pelo usu\u00e1rio.<\/p>\n<p>A medida, confirmada publicamente pelo vice-presidente de realidade aumentada da empresa, <strong>Alex Himel<\/strong>, \u00e9 a mais recente numa s\u00e9rie de a\u00e7\u00f5es implementadas nos \u00faltimos meses para coibir o uso do dispositivo para filmar pessoas sem seu conhecimento, o que vem gerando diversas reclama\u00e7\u00f5es de ass\u00e9dio em espa\u00e7os p\u00fablicos.<\/p>\n<h2>O que a atualiza\u00e7\u00e3o corrige?<\/h2>\n<p>No mecanismo anterior, enquanto a luz LED frontal estivesse vis\u00edvel, a grava\u00e7\u00e3o era permitida; se o LED fosse adulterado fisicamente, a c\u00e2mera se desativava. O problema \u00e9 que a verifica\u00e7\u00e3o ocorria apenas no momento da inicializa\u00e7\u00e3o, e isso abriu uma brecha, pois bastava o usu\u00e1rio iniciar a grava\u00e7\u00e3o com o LED vis\u00edvel e, em seguida, tapar a luz.<\/p>\n<p>Com a nova atualiza\u00e7\u00e3o, a Meta passou a monitorar continuamente o estado do LED durante toda a sess\u00e3o de grava\u00e7\u00e3o. Assim que o sensor percebe que a luz foi obstru\u00edda, a capta\u00e7\u00e3o de imagem \u00e9 interrompida imediatamente, independentemente de quando a obstru\u00e7\u00e3o tenha ocorrido.<\/p>\n<p>Vale destacar tamb\u00e9m que a Meta esclareceu que o LED frontal n\u00e3o possui bot\u00e3o de desligar nem qualquer modo de oculta\u00e7\u00e3o leg\u00edtima. Durante a captura de fotos, a luz pisca rapidamente; durante a grava\u00e7\u00e3o de v\u00eddeo, permanece acesa de forma cont\u00ednua.<\/p>\n<p>A empresa afirmou ter avaliado alternativas adicionais para sinalizar a grava\u00e7\u00e3o, como aumentar o volume de um aviso sonoro ou exibir uma notifica\u00e7\u00e3o visual em outros dispositivos, mas descartou essas op\u00e7\u00f5es, mantendo apenas um som em volume baixo, percept\u00edvel primariamente para o pr\u00f3prio usu\u00e1rio.<\/p>\n<h2>\u00d3culos Meta e privacidade<\/h2>\n<p>A pol\u00eamica sobre o uso dos \u00f3culos inteligentes para filmar discretamente ganhou for\u00e7a desde o lan\u00e7amento do produto, com relatos de ass\u00e9dio em caf\u00e9s, transportes p\u00fablicos e eventos sociais, o que levou o acess\u00f3rio a receber o apelido de &#8220;<strong>perv glasses<\/strong>&#8221; (\u00f3culos pervertidos) em alguns pa\u00edses.<\/p>\n<p>Cr\u00edticos argumentam que a presen\u00e7a de c\u00e2meras vest\u00edveis altera a din\u00e2mica de intera\u00e7\u00e3o em espa\u00e7os compartilhados, enquanto defensores apontam que a tecnologia tem usos leg\u00edtimos, como documenta\u00e7\u00e3o, acessibilidade e cria\u00e7\u00e3o de conte\u00fado.<\/p>\n<p>A Meta tem enfatizado que suas atualiza\u00e7\u00f5es buscam preservar o uso leg\u00edtimo do dispositivo enquanto eliminam as vias de uso malicioso, sem restringir funcionalidades para todos os usu\u00e1rios.<\/p>\n<p>A empresa n\u00e3o divulgou dados quantitativos sobre a redu\u00e7\u00e3o de casos de uso il\u00edcito, mas afirmou internamente que as medidas &#8220;j\u00e1 est\u00e3o surtindo efeito para reduzir usos il\u00edcitos do gadget&#8221;.<\/p>\n","protected":false},"excerpt":{"rendered":"<p>A Meta lan\u00e7ou nesta semana uma atualiza\u00e7\u00e3o de software para seus \u00f3culos inteligentes com intelig\u00eancia artificial que interrompe automaticamente a grava\u00e7\u00e3o de v\u00eddeo no instante em que o sistema detecta que a luz de LED indicadora de privacidade foi coberta pelo usu\u00e1rio. A medida, confirmada publicamente pelo vice-presidente de realidade aumentada da empresa, Alex Himel, [&hellip;]<\/p>\n","protected":false},"author":15,"featured_media":45464,"comment_status":"open","ping_status":"open","sticky":false,"template":"","format":"standard","meta":{"jnews-multi-image_gallery":[],"jnews_single_post":[],"jnews_primary_category":[],"jnews_override_counter":[],"jnews_post_split":[],"footnotes":""},"categories":[1],"tags":[],"class_list":["post-45463","post","type-post","status-publish","format-standard","has-post-thumbnail","hentry","category-geral"],"yoast_head":"<!-- This site is optimized with the Yoast SEO plugin v25.0 - https:\/\/yoast.com\/wordpress\/plugins\/seo\/ -->\n<title>Com foco na privacidade, Meta atualiza \u00f3culos inteligentes com recurso anti-ass\u00e9dio<\/title>\n<meta name=\"robots\" content=\"index, follow, max-snippet:-1, max-image-preview:large, max-video-preview:-1\" \/>\n<link rel=\"canonical\" href=\"https:\/\/crusoe.com.br\/crusoe-variedades\/com-foco-na-privacidade-meta-atualiza-oculos-inteligentes-com-recurso-anti-assedio\/\" \/>\n<meta property=\"og:locale\" content=\"pt_BR\" \/>\n<meta property=\"og:type\" content=\"article\" \/>\n<meta property=\"og:title\" content=\"Com foco na privacidade, Meta atualiza \u00f3culos inteligentes com recurso anti-ass\u00e9dio\" \/>\n<meta property=\"og:description\" content=\"A Meta lan\u00e7ou nesta semana uma atualiza\u00e7\u00e3o de software para seus \u00f3culos inteligentes com intelig\u00eancia artificial que interrompe automaticamente a grava\u00e7\u00e3o de v\u00eddeo no instante em que o sistema detecta que a luz de LED indicadora de privacidade foi coberta pelo usu\u00e1rio. A medida, confirmada publicamente pelo vice-presidente de realidade aumentada da empresa, Alex Himel, [&hellip;]\" \/>\n<meta property=\"og:url\" content=\"https:\/\/crusoe.com.br\/crusoe-variedades\/com-foco-na-privacidade-meta-atualiza-oculos-inteligentes-com-recurso-anti-assedio\/\" \/>\n<meta property=\"og:site_name\" content=\"Variedades - Cruso\u00e9\" \/>\n<meta property=\"article:published_time\" content=\"2026-08-31T20:33:56+00:00\" \/>\n<meta property=\"og:image\" content=\"https:\/\/cdn.crusoe.com.br\/uploads\/2026\/08\/meta-ray-ban-display-meta-ai.webp\" \/>\n\t<meta property=\"og:image:width\" content=\"860\" \/>\n\t<meta property=\"og:image:height\" content=\"454\" \/>\n\t<meta property=\"og:image:type\" content=\"image\/webp\" \/>\n<meta name=\"author\" content=\"J\u00falio Nesi\" \/>\n<meta name=\"twitter:card\" content=\"summary_large_image\" \/>\n<meta name=\"twitter:label1\" content=\"Escrito por\" \/>\n\t<meta name=\"twitter:data1\" content=\"J\u00falio Nesi\" \/>\n\t<meta name=\"twitter:label2\" content=\"Est. tempo de leitura\" \/>\n\t<meta name=\"twitter:data2\" content=\"3 minutos\" \/>\n<script type=\"application\/ld+json\" class=\"yoast-schema-graph\">{\"@context\":\"https:\/\/schema.org\",\"@graph\":[{\"@type\":\"WebPage\",\"@id\":\"https:\/\/crusoe.com.br\/crusoe-variedades\/com-foco-na-privacidade-meta-atualiza-oculos-inteligentes-com-recurso-anti-assedio\/\",\"url\":\"https:\/\/crusoe.com.br\/crusoe-variedades\/com-foco-na-privacidade-meta-atualiza-oculos-inteligentes-com-recurso-anti-assedio\/\",\"name\":\"Com foco na privacidade, Meta atualiza \u00f3culos inteligentes com recurso anti-ass\u00e9dio\",\"isPartOf\":{\"@id\":\"https:\/\/crusoe.com.br\/crusoe-variedades\/#website\"},\"primaryImageOfPage\":{\"@id\":\"https:\/\/crusoe.com.br\/crusoe-variedades\/com-foco-na-privacidade-meta-atualiza-oculos-inteligentes-com-recurso-anti-assedio\/#primaryimage\"},\"image\":{\"@id\":\"https:\/\/crusoe.com.br\/crusoe-variedades\/com-foco-na-privacidade-meta-atualiza-oculos-inteligentes-com-recurso-anti-assedio\/#primaryimage\"},\"thumbnailUrl\":\"https:\/\/cdn.crusoe.com.br\/uploads\/2026\/08\/meta-ray-ban-display-meta-ai.webp\",\"datePublished\":\"2026-08-31T20:33:56+00:00\",\"author\":{\"@id\":\"https:\/\/crusoe.com.br\/crusoe-variedades\/#\/schema\/person\/0cca5874eda7d72cef71e77a9a9c2143\"},\"breadcrumb\":{\"@id\":\"https:\/\/crusoe.com.br\/crusoe-variedades\/com-foco-na-privacidade-meta-atualiza-oculos-inteligentes-com-recurso-anti-assedio\/#breadcrumb\"},\"inLanguage\":\"pt-BR\",\"potentialAction\":[{\"@type\":\"ReadAction\",\"target\":[\"https:\/\/crusoe.com.br\/crusoe-variedades\/com-foco-na-privacidade-meta-atualiza-oculos-inteligentes-com-recurso-anti-assedio\/\"]}]},{\"@type\":\"ImageObject\",\"inLanguage\":\"pt-BR\",\"@id\":\"https:\/\/crusoe.com.br\/crusoe-variedades\/com-foco-na-privacidade-meta-atualiza-oculos-inteligentes-com-recurso-anti-assedio\/#primaryimage\",\"url\":\"https:\/\/cdn.crusoe.com.br\/uploads\/2026\/08\/meta-ray-ban-display-meta-ai.webp\",\"contentUrl\":\"https:\/\/cdn.crusoe.com.br\/uploads\/2026\/08\/meta-ray-ban-display-meta-ai.webp\",\"width\":860,\"height\":454,\"caption\":\"\u00d3culos inteligentes da Meta. Foto: Divulga\u00e7\u00e3o \/ Meta\"},{\"@type\":\"BreadcrumbList\",\"@id\":\"https:\/\/crusoe.com.br\/crusoe-variedades\/com-foco-na-privacidade-meta-atualiza-oculos-inteligentes-com-recurso-anti-assedio\/#breadcrumb\",\"itemListElement\":[{\"@type\":\"ListItem\",\"position\":1,\"name\":\"Home\",\"item\":\"https:\/\/crusoe.com.br\/crusoe-variedades\/\"},{\"@type\":\"ListItem\",\"position\":2,\"name\":\"Com foco na privacidade, Meta atualiza \u00f3culos inteligentes com recurso anti-ass\u00e9dio\"}]},{\"@type\":\"WebSite\",\"@id\":\"https:\/\/crusoe.com.br\/crusoe-variedades\/#website\",\"url\":\"https:\/\/crusoe.com.br\/crusoe-variedades\/\",\"name\":\"Variedades - Cruso\u00e9\",\"description\":\"\",\"potentialAction\":[{\"@type\":\"SearchAction\",\"target\":{\"@type\":\"EntryPoint\",\"urlTemplate\":\"https:\/\/crusoe.com.br\/crusoe-variedades\/?s={search_term_string}\"},\"query-input\":{\"@type\":\"PropertyValueSpecification\",\"valueRequired\":true,\"valueName\":\"search_term_string\"}}],\"inLanguage\":\"pt-BR\"},{\"@type\":\"Person\",\"@id\":\"https:\/\/crusoe.com.br\/crusoe-variedades\/#\/schema\/person\/0cca5874eda7d72cef71e77a9a9c2143\",\"name\":\"J\u00falio Nesi\",\"image\":{\"@type\":\"ImageObject\",\"inLanguage\":\"pt-BR\",\"@id\":\"https:\/\/crusoe.com.br\/crusoe-variedades\/#\/schema\/person\/image\/\",\"url\":\"https:\/\/secure.gravatar.com\/avatar\/c22eb47c3e2320e71637346b980e09f63de9f75742d3335f94a26b83dff70473?s=96&d=mm&r=g\",\"contentUrl\":\"https:\/\/secure.gravatar.com\/avatar\/c22eb47c3e2320e71637346b980e09f63de9f75742d3335f94a26b83dff70473?s=96&d=mm&r=g\",\"caption\":\"J\u00falio Nesi\"},\"description\":\"Jornalista alagoano formado pela UFAL, j\u00e1 atuei em produ\u00e7\u00e3o de conte\u00fado digital para portais, r\u00e1dio e redes sociais.\",\"sameAs\":[\"www.linkedin.com\/in\/j\u00falio-nesi\"],\"url\":\"https:\/\/crusoe.com.br\/crusoe-variedades\/author\/julionesi\/\"}]}<\/script>\n<!-- \/ Yoast SEO plugin. -->","yoast_head_json":{"title":"Com foco na privacidade, Meta atualiza \u00f3culos inteligentes com recurso anti-ass\u00e9dio","robots":{"index":"index","follow":"follow","max-snippet":"max-snippet:-1","max-image-preview":"max-image-preview:large","max-video-preview":"max-video-preview:-1"},"canonical":"https:\/\/crusoe.com.br\/crusoe-variedades\/com-foco-na-privacidade-meta-atualiza-oculos-inteligentes-com-recurso-anti-assedio\/","og_locale":"pt_BR","og_type":"article","og_title":"Com foco na privacidade, Meta atualiza \u00f3culos inteligentes com recurso anti-ass\u00e9dio","og_description":"A Meta lan\u00e7ou nesta semana uma atualiza\u00e7\u00e3o de software para seus \u00f3culos inteligentes com intelig\u00eancia artificial que interrompe automaticamente a grava\u00e7\u00e3o de v\u00eddeo no instante em que o sistema detecta que a luz de LED indicadora de privacidade foi coberta pelo usu\u00e1rio. A medida, confirmada publicamente pelo vice-presidente de realidade aumentada da empresa, Alex Himel, [&hellip;]","og_url":"https:\/\/crusoe.com.br\/crusoe-variedades\/com-foco-na-privacidade-meta-atualiza-oculos-inteligentes-com-recurso-anti-assedio\/","og_site_name":"Variedades - Cruso\u00e9","article_published_time":"2026-08-31T20:33:56+00:00","og_image":[{"width":860,"height":454,"url":"https:\/\/cdn.crusoe.com.br\/uploads\/2026\/08\/meta-ray-ban-display-meta-ai.webp","type":"image\/webp"}],"author":"J\u00falio Nesi","twitter_card":"summary_large_image","twitter_misc":{"Escrito por":"J\u00falio Nesi","Est. tempo de leitura":"3 minutos"},"schema":{"@context":"https:\/\/schema.org","@graph":[{"@type":"WebPage","@id":"https:\/\/crusoe.com.br\/crusoe-variedades\/com-foco-na-privacidade-meta-atualiza-oculos-inteligentes-com-recurso-anti-assedio\/","url":"https:\/\/crusoe.com.br\/crusoe-variedades\/com-foco-na-privacidade-meta-atualiza-oculos-inteligentes-com-recurso-anti-assedio\/","name":"Com foco na privacidade, Meta atualiza \u00f3culos inteligentes com recurso anti-ass\u00e9dio","isPartOf":{"@id":"https:\/\/crusoe.com.br\/crusoe-variedades\/#website"},"primaryImageOfPage":{"@id":"https:\/\/crusoe.com.br\/crusoe-variedades\/com-foco-na-privacidade-meta-atualiza-oculos-inteligentes-com-recurso-anti-assedio\/#primaryimage"},"image":{"@id":"https:\/\/crusoe.com.br\/crusoe-variedades\/com-foco-na-privacidade-meta-atualiza-oculos-inteligentes-com-recurso-anti-assedio\/#primaryimage"},"thumbnailUrl":"https:\/\/cdn.crusoe.com.br\/uploads\/2026\/08\/meta-ray-ban-display-meta-ai.webp","datePublished":"2026-08-31T20:33:56+00:00","author":{"@id":"https:\/\/crusoe.com.br\/crusoe-variedades\/#\/schema\/person\/0cca5874eda7d72cef71e77a9a9c2143"},"breadcrumb":{"@id":"https:\/\/crusoe.com.br\/crusoe-variedades\/com-foco-na-privacidade-meta-atualiza-oculos-inteligentes-com-recurso-anti-assedio\/#breadcrumb"},"inLanguage":"pt-BR","potentialAction":[{"@type":"ReadAction","target":["https:\/\/crusoe.com.br\/crusoe-variedades\/com-foco-na-privacidade-meta-atualiza-oculos-inteligentes-com-recurso-anti-assedio\/"]}]},{"@type":"ImageObject","inLanguage":"pt-BR","@id":"https:\/\/crusoe.com.br\/crusoe-variedades\/com-foco-na-privacidade-meta-atualiza-oculos-inteligentes-com-recurso-anti-assedio\/#primaryimage","url":"https:\/\/cdn.crusoe.com.br\/uploads\/2026\/08\/meta-ray-ban-display-meta-ai.webp","contentUrl":"https:\/\/cdn.crusoe.com.br\/uploads\/2026\/08\/meta-ray-ban-display-meta-ai.webp","width":860,"height":454,"caption":"\u00d3culos inteligentes da Meta. Foto: Divulga\u00e7\u00e3o \/ Meta"},{"@type":"BreadcrumbList","@id":"https:\/\/crusoe.com.br\/crusoe-variedades\/com-foco-na-privacidade-meta-atualiza-oculos-inteligentes-com-recurso-anti-assedio\/#breadcrumb","itemListElement":[{"@type":"ListItem","position":1,"name":"Home","item":"https:\/\/crusoe.com.br\/crusoe-variedades\/"},{"@type":"ListItem","position":2,"name":"Com foco na privacidade, Meta atualiza \u00f3culos inteligentes com recurso anti-ass\u00e9dio"}]},{"@type":"WebSite","@id":"https:\/\/crusoe.com.br\/crusoe-variedades\/#website","url":"https:\/\/crusoe.com.br\/crusoe-variedades\/","name":"Variedades - Cruso\u00e9","description":"","potentialAction":[{"@type":"SearchAction","target":{"@type":"EntryPoint","urlTemplate":"https:\/\/crusoe.com.br\/crusoe-variedades\/?s={search_term_string}"},"query-input":{"@type":"PropertyValueSpecification","valueRequired":true,"valueName":"search_term_string"}}],"inLanguage":"pt-BR"},{"@type":"Person","@id":"https:\/\/crusoe.com.br\/crusoe-variedades\/#\/schema\/person\/0cca5874eda7d72cef71e77a9a9c2143","name":"J\u00falio Nesi","image":{"@type":"ImageObject","inLanguage":"pt-BR","@id":"https:\/\/crusoe.com.br\/crusoe-variedades\/#\/schema\/person\/image\/","url":"https:\/\/secure.gravatar.com\/avatar\/c22eb47c3e2320e71637346b980e09f63de9f75742d3335f94a26b83dff70473?s=96&d=mm&r=g","contentUrl":"https:\/\/secure.gravatar.com\/avatar\/c22eb47c3e2320e71637346b980e09f63de9f75742d3335f94a26b83dff70473?s=96&d=mm&r=g","caption":"J\u00falio Nesi"},"description":"Jornalista alagoano formado pela UFAL, j\u00e1 atuei em produ\u00e7\u00e3o de conte\u00fado digital para portais, r\u00e1dio e redes sociais.","sameAs":["www.linkedin.com\/in\/j\u00falio-nesi"],"url":"https:\/\/crusoe.com.br\/crusoe-variedades\/author\/julionesi\/"}]}},"_links":{"self":[{"href":"https:\/\/crusoe.com.br\/crusoe-variedades\/wp-json\/wp\/v2\/posts\/45463","targetHints":{"allow":["GET"]}}],"collection":[{"href":"https:\/\/crusoe.com.br\/crusoe-variedades\/wp-json\/wp\/v2\/posts"}],"about":[{"href":"https:\/\/crusoe.com.br\/crusoe-variedades\/wp-json\/wp\/v2\/types\/post"}],"author":[{"embeddable":true,"href":"https:\/\/crusoe.com.br\/crusoe-variedades\/wp-json\/wp\/v2\/users\/15"}],"replies":[{"embeddable":true,"href":"https:\/\/crusoe.com.br\/crusoe-variedades\/wp-json\/wp\/v2\/comments?post=45463"}],"version-history":[{"count":1,"href":"https:\/\/crusoe.com.br\/crusoe-variedades\/wp-json\/wp\/v2\/posts\/45463\/revisions"}],"predecessor-version":[{"id":45465,"href":"https:\/\/crusoe.com.br\/crusoe-variedades\/wp-json\/wp\/v2\/posts\/45463\/revisions\/45465"}],"wp:featuredmedia":[{"embeddable":true,"href":"https:\/\/crusoe.com.br\/crusoe-variedades\/wp-json\/wp\/v2\/media\/45464"}],"wp:attachment":[{"href":"https:\/\/crusoe.com.br\/crusoe-variedades\/wp-json\/wp\/v2\/media?parent=45463"}],"wp:term":[{"taxonomy":"category","embeddable":true,"href":"https:\/\/crusoe.com.br\/crusoe-variedades\/wp-json\/wp\/v2\/categories?post=45463"},{"taxonomy":"post_tag","embeddable":true,"href":"https:\/\/crusoe.com.br\/crusoe-variedades\/wp-json\/wp\/v2\/tags?post=45463"}],"curies":[{"name":"wp","href":"https:\/\/api.w.org\/{rel}","templated":true}]}}