{"id":45458,"date":"2026-08-31T13:33:34","date_gmt":"2026-08-31T16:33:34","guid":{"rendered":"https:\/\/crusoe.com.br\/crusoe-variedades\/?p=45458"},"modified":"2026-08-31T07:59:44","modified_gmt":"2026-08-31T10:59:44","slug":"limitacao-no-usos-das-redes-sociais-pode-trazer-beneficios-incalculaveis-para-adolescentes","status":"publish","type":"post","link":"https:\/\/crusoe.com.br\/crusoe-variedades\/limitacao-no-usos-das-redes-sociais-pode-trazer-beneficios-incalculaveis-para-adolescentes\/","title":{"rendered":"Limita\u00e7\u00e3o no usos das redes sociais pode trazer benef\u00edcios incalcul\u00e1veis para adolescentes"},"content":{"rendered":"<p>A <strong>Meta<\/strong>, dona do <strong>Instagram<\/strong>, do <strong>Facebook<\/strong> e do <strong>WhatsApp<\/strong>, fechou na \u00faltima semana um acordo de cerca de US$ 18 bilh\u00f5es com procuradores-gerais dos <strong>Estados Unidos<\/strong> para encerrar o processo que a acusava de desenhar deliberadamente recursos que induzem ao uso compulsivo em <strong>crian\u00e7as e adolescentes<\/strong>.<\/p>\n<p>Apesar dessa vit\u00f3ria, especialistas em <strong>sa\u00fade mental<\/strong> e psic\u00f3logos v\u00eam apontando que o valor do pagamento \u00e9 quase irrelevante diante do que o acordo realmente representa: pela primeira vez, a maior empresa de <strong>redes sociais<\/strong> do mundo aceitou desmontar, a c\u00e9u aberto, a <strong>arquitetura do v\u00edcio<\/strong> que construiu ao longo de uma d\u00e9cada.<\/p>\n<p>O acordo imp\u00f5e um limite de duas horas di\u00e1rias combinadas de uso para menores de 18 anos, bloqueio dos aplicativos da meia-noite \u00e0s 6h da manh\u00e3, notifica\u00e7\u00f5es silenciadas durante o hor\u00e1rio escolar, oculta\u00e7\u00e3o do n\u00famero de curtidas, proibi\u00e7\u00e3o de filtros que simulam procedimentos est\u00e9ticos e a op\u00e7\u00e3o de um feed sem manipula\u00e7\u00e3o algor\u00edtmica.<\/p>\n<p>De acordo com psic\u00f3logos, essa restri\u00e7\u00e3o pode trazer benef\u00edcios incalcul\u00e1veis para a gera\u00e7\u00e3o que cresceu com o smartphone na m\u00e3o.<\/p>\n<h2>Quais s\u00e3o os benef\u00edcios?<\/h2>\n<p>Segundo os especialistas, um conjunto robusto de estudos experimentais e meta-an\u00e1lises sustenta que reduzir o tempo de uso traz melhorias mensur\u00e1veis na sa\u00fade mental adolescente.<\/p>\n<p>Um ensaio controlado randomizado conduzido pelo <strong>HHS <\/strong>em 2024 mostrou que limitar o uso a 30 minutos di\u00e1rios por tr\u00eas semanas produziu melhora de 35% nos escores de <strong>depress\u00e3o<\/strong> entre quem tinha alto n\u00edvel basal.<\/p>\n<p>Outro estudo publicado no <strong><em>Journal of Affective Disorders<\/em><\/strong> em 2026, com 220 jovens de 17 a 25 anos, demonstrou que uma hora di\u00e1ria de uso reduziu significativamente <strong>solid\u00e3o<\/strong>, depress\u00e3o e <strong>ansiedade<\/strong>, al\u00e9m de acrescentar 30 minutos de <strong>sono<\/strong> por noite.<\/p>\n<p>A meta-an\u00e1lise realizada em 2025 tamb\u00e9m confirmou que a restri\u00e7\u00e3o de uso produz efeitos pequenos a moderados, mas consistentes, na redu\u00e7\u00e3o de ansiedade e depress\u00e3o. O mecanismo \u00e9 atribu\u00eddo \u00e0 &#8220;<em>hip\u00f3tese do deslocamento<\/em>&#8220;: o tempo economizado nas redes \u00e9 redirecionado para intera\u00e7\u00f5es presenciais, sono e atividade f\u00edsica.<\/p>\n<p>Mas o problema, como a pr\u00f3pria Meta agora reconhece, n\u00e3o era apenas o tempo, e sim o mecanismo. Pesquisas de <strong>Stanford<\/strong> e da <strong>Cornell University<\/strong> demonstram que o aprendizado por refor\u00e7o em loops de rolagem infinita leva \u00e0 compara\u00e7\u00e3o social ascendente, que por sua vez impacta a autoestima e o humor.<\/p>\n<h2>Outras redes tamb\u00e9m foram afetadas<\/h2>\n<p>O acordo foi desenhado para tamb\u00e9m arrastar os concorrentes como <strong>TikTok<\/strong>, <strong>YouTube<\/strong> e <strong>Snapchat<\/strong> a aceitarem acordos parecidos, com restri\u00e7\u00f5es ainda mais duras: o limite cai para uma hora di\u00e1ria e o bloqueio noturno se estende das 22h \u00e0s 7h.<\/p>\n<p>A Meta publicou carta aberta em jornais como <em>The New York Times<\/em> e <em>Washington Post<\/em> convocando as rivais a aderir, criando um padr\u00e3o para toda a ind\u00fastria.<\/p>\n<p>Segundo a imprensa norte-americana, a press\u00e3o j\u00e1 vem surtindo efeito. A <strong>Pensilv\u00e2nia<\/strong> processou a Snap em 26 de agosto, acusando-a de pr\u00e1ticas viciantes como mensagens que desaparecem, rolagem infinita e o sistema de <em>Snapstreaks<\/em>. A a\u00e7\u00e3o fez as a\u00e7\u00f5es da empresa ca\u00edrem 7,94% naquele dia, apagando cerca de US$ 791 milh\u00f5es em valor de mercado.<\/p>\n<p>Dois julgamentos adicionais sobre seguran\u00e7a de jovens, nomeando Meta, <strong>Google<\/strong> e <strong>Snap<\/strong>, est\u00e3o agendados para outubro.<\/p>\n<h2>O que ainda falta?<\/h2>\n<p>Apesar da vit\u00f3ria para a sa\u00fade mental, especialistas apontam que isso n\u00e3o significa que &#8220;est\u00e1 tudo liberado&#8221;. Duas horas por dia seguem excessivas para um c\u00e9rebro em desenvolvimento. As mudan\u00e7as nas plataformas reduzem o dano; n\u00e3o as tornam seguras ou saud\u00e1veis.<\/p>\n<p>Para psic\u00f3logos, o que protege de verdade continua sendo presen\u00e7a dos pais, brincadeira livre, esporte, natureza, sono e conv\u00edvio com fam\u00edlia e amigos. Adiar ao m\u00e1ximo o smartphone e o acesso \u00e0s redes continua sendo a melhor decis\u00e3o.<\/p>\n<p>A vit\u00f3ria traz esperan\u00e7a de uma internet mais segura e de redes que voltem a ser de fato &#8220;sociais&#8221;, em vez de vitrines de produtos e ideologias nocivas. E, com menos v\u00edcio, \u00e9 poss\u00edvel come\u00e7ar a devolver a inf\u00e2ncia ao mundo real, onde crian\u00e7as e adolescentes encontram seu melhor desenvolvimento e bem-estar.<\/p>\n<p>&nbsp;<\/p>\n","protected":false},"excerpt":{"rendered":"<p>A Meta, dona do Instagram, do Facebook e do WhatsApp, fechou na \u00faltima semana um acordo de cerca de US$ 18 bilh\u00f5es com procuradores-gerais dos Estados Unidos para encerrar o processo que a acusava de desenhar deliberadamente recursos que induzem ao uso compulsivo em crian\u00e7as e adolescentes. Apesar dessa vit\u00f3ria, especialistas em sa\u00fade mental e [&hellip;]<\/p>\n","protected":false},"author":15,"featured_media":38221,"comment_status":"open","ping_status":"open","sticky":false,"template":"","format":"standard","meta":{"jnews-multi-image_gallery":[],"jnews_single_post":[],"jnews_primary_category":[],"jnews_override_counter":[],"jnews_post_split":[],"footnotes":""},"categories":[1],"tags":[],"class_list":["post-45458","post","type-post","status-publish","format-standard","has-post-thumbnail","hentry","category-geral"],"yoast_head":"<!-- This site is optimized with the Yoast SEO plugin v25.0 - https:\/\/yoast.com\/wordpress\/plugins\/seo\/ -->\n<title>Limita\u00e7\u00e3o no usos das redes sociais pode trazer benef\u00edcios incalcul\u00e1veis para adolescentes<\/title>\n<meta name=\"robots\" content=\"index, follow, max-snippet:-1, max-image-preview:large, max-video-preview:-1\" \/>\n<link rel=\"canonical\" href=\"https:\/\/crusoe.com.br\/crusoe-variedades\/limitacao-no-usos-das-redes-sociais-pode-trazer-beneficios-incalculaveis-para-adolescentes\/\" \/>\n<meta property=\"og:locale\" content=\"pt_BR\" \/>\n<meta property=\"og:type\" content=\"article\" \/>\n<meta property=\"og:title\" content=\"Limita\u00e7\u00e3o no usos das redes sociais pode trazer benef\u00edcios incalcul\u00e1veis para adolescentes\" \/>\n<meta property=\"og:description\" content=\"A Meta, dona do Instagram, do Facebook e do WhatsApp, fechou na \u00faltima semana um acordo de cerca de US$ 18 bilh\u00f5es com procuradores-gerais dos Estados Unidos para encerrar o processo que a acusava de desenhar deliberadamente recursos que induzem ao uso compulsivo em crian\u00e7as e adolescentes. Apesar dessa vit\u00f3ria, especialistas em sa\u00fade mental e [&hellip;]\" \/>\n<meta property=\"og:url\" content=\"https:\/\/crusoe.com.br\/crusoe-variedades\/limitacao-no-usos-das-redes-sociais-pode-trazer-beneficios-incalculaveis-para-adolescentes\/\" \/>\n<meta property=\"og:site_name\" content=\"Variedades - Cruso\u00e9\" \/>\n<meta property=\"article:published_time\" content=\"2026-08-31T16:33:34+00:00\" \/>\n<meta property=\"og:image\" content=\"https:\/\/cdn.crusoe.com.br\/uploads\/2026\/05\/pexels-viktoriyadr-19301261.jpg\" \/>\n\t<meta property=\"og:image:width\" content=\"640\" \/>\n\t<meta property=\"og:image:height\" content=\"426\" \/>\n\t<meta property=\"og:image:type\" content=\"image\/jpeg\" \/>\n<meta name=\"author\" content=\"J\u00falio Nesi\" \/>\n<meta name=\"twitter:card\" content=\"summary_large_image\" \/>\n<meta name=\"twitter:label1\" content=\"Escrito por\" \/>\n\t<meta name=\"twitter:data1\" content=\"J\u00falio Nesi\" \/>\n\t<meta name=\"twitter:label2\" content=\"Est. tempo de leitura\" \/>\n\t<meta name=\"twitter:data2\" content=\"4 minutos\" \/>\n<script type=\"application\/ld+json\" class=\"yoast-schema-graph\">{\"@context\":\"https:\/\/schema.org\",\"@graph\":[{\"@type\":\"WebPage\",\"@id\":\"https:\/\/crusoe.com.br\/crusoe-variedades\/limitacao-no-usos-das-redes-sociais-pode-trazer-beneficios-incalculaveis-para-adolescentes\/\",\"url\":\"https:\/\/crusoe.com.br\/crusoe-variedades\/limitacao-no-usos-das-redes-sociais-pode-trazer-beneficios-incalculaveis-para-adolescentes\/\",\"name\":\"Limita\u00e7\u00e3o no usos das redes sociais pode trazer benef\u00edcios incalcul\u00e1veis para adolescentes\",\"isPartOf\":{\"@id\":\"https:\/\/crusoe.com.br\/crusoe-variedades\/#website\"},\"primaryImageOfPage\":{\"@id\":\"https:\/\/crusoe.com.br\/crusoe-variedades\/limitacao-no-usos-das-redes-sociais-pode-trazer-beneficios-incalculaveis-para-adolescentes\/#primaryimage\"},\"image\":{\"@id\":\"https:\/\/crusoe.com.br\/crusoe-variedades\/limitacao-no-usos-das-redes-sociais-pode-trazer-beneficios-incalculaveis-para-adolescentes\/#primaryimage\"},\"thumbnailUrl\":\"https:\/\/cdn.crusoe.com.br\/uploads\/2026\/05\/pexels-viktoriyadr-19301261.jpg\",\"datePublished\":\"2026-08-31T16:33:34+00:00\",\"author\":{\"@id\":\"https:\/\/crusoe.com.br\/crusoe-variedades\/#\/schema\/person\/0cca5874eda7d72cef71e77a9a9c2143\"},\"breadcrumb\":{\"@id\":\"https:\/\/crusoe.com.br\/crusoe-variedades\/limitacao-no-usos-das-redes-sociais-pode-trazer-beneficios-incalculaveis-para-adolescentes\/#breadcrumb\"},\"inLanguage\":\"pt-BR\",\"potentialAction\":[{\"@type\":\"ReadAction\",\"target\":[\"https:\/\/crusoe.com.br\/crusoe-variedades\/limitacao-no-usos-das-redes-sociais-pode-trazer-beneficios-incalculaveis-para-adolescentes\/\"]}]},{\"@type\":\"ImageObject\",\"inLanguage\":\"pt-BR\",\"@id\":\"https:\/\/crusoe.com.br\/crusoe-variedades\/limitacao-no-usos-das-redes-sociais-pode-trazer-beneficios-incalculaveis-para-adolescentes\/#primaryimage\",\"url\":\"https:\/\/cdn.crusoe.com.br\/uploads\/2026\/05\/pexels-viktoriyadr-19301261.jpg\",\"contentUrl\":\"https:\/\/cdn.crusoe.com.br\/uploads\/2026\/05\/pexels-viktoriyadr-19301261.jpg\",\"width\":640,\"height\":426,\"caption\":\"Imagem meramente ilustrativa. Foto: \u0412\u0438\u043a\u0442\u043e\u0440\u0438\u044f \u0411\u0438\u043b\u0430\u043d \/ Pexels\"},{\"@type\":\"BreadcrumbList\",\"@id\":\"https:\/\/crusoe.com.br\/crusoe-variedades\/limitacao-no-usos-das-redes-sociais-pode-trazer-beneficios-incalculaveis-para-adolescentes\/#breadcrumb\",\"itemListElement\":[{\"@type\":\"ListItem\",\"position\":1,\"name\":\"Home\",\"item\":\"https:\/\/crusoe.com.br\/crusoe-variedades\/\"},{\"@type\":\"ListItem\",\"position\":2,\"name\":\"Limita\u00e7\u00e3o no usos das redes sociais pode trazer benef\u00edcios incalcul\u00e1veis para adolescentes\"}]},{\"@type\":\"WebSite\",\"@id\":\"https:\/\/crusoe.com.br\/crusoe-variedades\/#website\",\"url\":\"https:\/\/crusoe.com.br\/crusoe-variedades\/\",\"name\":\"Variedades - Cruso\u00e9\",\"description\":\"\",\"potentialAction\":[{\"@type\":\"SearchAction\",\"target\":{\"@type\":\"EntryPoint\",\"urlTemplate\":\"https:\/\/crusoe.com.br\/crusoe-variedades\/?s={search_term_string}\"},\"query-input\":{\"@type\":\"PropertyValueSpecification\",\"valueRequired\":true,\"valueName\":\"search_term_string\"}}],\"inLanguage\":\"pt-BR\"},{\"@type\":\"Person\",\"@id\":\"https:\/\/crusoe.com.br\/crusoe-variedades\/#\/schema\/person\/0cca5874eda7d72cef71e77a9a9c2143\",\"name\":\"J\u00falio Nesi\",\"image\":{\"@type\":\"ImageObject\",\"inLanguage\":\"pt-BR\",\"@id\":\"https:\/\/crusoe.com.br\/crusoe-variedades\/#\/schema\/person\/image\/\",\"url\":\"https:\/\/secure.gravatar.com\/avatar\/c22eb47c3e2320e71637346b980e09f63de9f75742d3335f94a26b83dff70473?s=96&d=mm&r=g\",\"contentUrl\":\"https:\/\/secure.gravatar.com\/avatar\/c22eb47c3e2320e71637346b980e09f63de9f75742d3335f94a26b83dff70473?s=96&d=mm&r=g\",\"caption\":\"J\u00falio Nesi\"},\"description\":\"Jornalista alagoano formado pela UFAL, j\u00e1 atuei em produ\u00e7\u00e3o de conte\u00fado digital para portais, r\u00e1dio e redes sociais.\",\"sameAs\":[\"www.linkedin.com\/in\/j\u00falio-nesi\"],\"url\":\"https:\/\/crusoe.com.br\/crusoe-variedades\/author\/julionesi\/\"}]}<\/script>\n<!-- \/ Yoast SEO plugin. -->","yoast_head_json":{"title":"Limita\u00e7\u00e3o no usos das redes sociais pode trazer benef\u00edcios incalcul\u00e1veis para adolescentes","robots":{"index":"index","follow":"follow","max-snippet":"max-snippet:-1","max-image-preview":"max-image-preview:large","max-video-preview":"max-video-preview:-1"},"canonical":"https:\/\/crusoe.com.br\/crusoe-variedades\/limitacao-no-usos-das-redes-sociais-pode-trazer-beneficios-incalculaveis-para-adolescentes\/","og_locale":"pt_BR","og_type":"article","og_title":"Limita\u00e7\u00e3o no usos das redes sociais pode trazer benef\u00edcios incalcul\u00e1veis para adolescentes","og_description":"A Meta, dona do Instagram, do Facebook e do WhatsApp, fechou na \u00faltima semana um acordo de cerca de US$ 18 bilh\u00f5es com procuradores-gerais dos Estados Unidos para encerrar o processo que a acusava de desenhar deliberadamente recursos que induzem ao uso compulsivo em crian\u00e7as e adolescentes. Apesar dessa vit\u00f3ria, especialistas em sa\u00fade mental e [&hellip;]","og_url":"https:\/\/crusoe.com.br\/crusoe-variedades\/limitacao-no-usos-das-redes-sociais-pode-trazer-beneficios-incalculaveis-para-adolescentes\/","og_site_name":"Variedades - Cruso\u00e9","article_published_time":"2026-08-31T16:33:34+00:00","og_image":[{"width":640,"height":426,"url":"https:\/\/cdn.crusoe.com.br\/uploads\/2026\/05\/pexels-viktoriyadr-19301261.jpg","type":"image\/jpeg"}],"author":"J\u00falio Nesi","twitter_card":"summary_large_image","twitter_misc":{"Escrito por":"J\u00falio Nesi","Est. tempo de leitura":"4 minutos"},"schema":{"@context":"https:\/\/schema.org","@graph":[{"@type":"WebPage","@id":"https:\/\/crusoe.com.br\/crusoe-variedades\/limitacao-no-usos-das-redes-sociais-pode-trazer-beneficios-incalculaveis-para-adolescentes\/","url":"https:\/\/crusoe.com.br\/crusoe-variedades\/limitacao-no-usos-das-redes-sociais-pode-trazer-beneficios-incalculaveis-para-adolescentes\/","name":"Limita\u00e7\u00e3o no usos das redes sociais pode trazer benef\u00edcios incalcul\u00e1veis para adolescentes","isPartOf":{"@id":"https:\/\/crusoe.com.br\/crusoe-variedades\/#website"},"primaryImageOfPage":{"@id":"https:\/\/crusoe.com.br\/crusoe-variedades\/limitacao-no-usos-das-redes-sociais-pode-trazer-beneficios-incalculaveis-para-adolescentes\/#primaryimage"},"image":{"@id":"https:\/\/crusoe.com.br\/crusoe-variedades\/limitacao-no-usos-das-redes-sociais-pode-trazer-beneficios-incalculaveis-para-adolescentes\/#primaryimage"},"thumbnailUrl":"https:\/\/cdn.crusoe.com.br\/uploads\/2026\/05\/pexels-viktoriyadr-19301261.jpg","datePublished":"2026-08-31T16:33:34+00:00","author":{"@id":"https:\/\/crusoe.com.br\/crusoe-variedades\/#\/schema\/person\/0cca5874eda7d72cef71e77a9a9c2143"},"breadcrumb":{"@id":"https:\/\/crusoe.com.br\/crusoe-variedades\/limitacao-no-usos-das-redes-sociais-pode-trazer-beneficios-incalculaveis-para-adolescentes\/#breadcrumb"},"inLanguage":"pt-BR","potentialAction":[{"@type":"ReadAction","target":["https:\/\/crusoe.com.br\/crusoe-variedades\/limitacao-no-usos-das-redes-sociais-pode-trazer-beneficios-incalculaveis-para-adolescentes\/"]}]},{"@type":"ImageObject","inLanguage":"pt-BR","@id":"https:\/\/crusoe.com.br\/crusoe-variedades\/limitacao-no-usos-das-redes-sociais-pode-trazer-beneficios-incalculaveis-para-adolescentes\/#primaryimage","url":"https:\/\/cdn.crusoe.com.br\/uploads\/2026\/05\/pexels-viktoriyadr-19301261.jpg","contentUrl":"https:\/\/cdn.crusoe.com.br\/uploads\/2026\/05\/pexels-viktoriyadr-19301261.jpg","width":640,"height":426,"caption":"Imagem meramente ilustrativa. Foto: \u0412\u0438\u043a\u0442\u043e\u0440\u0438\u044f \u0411\u0438\u043b\u0430\u043d \/ Pexels"},{"@type":"BreadcrumbList","@id":"https:\/\/crusoe.com.br\/crusoe-variedades\/limitacao-no-usos-das-redes-sociais-pode-trazer-beneficios-incalculaveis-para-adolescentes\/#breadcrumb","itemListElement":[{"@type":"ListItem","position":1,"name":"Home","item":"https:\/\/crusoe.com.br\/crusoe-variedades\/"},{"@type":"ListItem","position":2,"name":"Limita\u00e7\u00e3o no usos das redes sociais pode trazer benef\u00edcios incalcul\u00e1veis para adolescentes"}]},{"@type":"WebSite","@id":"https:\/\/crusoe.com.br\/crusoe-variedades\/#website","url":"https:\/\/crusoe.com.br\/crusoe-variedades\/","name":"Variedades - Cruso\u00e9","description":"","potentialAction":[{"@type":"SearchAction","target":{"@type":"EntryPoint","urlTemplate":"https:\/\/crusoe.com.br\/crusoe-variedades\/?s={search_term_string}"},"query-input":{"@type":"PropertyValueSpecification","valueRequired":true,"valueName":"search_term_string"}}],"inLanguage":"pt-BR"},{"@type":"Person","@id":"https:\/\/crusoe.com.br\/crusoe-variedades\/#\/schema\/person\/0cca5874eda7d72cef71e77a9a9c2143","name":"J\u00falio Nesi","image":{"@type":"ImageObject","inLanguage":"pt-BR","@id":"https:\/\/crusoe.com.br\/crusoe-variedades\/#\/schema\/person\/image\/","url":"https:\/\/secure.gravatar.com\/avatar\/c22eb47c3e2320e71637346b980e09f63de9f75742d3335f94a26b83dff70473?s=96&d=mm&r=g","contentUrl":"https:\/\/secure.gravatar.com\/avatar\/c22eb47c3e2320e71637346b980e09f63de9f75742d3335f94a26b83dff70473?s=96&d=mm&r=g","caption":"J\u00falio Nesi"},"description":"Jornalista alagoano formado pela UFAL, j\u00e1 atuei em produ\u00e7\u00e3o de conte\u00fado digital para portais, r\u00e1dio e redes sociais.","sameAs":["www.linkedin.com\/in\/j\u00falio-nesi"],"url":"https:\/\/crusoe.com.br\/crusoe-variedades\/author\/julionesi\/"}]}},"_links":{"self":[{"href":"https:\/\/crusoe.com.br\/crusoe-variedades\/wp-json\/wp\/v2\/posts\/45458","targetHints":{"allow":["GET"]}}],"collection":[{"href":"https:\/\/crusoe.com.br\/crusoe-variedades\/wp-json\/wp\/v2\/posts"}],"about":[{"href":"https:\/\/crusoe.com.br\/crusoe-variedades\/wp-json\/wp\/v2\/types\/post"}],"author":[{"embeddable":true,"href":"https:\/\/crusoe.com.br\/crusoe-variedades\/wp-json\/wp\/v2\/users\/15"}],"replies":[{"embeddable":true,"href":"https:\/\/crusoe.com.br\/crusoe-variedades\/wp-json\/wp\/v2\/comments?post=45458"}],"version-history":[{"count":1,"href":"https:\/\/crusoe.com.br\/crusoe-variedades\/wp-json\/wp\/v2\/posts\/45458\/revisions"}],"predecessor-version":[{"id":45459,"href":"https:\/\/crusoe.com.br\/crusoe-variedades\/wp-json\/wp\/v2\/posts\/45458\/revisions\/45459"}],"wp:attachment":[{"href":"https:\/\/crusoe.com.br\/crusoe-variedades\/wp-json\/wp\/v2\/media?parent=45458"}],"wp:term":[{"taxonomy":"category","embeddable":true,"href":"https:\/\/crusoe.com.br\/crusoe-variedades\/wp-json\/wp\/v2\/categories?post=45458"},{"taxonomy":"post_tag","embeddable":true,"href":"https:\/\/crusoe.com.br\/crusoe-variedades\/wp-json\/wp\/v2\/tags?post=45458"}],"curies":[{"name":"wp","href":"https:\/\/api.w.org\/{rel}","templated":true}]}}