{"id":45454,"date":"2026-08-31T10:36:02","date_gmt":"2026-08-31T13:36:02","guid":{"rendered":"https:\/\/crusoe.com.br\/crusoe-variedades\/?p=45454"},"modified":"2026-08-31T06:53:53","modified_gmt":"2026-08-31T09:53:53","slug":"limite-para-renegociar-dividas-com-taxas-especiais-termina-nesta-segunda-feira-31-08","status":"publish","type":"post","link":"https:\/\/crusoe.com.br\/crusoe-variedades\/limite-para-renegociar-dividas-com-taxas-especiais-termina-nesta-segunda-feira-31-08\/","title":{"rendered":"Limite para renegociar d\u00edvidas com taxas especiais termina nesta segunda-feira (31\/08)"},"content":{"rendered":"<p>Termina nesta segunda-feira (31) o prazo para ades\u00e3o ao <strong>Novo Desenrola Brasil<\/strong>, o programa do <strong>Governo Federal<\/strong> de renegocia\u00e7\u00e3o de <strong>d\u00edvidas banc\u00e1rias<\/strong> que, em quase quatro meses de funcionamento, renegociou R$ 26,8 bilh\u00f5es em d\u00e9bitos de fam\u00edlias.<\/p>\n<p>Segundo o <strong>Minist\u00e9rio da Fazenda<\/strong>, foram 5,12 milh\u00f5es de opera\u00e7\u00f5es realizadas entre 4 de maio, data de lan\u00e7amento, e 27 de agosto. O montante original das d\u00edvidas, de R$ 26 bilh\u00f5es, foi reduzido para R$ 5,27 bilh\u00f5es ap\u00f3s a aplica\u00e7\u00e3o dos descontos previstos no programa.<\/p>\n<p>O prazo, que terminaria em 2 de agosto, foi prorrogado por um m\u00eas no in\u00edcio do m\u00eas. No entanto, a medida provis\u00f3ria que instituiu a iniciativa perder\u00e1 validade sem vota\u00e7\u00e3o no <strong>Congresso Nacional<\/strong>, o que impede qualquer nova extens\u00e3o. O Minist\u00e9rio da Fazenda tamb\u00e9m destacou que n\u00e3o h\u00e1 previs\u00e3o para prorroga\u00e7\u00e3o.<\/p>\n<p>A iniciativa busca aliviar o endividamento das fam\u00edlias brasileiras em um cen\u00e1rio de juros ainda elevados e infla\u00e7\u00e3o que, embora em desacelera\u00e7\u00e3o, continua pressionando o or\u00e7amento das classes de menor renda.<\/p>\n<p>O presidente <strong>Lula<\/strong> defendeu publicamente a prorroga\u00e7\u00e3o do prazo em agosto, argumentando que o programa cumpriu seu papel de &#8220;tirar a corda do pesco\u00e7o&#8221; de milh\u00f5es de brasileiros endividados.<\/p>\n<h2>Como funciona o programa?<\/h2>\n<p>O Novo Desenrola Brasil foi dividido em quatro modalidades: <strong>Desenrola Fam\u00edlias<\/strong>, voltado a pessoas f\u00edsicas com renda de at\u00e9 cinco sal\u00e1rios m\u00ednimos (R$ 8.105); <strong>Desenrola Fies<\/strong>, para estudantes com contratos firmados at\u00e9 2017; <strong>Desenrola Empresas<\/strong>, para micro e pequenas empresas; e <strong>Desenrola Rural<\/strong>, para produtores rurais.<\/p>\n<p>Para se enquadrar na modalidade principal, o consumidor precisa ter d\u00edvidas contratadas at\u00e9 31 de janeiro de 2026, com atraso entre 91 dias e dois anos. O programa contempla modalidades de cr\u00e9dito que costumam apresentar taxas de juros elevadas, como cart\u00e3o rotativo, cheque especial e cr\u00e9dito direto ao consumidor.<\/p>\n<p>De acordo com informa\u00e7\u00f5es oficiais do governo, os descontos iam de 30% para d\u00edvidas no cr\u00e9dito direto ao consumidor e no parcelamento e de 40% para cart\u00e3o rotativo e cheque especial, at\u00e9 90% e 80%, dependendo do tempo da d\u00edvida, respectivamente.<\/p>\n<p>Al\u00e9m dos descontos, o programa oferece juros m\u00e1ximos de 1,99% ao m\u00eas, prazo de pagamento de at\u00e9 48 meses, parcela m\u00ednima de R$ 50 e limite de R$ 15 mil por benefici\u00e1rio e institui\u00e7\u00e3o. A utiliza\u00e7\u00e3o do saldo do <strong>Fundo de Garantia do Tempo de Servi\u00e7o<\/strong> (<strong>FGTS<\/strong>) para amortiza\u00e7\u00e3o ou quita\u00e7\u00e3o tamb\u00e9m \u00e9 permitida.<\/p>\n<h2>Os n\u00fameros<\/h2>\n<p>Em 11 de maio, o ministro da Fazenda, <strong>Dario Durigan<\/strong>, j\u00e1 anunciava quase R$ 1 bilh\u00e3o em d\u00edvidas renegociadas em 100 mil contratos. No dia 21 de maio, o total havia saltado para R$ 10 bilh\u00f5es, com mais de 1 milh\u00e3o de pessoas beneficiadas.<\/p>\n<p>Em junho, o montante consolidado de todas as modalidades chegou a R$ 15,9 bilh\u00f5es, incluindo R$ 5,9 bilh\u00f5es em mais de 113 mil contratos do Desenrola Fies. O <strong>Banco do Brasil<\/strong>, maior institui\u00e7\u00e3o participante, registrou R$ 10,4 bilh\u00f5es em renegocia\u00e7\u00f5es desde maio, abrangendo pessoas f\u00edsicas, jur\u00eddicas, produtores rurais e estudantes do Fies<\/p>\n<p>No <strong>Esp\u00edrito Santo<\/strong>, por exemplo, o Banco do Brasil renegociou mais de R$ 195 milh\u00f5es em d\u00edvidas pelo Desenrola Brasil, com descontos de at\u00e9 90%. Minas Gerais, o estado com maior volume de negocia\u00e7\u00f5es, negociou R$ 781 milh\u00f5es, que foram reduzidos para R$ 111 milh\u00f5es.<\/p>\n","protected":false},"excerpt":{"rendered":"<p>Termina nesta segunda-feira (31) o prazo para ades\u00e3o ao Novo Desenrola Brasil, o programa do Governo Federal de renegocia\u00e7\u00e3o de d\u00edvidas banc\u00e1rias que, em quase quatro meses de funcionamento, renegociou R$ 26,8 bilh\u00f5es em d\u00e9bitos de fam\u00edlias. Segundo o Minist\u00e9rio da Fazenda, foram 5,12 milh\u00f5es de opera\u00e7\u00f5es realizadas entre 4 de maio, data de lan\u00e7amento, [&hellip;]<\/p>\n","protected":false},"author":15,"featured_media":38617,"comment_status":"open","ping_status":"open","sticky":false,"template":"","format":"standard","meta":{"jnews-multi-image_gallery":[],"jnews_single_post":[],"jnews_primary_category":[],"jnews_override_counter":[],"jnews_post_split":[],"footnotes":""},"categories":[1],"tags":[],"class_list":["post-45454","post","type-post","status-publish","format-standard","has-post-thumbnail","hentry","category-geral"],"yoast_head":"<!-- This site is optimized with the Yoast SEO plugin v25.0 - https:\/\/yoast.com\/wordpress\/plugins\/seo\/ -->\n<title>Limite para renegociar d\u00edvidas com taxas especiais termina nesta segunda-feira (31\/08)<\/title>\n<meta name=\"robots\" content=\"index, follow, max-snippet:-1, max-image-preview:large, max-video-preview:-1\" \/>\n<link rel=\"canonical\" href=\"https:\/\/crusoe.com.br\/crusoe-variedades\/limite-para-renegociar-dividas-com-taxas-especiais-termina-nesta-segunda-feira-31-08\/\" \/>\n<meta property=\"og:locale\" content=\"pt_BR\" \/>\n<meta property=\"og:type\" content=\"article\" \/>\n<meta property=\"og:title\" content=\"Limite para renegociar d\u00edvidas com taxas especiais termina nesta segunda-feira (31\/08)\" \/>\n<meta property=\"og:description\" content=\"Termina nesta segunda-feira (31) o prazo para ades\u00e3o ao Novo Desenrola Brasil, o programa do Governo Federal de renegocia\u00e7\u00e3o de d\u00edvidas banc\u00e1rias que, em quase quatro meses de funcionamento, renegociou R$ 26,8 bilh\u00f5es em d\u00e9bitos de fam\u00edlias. Segundo o Minist\u00e9rio da Fazenda, foram 5,12 milh\u00f5es de opera\u00e7\u00f5es realizadas entre 4 de maio, data de lan\u00e7amento, [&hellip;]\" \/>\n<meta property=\"og:url\" content=\"https:\/\/crusoe.com.br\/crusoe-variedades\/limite-para-renegociar-dividas-com-taxas-especiais-termina-nesta-segunda-feira-31-08\/\" \/>\n<meta property=\"og:site_name\" content=\"Variedades - Cruso\u00e9\" \/>\n<meta property=\"article:published_time\" content=\"2026-08-31T13:36:02+00:00\" \/>\n<meta property=\"og:image\" content=\"https:\/\/cdn.crusoe.com.br\/uploads\/2026\/05\/fgts_rio_3.webp\" \/>\n\t<meta property=\"og:image:width\" content=\"1170\" \/>\n\t<meta property=\"og:image:height\" content=\"700\" \/>\n\t<meta property=\"og:image:type\" content=\"image\/webp\" \/>\n<meta name=\"author\" content=\"J\u00falio Nesi\" \/>\n<meta name=\"twitter:card\" content=\"summary_large_image\" \/>\n<meta name=\"twitter:label1\" content=\"Escrito por\" \/>\n\t<meta name=\"twitter:data1\" content=\"J\u00falio Nesi\" \/>\n\t<meta name=\"twitter:label2\" content=\"Est. tempo de leitura\" \/>\n\t<meta name=\"twitter:data2\" content=\"4 minutos\" \/>\n<script type=\"application\/ld+json\" class=\"yoast-schema-graph\">{\"@context\":\"https:\/\/schema.org\",\"@graph\":[{\"@type\":\"WebPage\",\"@id\":\"https:\/\/crusoe.com.br\/crusoe-variedades\/limite-para-renegociar-dividas-com-taxas-especiais-termina-nesta-segunda-feira-31-08\/\",\"url\":\"https:\/\/crusoe.com.br\/crusoe-variedades\/limite-para-renegociar-dividas-com-taxas-especiais-termina-nesta-segunda-feira-31-08\/\",\"name\":\"Limite para renegociar d\u00edvidas com taxas especiais termina nesta segunda-feira (31\/08)\",\"isPartOf\":{\"@id\":\"https:\/\/crusoe.com.br\/crusoe-variedades\/#website\"},\"primaryImageOfPage\":{\"@id\":\"https:\/\/crusoe.com.br\/crusoe-variedades\/limite-para-renegociar-dividas-com-taxas-especiais-termina-nesta-segunda-feira-31-08\/#primaryimage\"},\"image\":{\"@id\":\"https:\/\/crusoe.com.br\/crusoe-variedades\/limite-para-renegociar-dividas-com-taxas-especiais-termina-nesta-segunda-feira-31-08\/#primaryimage\"},\"thumbnailUrl\":\"https:\/\/cdn.crusoe.com.br\/uploads\/2026\/05\/fgts_rio_3.webp\",\"datePublished\":\"2026-08-31T13:36:02+00:00\",\"author\":{\"@id\":\"https:\/\/crusoe.com.br\/crusoe-variedades\/#\/schema\/person\/0cca5874eda7d72cef71e77a9a9c2143\"},\"breadcrumb\":{\"@id\":\"https:\/\/crusoe.com.br\/crusoe-variedades\/limite-para-renegociar-dividas-com-taxas-especiais-termina-nesta-segunda-feira-31-08\/#breadcrumb\"},\"inLanguage\":\"pt-BR\",\"potentialAction\":[{\"@type\":\"ReadAction\",\"target\":[\"https:\/\/crusoe.com.br\/crusoe-variedades\/limite-para-renegociar-dividas-com-taxas-especiais-termina-nesta-segunda-feira-31-08\/\"]}]},{\"@type\":\"ImageObject\",\"inLanguage\":\"pt-BR\",\"@id\":\"https:\/\/crusoe.com.br\/crusoe-variedades\/limite-para-renegociar-dividas-com-taxas-especiais-termina-nesta-segunda-feira-31-08\/#primaryimage\",\"url\":\"https:\/\/cdn.crusoe.com.br\/uploads\/2026\/05\/fgts_rio_3.webp\",\"contentUrl\":\"https:\/\/cdn.crusoe.com.br\/uploads\/2026\/05\/fgts_rio_3.webp\",\"width\":1170,\"height\":700,\"caption\":\"Foto: Cristina Indio do Brasil \/ Ag\u00eancia Brasil\"},{\"@type\":\"BreadcrumbList\",\"@id\":\"https:\/\/crusoe.com.br\/crusoe-variedades\/limite-para-renegociar-dividas-com-taxas-especiais-termina-nesta-segunda-feira-31-08\/#breadcrumb\",\"itemListElement\":[{\"@type\":\"ListItem\",\"position\":1,\"name\":\"Home\",\"item\":\"https:\/\/crusoe.com.br\/crusoe-variedades\/\"},{\"@type\":\"ListItem\",\"position\":2,\"name\":\"Limite para renegociar d\u00edvidas com taxas especiais termina nesta segunda-feira (31\/08)\"}]},{\"@type\":\"WebSite\",\"@id\":\"https:\/\/crusoe.com.br\/crusoe-variedades\/#website\",\"url\":\"https:\/\/crusoe.com.br\/crusoe-variedades\/\",\"name\":\"Variedades - Cruso\u00e9\",\"description\":\"\",\"potentialAction\":[{\"@type\":\"SearchAction\",\"target\":{\"@type\":\"EntryPoint\",\"urlTemplate\":\"https:\/\/crusoe.com.br\/crusoe-variedades\/?s={search_term_string}\"},\"query-input\":{\"@type\":\"PropertyValueSpecification\",\"valueRequired\":true,\"valueName\":\"search_term_string\"}}],\"inLanguage\":\"pt-BR\"},{\"@type\":\"Person\",\"@id\":\"https:\/\/crusoe.com.br\/crusoe-variedades\/#\/schema\/person\/0cca5874eda7d72cef71e77a9a9c2143\",\"name\":\"J\u00falio Nesi\",\"image\":{\"@type\":\"ImageObject\",\"inLanguage\":\"pt-BR\",\"@id\":\"https:\/\/crusoe.com.br\/crusoe-variedades\/#\/schema\/person\/image\/\",\"url\":\"https:\/\/secure.gravatar.com\/avatar\/c22eb47c3e2320e71637346b980e09f63de9f75742d3335f94a26b83dff70473?s=96&d=mm&r=g\",\"contentUrl\":\"https:\/\/secure.gravatar.com\/avatar\/c22eb47c3e2320e71637346b980e09f63de9f75742d3335f94a26b83dff70473?s=96&d=mm&r=g\",\"caption\":\"J\u00falio Nesi\"},\"description\":\"Jornalista alagoano formado pela UFAL, j\u00e1 atuei em produ\u00e7\u00e3o de conte\u00fado digital para portais, r\u00e1dio e redes sociais.\",\"sameAs\":[\"www.linkedin.com\/in\/j\u00falio-nesi\"],\"url\":\"https:\/\/crusoe.com.br\/crusoe-variedades\/author\/julionesi\/\"}]}<\/script>\n<!-- \/ Yoast SEO plugin. -->","yoast_head_json":{"title":"Limite para renegociar d\u00edvidas com taxas especiais termina nesta segunda-feira (31\/08)","robots":{"index":"index","follow":"follow","max-snippet":"max-snippet:-1","max-image-preview":"max-image-preview:large","max-video-preview":"max-video-preview:-1"},"canonical":"https:\/\/crusoe.com.br\/crusoe-variedades\/limite-para-renegociar-dividas-com-taxas-especiais-termina-nesta-segunda-feira-31-08\/","og_locale":"pt_BR","og_type":"article","og_title":"Limite para renegociar d\u00edvidas com taxas especiais termina nesta segunda-feira (31\/08)","og_description":"Termina nesta segunda-feira (31) o prazo para ades\u00e3o ao Novo Desenrola Brasil, o programa do Governo Federal de renegocia\u00e7\u00e3o de d\u00edvidas banc\u00e1rias que, em quase quatro meses de funcionamento, renegociou R$ 26,8 bilh\u00f5es em d\u00e9bitos de fam\u00edlias. Segundo o Minist\u00e9rio da Fazenda, foram 5,12 milh\u00f5es de opera\u00e7\u00f5es realizadas entre 4 de maio, data de lan\u00e7amento, [&hellip;]","og_url":"https:\/\/crusoe.com.br\/crusoe-variedades\/limite-para-renegociar-dividas-com-taxas-especiais-termina-nesta-segunda-feira-31-08\/","og_site_name":"Variedades - Cruso\u00e9","article_published_time":"2026-08-31T13:36:02+00:00","og_image":[{"width":1170,"height":700,"url":"https:\/\/cdn.crusoe.com.br\/uploads\/2026\/05\/fgts_rio_3.webp","type":"image\/webp"}],"author":"J\u00falio Nesi","twitter_card":"summary_large_image","twitter_misc":{"Escrito por":"J\u00falio Nesi","Est. tempo de leitura":"4 minutos"},"schema":{"@context":"https:\/\/schema.org","@graph":[{"@type":"WebPage","@id":"https:\/\/crusoe.com.br\/crusoe-variedades\/limite-para-renegociar-dividas-com-taxas-especiais-termina-nesta-segunda-feira-31-08\/","url":"https:\/\/crusoe.com.br\/crusoe-variedades\/limite-para-renegociar-dividas-com-taxas-especiais-termina-nesta-segunda-feira-31-08\/","name":"Limite para renegociar d\u00edvidas com taxas especiais termina nesta segunda-feira (31\/08)","isPartOf":{"@id":"https:\/\/crusoe.com.br\/crusoe-variedades\/#website"},"primaryImageOfPage":{"@id":"https:\/\/crusoe.com.br\/crusoe-variedades\/limite-para-renegociar-dividas-com-taxas-especiais-termina-nesta-segunda-feira-31-08\/#primaryimage"},"image":{"@id":"https:\/\/crusoe.com.br\/crusoe-variedades\/limite-para-renegociar-dividas-com-taxas-especiais-termina-nesta-segunda-feira-31-08\/#primaryimage"},"thumbnailUrl":"https:\/\/cdn.crusoe.com.br\/uploads\/2026\/05\/fgts_rio_3.webp","datePublished":"2026-08-31T13:36:02+00:00","author":{"@id":"https:\/\/crusoe.com.br\/crusoe-variedades\/#\/schema\/person\/0cca5874eda7d72cef71e77a9a9c2143"},"breadcrumb":{"@id":"https:\/\/crusoe.com.br\/crusoe-variedades\/limite-para-renegociar-dividas-com-taxas-especiais-termina-nesta-segunda-feira-31-08\/#breadcrumb"},"inLanguage":"pt-BR","potentialAction":[{"@type":"ReadAction","target":["https:\/\/crusoe.com.br\/crusoe-variedades\/limite-para-renegociar-dividas-com-taxas-especiais-termina-nesta-segunda-feira-31-08\/"]}]},{"@type":"ImageObject","inLanguage":"pt-BR","@id":"https:\/\/crusoe.com.br\/crusoe-variedades\/limite-para-renegociar-dividas-com-taxas-especiais-termina-nesta-segunda-feira-31-08\/#primaryimage","url":"https:\/\/cdn.crusoe.com.br\/uploads\/2026\/05\/fgts_rio_3.webp","contentUrl":"https:\/\/cdn.crusoe.com.br\/uploads\/2026\/05\/fgts_rio_3.webp","width":1170,"height":700,"caption":"Foto: Cristina Indio do Brasil \/ Ag\u00eancia Brasil"},{"@type":"BreadcrumbList","@id":"https:\/\/crusoe.com.br\/crusoe-variedades\/limite-para-renegociar-dividas-com-taxas-especiais-termina-nesta-segunda-feira-31-08\/#breadcrumb","itemListElement":[{"@type":"ListItem","position":1,"name":"Home","item":"https:\/\/crusoe.com.br\/crusoe-variedades\/"},{"@type":"ListItem","position":2,"name":"Limite para renegociar d\u00edvidas com taxas especiais termina nesta segunda-feira (31\/08)"}]},{"@type":"WebSite","@id":"https:\/\/crusoe.com.br\/crusoe-variedades\/#website","url":"https:\/\/crusoe.com.br\/crusoe-variedades\/","name":"Variedades - Cruso\u00e9","description":"","potentialAction":[{"@type":"SearchAction","target":{"@type":"EntryPoint","urlTemplate":"https:\/\/crusoe.com.br\/crusoe-variedades\/?s={search_term_string}"},"query-input":{"@type":"PropertyValueSpecification","valueRequired":true,"valueName":"search_term_string"}}],"inLanguage":"pt-BR"},{"@type":"Person","@id":"https:\/\/crusoe.com.br\/crusoe-variedades\/#\/schema\/person\/0cca5874eda7d72cef71e77a9a9c2143","name":"J\u00falio Nesi","image":{"@type":"ImageObject","inLanguage":"pt-BR","@id":"https:\/\/crusoe.com.br\/crusoe-variedades\/#\/schema\/person\/image\/","url":"https:\/\/secure.gravatar.com\/avatar\/c22eb47c3e2320e71637346b980e09f63de9f75742d3335f94a26b83dff70473?s=96&d=mm&r=g","contentUrl":"https:\/\/secure.gravatar.com\/avatar\/c22eb47c3e2320e71637346b980e09f63de9f75742d3335f94a26b83dff70473?s=96&d=mm&r=g","caption":"J\u00falio Nesi"},"description":"Jornalista alagoano formado pela UFAL, j\u00e1 atuei em produ\u00e7\u00e3o de conte\u00fado digital para portais, r\u00e1dio e redes sociais.","sameAs":["www.linkedin.com\/in\/j\u00falio-nesi"],"url":"https:\/\/crusoe.com.br\/crusoe-variedades\/author\/julionesi\/"}]}},"_links":{"self":[{"href":"https:\/\/crusoe.com.br\/crusoe-variedades\/wp-json\/wp\/v2\/posts\/45454","targetHints":{"allow":["GET"]}}],"collection":[{"href":"https:\/\/crusoe.com.br\/crusoe-variedades\/wp-json\/wp\/v2\/posts"}],"about":[{"href":"https:\/\/crusoe.com.br\/crusoe-variedades\/wp-json\/wp\/v2\/types\/post"}],"author":[{"embeddable":true,"href":"https:\/\/crusoe.com.br\/crusoe-variedades\/wp-json\/wp\/v2\/users\/15"}],"replies":[{"embeddable":true,"href":"https:\/\/crusoe.com.br\/crusoe-variedades\/wp-json\/wp\/v2\/comments?post=45454"}],"version-history":[{"count":1,"href":"https:\/\/crusoe.com.br\/crusoe-variedades\/wp-json\/wp\/v2\/posts\/45454\/revisions"}],"predecessor-version":[{"id":45455,"href":"https:\/\/crusoe.com.br\/crusoe-variedades\/wp-json\/wp\/v2\/posts\/45454\/revisions\/45455"}],"wp:featuredmedia":[{"embeddable":true,"href":"https:\/\/crusoe.com.br\/crusoe-variedades\/wp-json\/wp\/v2\/media\/38617"}],"wp:attachment":[{"href":"https:\/\/crusoe.com.br\/crusoe-variedades\/wp-json\/wp\/v2\/media?parent=45454"}],"wp:term":[{"taxonomy":"category","embeddable":true,"href":"https:\/\/crusoe.com.br\/crusoe-variedades\/wp-json\/wp\/v2\/categories?post=45454"},{"taxonomy":"post_tag","embeddable":true,"href":"https:\/\/crusoe.com.br\/crusoe-variedades\/wp-json\/wp\/v2\/tags?post=45454"}],"curies":[{"name":"wp","href":"https:\/\/api.w.org\/{rel}","templated":true}]}}