{"id":45378,"date":"2026-08-31T06:05:00","date_gmt":"2026-08-31T09:05:00","guid":{"rendered":"https:\/\/crusoe.com.br\/crusoe-variedades\/?p=45378"},"modified":"2026-08-31T06:05:00","modified_gmt":"2026-08-31T09:05:00","slug":"apos-deixar-a-amazon-narrador-revela-acerto-com-nova-emissora","status":"publish","type":"post","link":"https:\/\/crusoe.com.br\/crusoe-variedades\/apos-deixar-a-amazon-narrador-revela-acerto-com-nova-emissora\/","title":{"rendered":"Ap\u00f3s deixar a Amazon, narrador revela acerto com nova emissora"},"content":{"rendered":"\n<p class=\"wp-block-paragraph\">O famoso narrador R\u00f4mulo Mendon\u00e7a passou a comandar transmiss\u00f5es no UOL na \u00faltima sexta-feira (28), encerrando a busca por um novo espa\u00e7o profissional.&nbsp;<\/p>\n\n\n\n<p class=\"wp-block-paragraph\">Em julho, ele deixou a equipe da plataforma de streaming Amazon Prime Video, depois que coment\u00e1rios seus sobre a rep\u00f3rter Alana Ambr\u00f3sio, feitos no podcast &#8220;Jararacas&#8221;, repercutiram negativamente.<\/p>\n\n\n\n<p class=\"wp-block-paragraph\">Sua primeira transmiss\u00e3o pela nova casa foi o confronto decisivo entre Vasco e Palmeiras pelo t\u00edtulo do Campeonato Brasileiro Sub-20.&nbsp;<\/p>\n\n\n\n<p class=\"wp-block-paragraph\">O jogo foi transmitido no Canal UOL, no canal do UOL Esporte no YouTube e tamb\u00e9m pela p\u00e1gina principal do portal.<\/p>\n\n\n\n<h2 class=\"wp-block-heading\">Pol\u00eamica de R\u00f4mulo Mendon\u00e7a no Podcast Jararacas<\/h2>\n\n\n\n<p class=\"wp-block-paragraph\">Durante uma live do podcast &#8220;Jararacas&#8221;, ao lado do comentarista Ricardo Bulgarelli, R\u00f4mulo reproduziu, em tom ir\u00f4nico, trechos de um v\u00eddeo publicado por Alana Ambr\u00f3sio nas redes sociais.&nbsp;<\/p>\n\n\n\n<p class=\"wp-block-paragraph\">No v\u00eddeo, a jornalista falava sobre a primeira vez que acompanhou um jogo da NBA e abordava um momento delicado de sua vida pessoal.<\/p>\n\n\n\n<p class=\"wp-block-paragraph\">R\u00f4mulo debochou da hist\u00f3ria, alterando trechos e adotando tom ir\u00f4nico.&nbsp;<\/p>\n\n\n\n<p class=\"wp-block-paragraph\">Na ocasi\u00e3o, ele usou a express\u00e3o &#8220;jornalismo de cama de hotel&#8221; ao debochar de um v\u00eddeo publicado pela jornalista.<\/p>\n\n\n\n<p class=\"wp-block-paragraph\">A repercuss\u00e3o negativa levou o Prime Video a afastar inicialmente os profissionais das finais da NBA.&nbsp;<\/p>\n\n\n\n<p class=\"wp-block-paragraph\">Mesmo ap\u00f3s pedirem desculpas p\u00fablicas \u00e0 rep\u00f3rter, tanto R\u00f4mulo quanto Bulgarelli foram desligados definitivamente da equipe de transmiss\u00f5es esportivas da plataforma de streaming.<\/p>\n\n\n\n<p class=\"wp-block-paragraph\">Natural de Divin\u00f3polis, em Minas Gerais, R\u00f4mulo ganhou proje\u00e7\u00e3o nacional na ESPN, onde passou 12 anos e construiu uma das vozes mais reconhecidas do jornalismo esportivo brasileiro.<\/p>\n\n\n\n<p class=\"wp-block-paragraph\">Foi na ESPN que consolidou um estilo irreverente, repleto de bord\u00f5es e refer\u00eancias \u00e0 cultura pop nas transmiss\u00f5es de basquete e futebol americano.&nbsp;<\/p>\n\n\n\n<p class=\"wp-block-paragraph\">Express\u00f5es como &#8220;\u00c9 o caos&#8221; e &#8220;Porteiro de Enem&#8221; se tornaram bord\u00f5es memor\u00e1veis, assim como apelidos criativos dados a grandes nomes da NBA.<\/p>\n\n\n\n<p class=\"wp-block-paragraph\">Na voz do narrador, LeBron James virou &#8220;Papai&#8221; e Stephen Curry ganhou o apelido de &#8220;Brinquedo Assassino&#8221;.<\/p>\n\n\n\n<h2 class=\"wp-block-heading\">Cobertura ol\u00edmpica e nova fase no UOL<\/h2>\n\n\n\n<p class=\"wp-block-paragraph\">R\u00f4mulo tamb\u00e9m esteve presente em grandes coberturas esportivas: pela ESPN, foi a voz que anunciou a conquista do ouro pelo v\u00f4lei masculino brasileiro na Olimp\u00edada do Rio, em 2016.&nbsp;<\/p>\n\n\n\n<p class=\"wp-block-paragraph\">Depois, passou pela Caz\u00e9TV, onde cobriu os Jogos Ol\u00edmpicos de Paris em 2024 e narrou a medalha de bronze do v\u00f4lei feminino.<\/p>\n\n\n\n<p class=\"wp-block-paragraph\">No UOL, al\u00e9m de narrar partidas de futebol e basquete, R\u00f4mulo assume uma coluna semanal no UOL Esporte e passa a integrar os programas esportivos do Canal UOL.&nbsp;<\/p>\n\n\n\n<p class=\"wp-block-paragraph\">A mudan\u00e7a ocorre pouco mais de um m\u00eas ap\u00f3s o rompimento com a Amazon, e marca o in\u00edcio de uma nova etapa da carreira como uma das principais vozes da NBA no pa\u00eds.<\/p>\n","protected":false},"excerpt":{"rendered":"<p>O famoso narrador R\u00f4mulo Mendon\u00e7a passou a comandar transmiss\u00f5es no UOL na \u00faltima sexta-feira (28), encerrando a busca por um novo espa\u00e7o\u2026<\/p>\n","protected":false},"author":21,"featured_media":45377,"comment_status":"open","ping_status":"open","sticky":false,"template":"","format":"standard","meta":{"jnews-multi-image_gallery":[],"jnews_single_post":[],"jnews_primary_category":[],"jnews_override_counter":[],"jnews_post_split":[],"footnotes":""},"categories":[1],"tags":[],"class_list":["post-45378","post","type-post","status-publish","format-standard","has-post-thumbnail","hentry","category-geral"],"yoast_head":"<!-- This site is optimized with the Yoast SEO plugin v25.0 - https:\/\/yoast.com\/wordpress\/plugins\/seo\/ -->\n<title>Ap\u00f3s deixar a Amazon, narrador revela acerto com nova emissora<\/title>\n<meta name=\"robots\" content=\"index, follow, max-snippet:-1, max-image-preview:large, max-video-preview:-1\" \/>\n<link rel=\"canonical\" href=\"https:\/\/crusoe.com.br\/crusoe-variedades\/apos-deixar-a-amazon-narrador-revela-acerto-com-nova-emissora\/\" \/>\n<meta property=\"og:locale\" content=\"pt_BR\" \/>\n<meta property=\"og:type\" content=\"article\" \/>\n<meta property=\"og:title\" content=\"Ap\u00f3s deixar a Amazon, narrador revela acerto com nova emissora\" \/>\n<meta property=\"og:description\" content=\"O famoso narrador R\u00f4mulo Mendon\u00e7a passou a comandar transmiss\u00f5es no UOL na \u00faltima sexta-feira (28), encerrando a busca por um novo espa\u00e7o\u2026\" \/>\n<meta property=\"og:url\" content=\"https:\/\/crusoe.com.br\/crusoe-variedades\/apos-deixar-a-amazon-narrador-revela-acerto-com-nova-emissora\/\" \/>\n<meta property=\"og:site_name\" content=\"Variedades - Cruso\u00e9\" \/>\n<meta property=\"article:published_time\" content=\"2026-08-31T09:05:00+00:00\" \/>\n<meta property=\"og:image\" content=\"https:\/\/cdn.crusoe.com.br\/uploads\/2026\/08\/apos-deixar-a-amazon-narrador-revela-acerto-com-nova-em.jpg\" \/>\n\t<meta property=\"og:image:width\" content=\"1280\" \/>\n\t<meta property=\"og:image:height\" content=\"853\" \/>\n\t<meta property=\"og:image:type\" content=\"image\/jpeg\" \/>\n<meta name=\"author\" content=\"Jeferson da Rosa\" \/>\n<meta name=\"twitter:card\" content=\"summary_large_image\" \/>\n<meta name=\"twitter:label1\" content=\"Escrito por\" \/>\n\t<meta name=\"twitter:data1\" content=\"Jeferson da Rosa\" \/>\n\t<meta name=\"twitter:label2\" content=\"Est. tempo de leitura\" \/>\n\t<meta name=\"twitter:data2\" content=\"2 minutos\" \/>\n<script type=\"application\/ld+json\" class=\"yoast-schema-graph\">{\"@context\":\"https:\/\/schema.org\",\"@graph\":[{\"@type\":\"WebPage\",\"@id\":\"https:\/\/crusoe.com.br\/crusoe-variedades\/apos-deixar-a-amazon-narrador-revela-acerto-com-nova-emissora\/\",\"url\":\"https:\/\/crusoe.com.br\/crusoe-variedades\/apos-deixar-a-amazon-narrador-revela-acerto-com-nova-emissora\/\",\"name\":\"Ap\u00f3s deixar a Amazon, narrador revela acerto com nova emissora\",\"isPartOf\":{\"@id\":\"https:\/\/crusoe.com.br\/crusoe-variedades\/#website\"},\"primaryImageOfPage\":{\"@id\":\"https:\/\/crusoe.com.br\/crusoe-variedades\/apos-deixar-a-amazon-narrador-revela-acerto-com-nova-emissora\/#primaryimage\"},\"image\":{\"@id\":\"https:\/\/crusoe.com.br\/crusoe-variedades\/apos-deixar-a-amazon-narrador-revela-acerto-com-nova-emissora\/#primaryimage\"},\"thumbnailUrl\":\"https:\/\/cdn.crusoe.com.br\/uploads\/2026\/08\/apos-deixar-a-amazon-narrador-revela-acerto-com-nova-em.jpg\",\"datePublished\":\"2026-08-31T09:05:00+00:00\",\"author\":{\"@id\":\"https:\/\/crusoe.com.br\/crusoe-variedades\/#\/schema\/person\/b801baefd07f9b448cf1fe24b5b119d8\"},\"breadcrumb\":{\"@id\":\"https:\/\/crusoe.com.br\/crusoe-variedades\/apos-deixar-a-amazon-narrador-revela-acerto-com-nova-emissora\/#breadcrumb\"},\"inLanguage\":\"pt-BR\",\"potentialAction\":[{\"@type\":\"ReadAction\",\"target\":[\"https:\/\/crusoe.com.br\/crusoe-variedades\/apos-deixar-a-amazon-narrador-revela-acerto-com-nova-emissora\/\"]}]},{\"@type\":\"ImageObject\",\"inLanguage\":\"pt-BR\",\"@id\":\"https:\/\/crusoe.com.br\/crusoe-variedades\/apos-deixar-a-amazon-narrador-revela-acerto-com-nova-emissora\/#primaryimage\",\"url\":\"https:\/\/cdn.crusoe.com.br\/uploads\/2026\/08\/apos-deixar-a-amazon-narrador-revela-acerto-com-nova-em.jpg\",\"contentUrl\":\"https:\/\/cdn.crusoe.com.br\/uploads\/2026\/08\/apos-deixar-a-amazon-narrador-revela-acerto-com-nova-em.jpg\",\"width\":1280,\"height\":853,\"caption\":\"Ap\u00f3s deixar a Amazon, narrador revela acerto com nova emissora - Imagem: Pixabay\"},{\"@type\":\"BreadcrumbList\",\"@id\":\"https:\/\/crusoe.com.br\/crusoe-variedades\/apos-deixar-a-amazon-narrador-revela-acerto-com-nova-emissora\/#breadcrumb\",\"itemListElement\":[{\"@type\":\"ListItem\",\"position\":1,\"name\":\"Home\",\"item\":\"https:\/\/crusoe.com.br\/crusoe-variedades\/\"},{\"@type\":\"ListItem\",\"position\":2,\"name\":\"Ap\u00f3s deixar a Amazon, narrador revela acerto com nova emissora\"}]},{\"@type\":\"WebSite\",\"@id\":\"https:\/\/crusoe.com.br\/crusoe-variedades\/#website\",\"url\":\"https:\/\/crusoe.com.br\/crusoe-variedades\/\",\"name\":\"Variedades - Cruso\u00e9\",\"description\":\"\",\"potentialAction\":[{\"@type\":\"SearchAction\",\"target\":{\"@type\":\"EntryPoint\",\"urlTemplate\":\"https:\/\/crusoe.com.br\/crusoe-variedades\/?s={search_term_string}\"},\"query-input\":{\"@type\":\"PropertyValueSpecification\",\"valueRequired\":true,\"valueName\":\"search_term_string\"}}],\"inLanguage\":\"pt-BR\"},{\"@type\":\"Person\",\"@id\":\"https:\/\/crusoe.com.br\/crusoe-variedades\/#\/schema\/person\/b801baefd07f9b448cf1fe24b5b119d8\",\"name\":\"Jeferson da Rosa\",\"image\":{\"@type\":\"ImageObject\",\"inLanguage\":\"pt-BR\",\"@id\":\"https:\/\/crusoe.com.br\/crusoe-variedades\/#\/schema\/person\/image\/\",\"url\":\"https:\/\/secure.gravatar.com\/avatar\/cd7646e328d9670dad7dea8698522e522745eeffcff5b9d08be858e377ce326b?s=96&d=mm&r=g\",\"contentUrl\":\"https:\/\/secure.gravatar.com\/avatar\/cd7646e328d9670dad7dea8698522e522745eeffcff5b9d08be858e377ce326b?s=96&d=mm&r=g\",\"caption\":\"Jeferson da Rosa\"},\"description\":\"Jornalista apaixonado pela profiss\u00e3o\",\"url\":\"https:\/\/crusoe.com.br\/crusoe-variedades\/author\/jeferson-da-rosa\/\"}]}<\/script>\n<!-- \/ Yoast SEO plugin. -->","yoast_head_json":{"title":"Ap\u00f3s deixar a Amazon, narrador revela acerto com nova emissora","robots":{"index":"index","follow":"follow","max-snippet":"max-snippet:-1","max-image-preview":"max-image-preview:large","max-video-preview":"max-video-preview:-1"},"canonical":"https:\/\/crusoe.com.br\/crusoe-variedades\/apos-deixar-a-amazon-narrador-revela-acerto-com-nova-emissora\/","og_locale":"pt_BR","og_type":"article","og_title":"Ap\u00f3s deixar a Amazon, narrador revela acerto com nova emissora","og_description":"O famoso narrador R\u00f4mulo Mendon\u00e7a passou a comandar transmiss\u00f5es no UOL na \u00faltima sexta-feira (28), encerrando a busca por um novo espa\u00e7o\u2026","og_url":"https:\/\/crusoe.com.br\/crusoe-variedades\/apos-deixar-a-amazon-narrador-revela-acerto-com-nova-emissora\/","og_site_name":"Variedades - Cruso\u00e9","article_published_time":"2026-08-31T09:05:00+00:00","og_image":[{"width":1280,"height":853,"url":"https:\/\/cdn.crusoe.com.br\/uploads\/2026\/08\/apos-deixar-a-amazon-narrador-revela-acerto-com-nova-em.jpg","type":"image\/jpeg"}],"author":"Jeferson da Rosa","twitter_card":"summary_large_image","twitter_misc":{"Escrito por":"Jeferson da Rosa","Est. tempo de leitura":"2 minutos"},"schema":{"@context":"https:\/\/schema.org","@graph":[{"@type":"WebPage","@id":"https:\/\/crusoe.com.br\/crusoe-variedades\/apos-deixar-a-amazon-narrador-revela-acerto-com-nova-emissora\/","url":"https:\/\/crusoe.com.br\/crusoe-variedades\/apos-deixar-a-amazon-narrador-revela-acerto-com-nova-emissora\/","name":"Ap\u00f3s deixar a Amazon, narrador revela acerto com nova emissora","isPartOf":{"@id":"https:\/\/crusoe.com.br\/crusoe-variedades\/#website"},"primaryImageOfPage":{"@id":"https:\/\/crusoe.com.br\/crusoe-variedades\/apos-deixar-a-amazon-narrador-revela-acerto-com-nova-emissora\/#primaryimage"},"image":{"@id":"https:\/\/crusoe.com.br\/crusoe-variedades\/apos-deixar-a-amazon-narrador-revela-acerto-com-nova-emissora\/#primaryimage"},"thumbnailUrl":"https:\/\/cdn.crusoe.com.br\/uploads\/2026\/08\/apos-deixar-a-amazon-narrador-revela-acerto-com-nova-em.jpg","datePublished":"2026-08-31T09:05:00+00:00","author":{"@id":"https:\/\/crusoe.com.br\/crusoe-variedades\/#\/schema\/person\/b801baefd07f9b448cf1fe24b5b119d8"},"breadcrumb":{"@id":"https:\/\/crusoe.com.br\/crusoe-variedades\/apos-deixar-a-amazon-narrador-revela-acerto-com-nova-emissora\/#breadcrumb"},"inLanguage":"pt-BR","potentialAction":[{"@type":"ReadAction","target":["https:\/\/crusoe.com.br\/crusoe-variedades\/apos-deixar-a-amazon-narrador-revela-acerto-com-nova-emissora\/"]}]},{"@type":"ImageObject","inLanguage":"pt-BR","@id":"https:\/\/crusoe.com.br\/crusoe-variedades\/apos-deixar-a-amazon-narrador-revela-acerto-com-nova-emissora\/#primaryimage","url":"https:\/\/cdn.crusoe.com.br\/uploads\/2026\/08\/apos-deixar-a-amazon-narrador-revela-acerto-com-nova-em.jpg","contentUrl":"https:\/\/cdn.crusoe.com.br\/uploads\/2026\/08\/apos-deixar-a-amazon-narrador-revela-acerto-com-nova-em.jpg","width":1280,"height":853,"caption":"Ap\u00f3s deixar a Amazon, narrador revela acerto com nova emissora - Imagem: Pixabay"},{"@type":"BreadcrumbList","@id":"https:\/\/crusoe.com.br\/crusoe-variedades\/apos-deixar-a-amazon-narrador-revela-acerto-com-nova-emissora\/#breadcrumb","itemListElement":[{"@type":"ListItem","position":1,"name":"Home","item":"https:\/\/crusoe.com.br\/crusoe-variedades\/"},{"@type":"ListItem","position":2,"name":"Ap\u00f3s deixar a Amazon, narrador revela acerto com nova emissora"}]},{"@type":"WebSite","@id":"https:\/\/crusoe.com.br\/crusoe-variedades\/#website","url":"https:\/\/crusoe.com.br\/crusoe-variedades\/","name":"Variedades - Cruso\u00e9","description":"","potentialAction":[{"@type":"SearchAction","target":{"@type":"EntryPoint","urlTemplate":"https:\/\/crusoe.com.br\/crusoe-variedades\/?s={search_term_string}"},"query-input":{"@type":"PropertyValueSpecification","valueRequired":true,"valueName":"search_term_string"}}],"inLanguage":"pt-BR"},{"@type":"Person","@id":"https:\/\/crusoe.com.br\/crusoe-variedades\/#\/schema\/person\/b801baefd07f9b448cf1fe24b5b119d8","name":"Jeferson da Rosa","image":{"@type":"ImageObject","inLanguage":"pt-BR","@id":"https:\/\/crusoe.com.br\/crusoe-variedades\/#\/schema\/person\/image\/","url":"https:\/\/secure.gravatar.com\/avatar\/cd7646e328d9670dad7dea8698522e522745eeffcff5b9d08be858e377ce326b?s=96&d=mm&r=g","contentUrl":"https:\/\/secure.gravatar.com\/avatar\/cd7646e328d9670dad7dea8698522e522745eeffcff5b9d08be858e377ce326b?s=96&d=mm&r=g","caption":"Jeferson da Rosa"},"description":"Jornalista apaixonado pela profiss\u00e3o","url":"https:\/\/crusoe.com.br\/crusoe-variedades\/author\/jeferson-da-rosa\/"}]}},"_links":{"self":[{"href":"https:\/\/crusoe.com.br\/crusoe-variedades\/wp-json\/wp\/v2\/posts\/45378","targetHints":{"allow":["GET"]}}],"collection":[{"href":"https:\/\/crusoe.com.br\/crusoe-variedades\/wp-json\/wp\/v2\/posts"}],"about":[{"href":"https:\/\/crusoe.com.br\/crusoe-variedades\/wp-json\/wp\/v2\/types\/post"}],"author":[{"embeddable":true,"href":"https:\/\/crusoe.com.br\/crusoe-variedades\/wp-json\/wp\/v2\/users\/21"}],"replies":[{"embeddable":true,"href":"https:\/\/crusoe.com.br\/crusoe-variedades\/wp-json\/wp\/v2\/comments?post=45378"}],"version-history":[{"count":1,"href":"https:\/\/crusoe.com.br\/crusoe-variedades\/wp-json\/wp\/v2\/posts\/45378\/revisions"}],"predecessor-version":[{"id":45450,"href":"https:\/\/crusoe.com.br\/crusoe-variedades\/wp-json\/wp\/v2\/posts\/45378\/revisions\/45450"}],"wp:featuredmedia":[{"embeddable":true,"href":"https:\/\/crusoe.com.br\/crusoe-variedades\/wp-json\/wp\/v2\/media\/45377"}],"wp:attachment":[{"href":"https:\/\/crusoe.com.br\/crusoe-variedades\/wp-json\/wp\/v2\/media?parent=45378"}],"wp:term":[{"taxonomy":"category","embeddable":true,"href":"https:\/\/crusoe.com.br\/crusoe-variedades\/wp-json\/wp\/v2\/categories?post=45378"},{"taxonomy":"post_tag","embeddable":true,"href":"https:\/\/crusoe.com.br\/crusoe-variedades\/wp-json\/wp\/v2\/tags?post=45378"}],"curies":[{"name":"wp","href":"https:\/\/api.w.org\/{rel}","templated":true}]}}