{"id":45366,"date":"2026-08-31T03:18:00","date_gmt":"2026-08-31T06:18:00","guid":{"rendered":"https:\/\/crusoe.com.br\/crusoe-variedades\/?p=45366"},"modified":"2026-08-31T03:18:00","modified_gmt":"2026-08-31T06:18:00","slug":"pela-primeira-vez-tres-carros-eletricos-estao-na-lista-dos-mais-vendidos-no-brasil","status":"publish","type":"post","link":"https:\/\/crusoe.com.br\/crusoe-variedades\/pela-primeira-vez-tres-carros-eletricos-estao-na-lista-dos-mais-vendidos-no-brasil\/","title":{"rendered":"Pela primeira vez, tr\u00eas carros el\u00e9tricos est\u00e3o na lista dos mais vendidos no Brasil"},"content":{"rendered":"\n<p class=\"wp-block-paragraph\">Em julho, tr\u00eas modelos el\u00e9tricos entraram simultaneamente no ranking dos dez ve\u00edculos mais vendidos do pa\u00eds.&nbsp;<\/p>\n\n\n\n<p class=\"wp-block-paragraph\">Foi a primeira vez que isso ocorreu no mercado automotivo brasileiro.<\/p>\n\n\n\n<p class=\"wp-block-paragraph\">A Federa\u00e7\u00e3o Nacional da Distribui\u00e7\u00e3o de Ve\u00edculos Automotores (Fenabrave) informou que essa foi a primeira vez que tr\u00eas modelos ficaram entre os dez mais vendidos do pa\u00eds.<\/p>\n\n\n\n<h2 class=\"wp-block-heading\">Pela primeira vez, tr\u00eas carros el\u00e9tricos est\u00e3o na lista dos mais vendidos no Brasil<\/h2>\n\n\n\n<p class=\"wp-block-paragraph\">O BYD Dolphin Mini liderou a presen\u00e7a el\u00e9trica e ficou na sexta coloca\u00e7\u00e3o geral, com 7.265 unidades emplacadas.&nbsp;<\/p>\n\n\n\n<p class=\"wp-block-paragraph\">O modelo de entrada da fabricante chinesa custa a partir de R$ 118.990 e tem autonomia de 224 km a 280 km nas vers\u00f5es GL e GS, respectivamente.<\/p>\n\n\n\n<p class=\"wp-block-paragraph\">Na nona posi\u00e7\u00e3o do ranking, o BYD Dolphin, vers\u00e3o maior da linha, registrou 6.492 vendas no mesmo m\u00eas.&nbsp;<\/p>\n\n\n\n<p class=\"wp-block-paragraph\">O modelo \u00e9 oferecido em tr\u00eas configura\u00e7\u00f5es: GS, a partir de R$ 149.990; SE, por R$ 169.990; e Plus, por R$ 184.800.&nbsp;<\/p>\n\n\n\n<p class=\"wp-block-paragraph\">A autonomia varia de 291 km a 330 km, conforme a vers\u00e3o escolhida.<\/p>\n\n\n\n<p class=\"wp-block-paragraph\">Fechando a tr\u00edade, o Geely EX2 ocupou a d\u00e9cima posi\u00e7\u00e3o, com 5.898 emplacamentos.&nbsp;<\/p>\n\n\n\n<p class=\"wp-block-paragraph\">Lan\u00e7ado no final de 2025, o hatch el\u00e9trico custa a partir de R$ 123.800 na vers\u00e3o Pro e chega a R$ 136.800 na Max.&nbsp;<\/p>\n\n\n\n<p class=\"wp-block-paragraph\">A autonomia certificada pelo Inmetro \u00e9 de 289 km entre cargas.<\/p>\n\n\n\n<h2 class=\"wp-block-heading\">Contexto de expans\u00e3o do setor eletrificado<\/h2>\n\n\n\n<p class=\"wp-block-paragraph\">Em 2025, as vendas de carros eletrificados cresceram 26% em compara\u00e7\u00e3o com 2024: foram 223.192 unidades, contra 177.538 no ano anterior.&nbsp;<\/p>\n\n\n\n<p class=\"wp-block-paragraph\">Em rela\u00e7\u00e3o a 2023, quando foram vendidos 93.927 ve\u00edculos, o crescimento acumulado chegou a 138%.<\/p>\n\n\n\n<p class=\"wp-block-paragraph\">A Federa\u00e7\u00e3o Nacional da Distribui\u00e7\u00e3o de Ve\u00edculos Automotores projeta alta de apenas 2,5% para o mercado automotivo como um todo.&nbsp;<\/p>\n\n\n\n<p class=\"wp-block-paragraph\">O crescimento dos eletrificados \u00e9 dez vezes maior que essa expectativa.&nbsp;<\/p>\n\n\n\n<p class=\"wp-block-paragraph\">Em 2019, marcas chinesas respondiam por menos de 1% do mercado brasileiro. Hoje, representam cerca de 10%.<\/p>\n\n\n\n<p class=\"wp-block-paragraph\">O crescimento das vendas de el\u00e9tricos tamb\u00e9m \u00e9 impulsionado pela expans\u00e3o da capacidade produtiva.&nbsp;<\/p>\n\n\n\n<p class=\"wp-block-paragraph\">A BYD inaugurou uma f\u00e1brica em Cama\u00e7ari, na Bahia, e planeja elevar a produ\u00e7\u00e3o mensal de 4 mil para 20 mil ve\u00edculos em quatro modelos.&nbsp;<\/p>\n\n\n\n<p class=\"wp-block-paragraph\">A GWM tamb\u00e9m iniciou opera\u00e7\u00f5es no pa\u00eds. A Chevrolet, por sua vez, come\u00e7ar\u00e1 a fabricar modelos el\u00e9tricos nacionalmente.<\/p>\n\n\n\n<p class=\"wp-block-paragraph\">Al\u00e9m dos tr\u00eas el\u00e9tricos puros, o BYD Song h\u00edbrido apareceu na lista dos mais vendidos de julho, ampliando a presen\u00e7a de modelos eletrificados entre os consumidores brasileiros.<\/p>\n\n\n\n<p class=\"wp-block-paragraph\">A expans\u00e3o da oferta no mercado brasileiro acompanhar\u00e1 os investimentos da BYD e da GWM no pa\u00eds e o in\u00edcio da fabrica\u00e7\u00e3o nacional de modelos el\u00e9tricos pela Chevrolet.<\/p>\n","protected":false},"excerpt":{"rendered":"<p>Em julho, tr\u00eas modelos el\u00e9tricos entraram simultaneamente no ranking dos dez ve\u00edculos mais vendidos do pa\u00eds.&nbsp;<\/p>\n","protected":false},"author":21,"featured_media":45365,"comment_status":"open","ping_status":"open","sticky":false,"template":"","format":"standard","meta":{"jnews-multi-image_gallery":[],"jnews_single_post":[],"jnews_primary_category":[],"jnews_override_counter":[],"jnews_post_split":[],"footnotes":""},"categories":[1],"tags":[],"class_list":["post-45366","post","type-post","status-publish","format-standard","has-post-thumbnail","hentry","category-geral"],"yoast_head":"<!-- This site is optimized with the Yoast SEO plugin v25.0 - https:\/\/yoast.com\/wordpress\/plugins\/seo\/ -->\n<title>Pela primeira vez, tr\u00eas carros el\u00e9tricos est\u00e3o na lista dos mais vendidos no Brasil<\/title>\n<meta name=\"robots\" content=\"index, follow, max-snippet:-1, max-image-preview:large, max-video-preview:-1\" \/>\n<link rel=\"canonical\" href=\"https:\/\/crusoe.com.br\/crusoe-variedades\/pela-primeira-vez-tres-carros-eletricos-estao-na-lista-dos-mais-vendidos-no-brasil\/\" \/>\n<meta property=\"og:locale\" content=\"pt_BR\" \/>\n<meta property=\"og:type\" content=\"article\" \/>\n<meta property=\"og:title\" content=\"Pela primeira vez, tr\u00eas carros el\u00e9tricos est\u00e3o na lista dos mais vendidos no Brasil\" \/>\n<meta property=\"og:description\" content=\"Em julho, tr\u00eas modelos el\u00e9tricos entraram simultaneamente no ranking dos dez ve\u00edculos mais vendidos do pa\u00eds.&nbsp;\" \/>\n<meta property=\"og:url\" content=\"https:\/\/crusoe.com.br\/crusoe-variedades\/pela-primeira-vez-tres-carros-eletricos-estao-na-lista-dos-mais-vendidos-no-brasil\/\" \/>\n<meta property=\"og:site_name\" content=\"Variedades - Cruso\u00e9\" \/>\n<meta property=\"article:published_time\" content=\"2026-08-31T06:18:00+00:00\" \/>\n<meta property=\"og:image\" content=\"https:\/\/cdn.crusoe.com.br\/uploads\/2026\/08\/pela-primeira-vez-tres-carros-eletricos-estao-na-lista.jpg\" \/>\n\t<meta property=\"og:image:width\" content=\"1280\" \/>\n\t<meta property=\"og:image:height\" content=\"720\" \/>\n\t<meta property=\"og:image:type\" content=\"image\/jpeg\" \/>\n<meta name=\"author\" content=\"Jeferson da Rosa\" \/>\n<meta name=\"twitter:card\" content=\"summary_large_image\" \/>\n<meta name=\"twitter:label1\" content=\"Escrito por\" \/>\n\t<meta name=\"twitter:data1\" content=\"Jeferson da Rosa\" \/>\n\t<meta name=\"twitter:label2\" content=\"Est. tempo de leitura\" \/>\n\t<meta name=\"twitter:data2\" content=\"2 minutos\" \/>\n<script type=\"application\/ld+json\" class=\"yoast-schema-graph\">{\"@context\":\"https:\/\/schema.org\",\"@graph\":[{\"@type\":\"WebPage\",\"@id\":\"https:\/\/crusoe.com.br\/crusoe-variedades\/pela-primeira-vez-tres-carros-eletricos-estao-na-lista-dos-mais-vendidos-no-brasil\/\",\"url\":\"https:\/\/crusoe.com.br\/crusoe-variedades\/pela-primeira-vez-tres-carros-eletricos-estao-na-lista-dos-mais-vendidos-no-brasil\/\",\"name\":\"Pela primeira vez, tr\u00eas carros el\u00e9tricos est\u00e3o na lista dos mais vendidos no Brasil\",\"isPartOf\":{\"@id\":\"https:\/\/crusoe.com.br\/crusoe-variedades\/#website\"},\"primaryImageOfPage\":{\"@id\":\"https:\/\/crusoe.com.br\/crusoe-variedades\/pela-primeira-vez-tres-carros-eletricos-estao-na-lista-dos-mais-vendidos-no-brasil\/#primaryimage\"},\"image\":{\"@id\":\"https:\/\/crusoe.com.br\/crusoe-variedades\/pela-primeira-vez-tres-carros-eletricos-estao-na-lista-dos-mais-vendidos-no-brasil\/#primaryimage\"},\"thumbnailUrl\":\"https:\/\/cdn.crusoe.com.br\/uploads\/2026\/08\/pela-primeira-vez-tres-carros-eletricos-estao-na-lista.jpg\",\"datePublished\":\"2026-08-31T06:18:00+00:00\",\"author\":{\"@id\":\"https:\/\/crusoe.com.br\/crusoe-variedades\/#\/schema\/person\/b801baefd07f9b448cf1fe24b5b119d8\"},\"breadcrumb\":{\"@id\":\"https:\/\/crusoe.com.br\/crusoe-variedades\/pela-primeira-vez-tres-carros-eletricos-estao-na-lista-dos-mais-vendidos-no-brasil\/#breadcrumb\"},\"inLanguage\":\"pt-BR\",\"potentialAction\":[{\"@type\":\"ReadAction\",\"target\":[\"https:\/\/crusoe.com.br\/crusoe-variedades\/pela-primeira-vez-tres-carros-eletricos-estao-na-lista-dos-mais-vendidos-no-brasil\/\"]}]},{\"@type\":\"ImageObject\",\"inLanguage\":\"pt-BR\",\"@id\":\"https:\/\/crusoe.com.br\/crusoe-variedades\/pela-primeira-vez-tres-carros-eletricos-estao-na-lista-dos-mais-vendidos-no-brasil\/#primaryimage\",\"url\":\"https:\/\/cdn.crusoe.com.br\/uploads\/2026\/08\/pela-primeira-vez-tres-carros-eletricos-estao-na-lista.jpg\",\"contentUrl\":\"https:\/\/cdn.crusoe.com.br\/uploads\/2026\/08\/pela-primeira-vez-tres-carros-eletricos-estao-na-lista.jpg\",\"width\":1280,\"height\":720,\"caption\":\"Pela primeira vez, tr\u00eas carros el\u00e9tricos est\u00e3o na lista dos mais vendidos no Brasil - Imagem: Pixabay\"},{\"@type\":\"BreadcrumbList\",\"@id\":\"https:\/\/crusoe.com.br\/crusoe-variedades\/pela-primeira-vez-tres-carros-eletricos-estao-na-lista-dos-mais-vendidos-no-brasil\/#breadcrumb\",\"itemListElement\":[{\"@type\":\"ListItem\",\"position\":1,\"name\":\"Home\",\"item\":\"https:\/\/crusoe.com.br\/crusoe-variedades\/\"},{\"@type\":\"ListItem\",\"position\":2,\"name\":\"Pela primeira vez, tr\u00eas carros el\u00e9tricos est\u00e3o na lista dos mais vendidos no Brasil\"}]},{\"@type\":\"WebSite\",\"@id\":\"https:\/\/crusoe.com.br\/crusoe-variedades\/#website\",\"url\":\"https:\/\/crusoe.com.br\/crusoe-variedades\/\",\"name\":\"Variedades - Cruso\u00e9\",\"description\":\"\",\"potentialAction\":[{\"@type\":\"SearchAction\",\"target\":{\"@type\":\"EntryPoint\",\"urlTemplate\":\"https:\/\/crusoe.com.br\/crusoe-variedades\/?s={search_term_string}\"},\"query-input\":{\"@type\":\"PropertyValueSpecification\",\"valueRequired\":true,\"valueName\":\"search_term_string\"}}],\"inLanguage\":\"pt-BR\"},{\"@type\":\"Person\",\"@id\":\"https:\/\/crusoe.com.br\/crusoe-variedades\/#\/schema\/person\/b801baefd07f9b448cf1fe24b5b119d8\",\"name\":\"Jeferson da Rosa\",\"image\":{\"@type\":\"ImageObject\",\"inLanguage\":\"pt-BR\",\"@id\":\"https:\/\/crusoe.com.br\/crusoe-variedades\/#\/schema\/person\/image\/\",\"url\":\"https:\/\/secure.gravatar.com\/avatar\/cd7646e328d9670dad7dea8698522e522745eeffcff5b9d08be858e377ce326b?s=96&d=mm&r=g\",\"contentUrl\":\"https:\/\/secure.gravatar.com\/avatar\/cd7646e328d9670dad7dea8698522e522745eeffcff5b9d08be858e377ce326b?s=96&d=mm&r=g\",\"caption\":\"Jeferson da Rosa\"},\"description\":\"Jornalista apaixonado pela profiss\u00e3o\",\"url\":\"https:\/\/crusoe.com.br\/crusoe-variedades\/author\/jeferson-da-rosa\/\"}]}<\/script>\n<!-- \/ Yoast SEO plugin. -->","yoast_head_json":{"title":"Pela primeira vez, tr\u00eas carros el\u00e9tricos est\u00e3o na lista dos mais vendidos no Brasil","robots":{"index":"index","follow":"follow","max-snippet":"max-snippet:-1","max-image-preview":"max-image-preview:large","max-video-preview":"max-video-preview:-1"},"canonical":"https:\/\/crusoe.com.br\/crusoe-variedades\/pela-primeira-vez-tres-carros-eletricos-estao-na-lista-dos-mais-vendidos-no-brasil\/","og_locale":"pt_BR","og_type":"article","og_title":"Pela primeira vez, tr\u00eas carros el\u00e9tricos est\u00e3o na lista dos mais vendidos no Brasil","og_description":"Em julho, tr\u00eas modelos el\u00e9tricos entraram simultaneamente no ranking dos dez ve\u00edculos mais vendidos do pa\u00eds.&nbsp;","og_url":"https:\/\/crusoe.com.br\/crusoe-variedades\/pela-primeira-vez-tres-carros-eletricos-estao-na-lista-dos-mais-vendidos-no-brasil\/","og_site_name":"Variedades - Cruso\u00e9","article_published_time":"2026-08-31T06:18:00+00:00","og_image":[{"width":1280,"height":720,"url":"https:\/\/cdn.crusoe.com.br\/uploads\/2026\/08\/pela-primeira-vez-tres-carros-eletricos-estao-na-lista.jpg","type":"image\/jpeg"}],"author":"Jeferson da Rosa","twitter_card":"summary_large_image","twitter_misc":{"Escrito por":"Jeferson da Rosa","Est. tempo de leitura":"2 minutos"},"schema":{"@context":"https:\/\/schema.org","@graph":[{"@type":"WebPage","@id":"https:\/\/crusoe.com.br\/crusoe-variedades\/pela-primeira-vez-tres-carros-eletricos-estao-na-lista-dos-mais-vendidos-no-brasil\/","url":"https:\/\/crusoe.com.br\/crusoe-variedades\/pela-primeira-vez-tres-carros-eletricos-estao-na-lista-dos-mais-vendidos-no-brasil\/","name":"Pela primeira vez, tr\u00eas carros el\u00e9tricos est\u00e3o na lista dos mais vendidos no Brasil","isPartOf":{"@id":"https:\/\/crusoe.com.br\/crusoe-variedades\/#website"},"primaryImageOfPage":{"@id":"https:\/\/crusoe.com.br\/crusoe-variedades\/pela-primeira-vez-tres-carros-eletricos-estao-na-lista-dos-mais-vendidos-no-brasil\/#primaryimage"},"image":{"@id":"https:\/\/crusoe.com.br\/crusoe-variedades\/pela-primeira-vez-tres-carros-eletricos-estao-na-lista-dos-mais-vendidos-no-brasil\/#primaryimage"},"thumbnailUrl":"https:\/\/cdn.crusoe.com.br\/uploads\/2026\/08\/pela-primeira-vez-tres-carros-eletricos-estao-na-lista.jpg","datePublished":"2026-08-31T06:18:00+00:00","author":{"@id":"https:\/\/crusoe.com.br\/crusoe-variedades\/#\/schema\/person\/b801baefd07f9b448cf1fe24b5b119d8"},"breadcrumb":{"@id":"https:\/\/crusoe.com.br\/crusoe-variedades\/pela-primeira-vez-tres-carros-eletricos-estao-na-lista-dos-mais-vendidos-no-brasil\/#breadcrumb"},"inLanguage":"pt-BR","potentialAction":[{"@type":"ReadAction","target":["https:\/\/crusoe.com.br\/crusoe-variedades\/pela-primeira-vez-tres-carros-eletricos-estao-na-lista-dos-mais-vendidos-no-brasil\/"]}]},{"@type":"ImageObject","inLanguage":"pt-BR","@id":"https:\/\/crusoe.com.br\/crusoe-variedades\/pela-primeira-vez-tres-carros-eletricos-estao-na-lista-dos-mais-vendidos-no-brasil\/#primaryimage","url":"https:\/\/cdn.crusoe.com.br\/uploads\/2026\/08\/pela-primeira-vez-tres-carros-eletricos-estao-na-lista.jpg","contentUrl":"https:\/\/cdn.crusoe.com.br\/uploads\/2026\/08\/pela-primeira-vez-tres-carros-eletricos-estao-na-lista.jpg","width":1280,"height":720,"caption":"Pela primeira vez, tr\u00eas carros el\u00e9tricos est\u00e3o na lista dos mais vendidos no Brasil - Imagem: Pixabay"},{"@type":"BreadcrumbList","@id":"https:\/\/crusoe.com.br\/crusoe-variedades\/pela-primeira-vez-tres-carros-eletricos-estao-na-lista-dos-mais-vendidos-no-brasil\/#breadcrumb","itemListElement":[{"@type":"ListItem","position":1,"name":"Home","item":"https:\/\/crusoe.com.br\/crusoe-variedades\/"},{"@type":"ListItem","position":2,"name":"Pela primeira vez, tr\u00eas carros el\u00e9tricos est\u00e3o na lista dos mais vendidos no Brasil"}]},{"@type":"WebSite","@id":"https:\/\/crusoe.com.br\/crusoe-variedades\/#website","url":"https:\/\/crusoe.com.br\/crusoe-variedades\/","name":"Variedades - Cruso\u00e9","description":"","potentialAction":[{"@type":"SearchAction","target":{"@type":"EntryPoint","urlTemplate":"https:\/\/crusoe.com.br\/crusoe-variedades\/?s={search_term_string}"},"query-input":{"@type":"PropertyValueSpecification","valueRequired":true,"valueName":"search_term_string"}}],"inLanguage":"pt-BR"},{"@type":"Person","@id":"https:\/\/crusoe.com.br\/crusoe-variedades\/#\/schema\/person\/b801baefd07f9b448cf1fe24b5b119d8","name":"Jeferson da Rosa","image":{"@type":"ImageObject","inLanguage":"pt-BR","@id":"https:\/\/crusoe.com.br\/crusoe-variedades\/#\/schema\/person\/image\/","url":"https:\/\/secure.gravatar.com\/avatar\/cd7646e328d9670dad7dea8698522e522745eeffcff5b9d08be858e377ce326b?s=96&d=mm&r=g","contentUrl":"https:\/\/secure.gravatar.com\/avatar\/cd7646e328d9670dad7dea8698522e522745eeffcff5b9d08be858e377ce326b?s=96&d=mm&r=g","caption":"Jeferson da Rosa"},"description":"Jornalista apaixonado pela profiss\u00e3o","url":"https:\/\/crusoe.com.br\/crusoe-variedades\/author\/jeferson-da-rosa\/"}]}},"_links":{"self":[{"href":"https:\/\/crusoe.com.br\/crusoe-variedades\/wp-json\/wp\/v2\/posts\/45366","targetHints":{"allow":["GET"]}}],"collection":[{"href":"https:\/\/crusoe.com.br\/crusoe-variedades\/wp-json\/wp\/v2\/posts"}],"about":[{"href":"https:\/\/crusoe.com.br\/crusoe-variedades\/wp-json\/wp\/v2\/types\/post"}],"author":[{"embeddable":true,"href":"https:\/\/crusoe.com.br\/crusoe-variedades\/wp-json\/wp\/v2\/users\/21"}],"replies":[{"embeddable":true,"href":"https:\/\/crusoe.com.br\/crusoe-variedades\/wp-json\/wp\/v2\/comments?post=45366"}],"version-history":[{"count":1,"href":"https:\/\/crusoe.com.br\/crusoe-variedades\/wp-json\/wp\/v2\/posts\/45366\/revisions"}],"predecessor-version":[{"id":45447,"href":"https:\/\/crusoe.com.br\/crusoe-variedades\/wp-json\/wp\/v2\/posts\/45366\/revisions\/45447"}],"wp:featuredmedia":[{"embeddable":true,"href":"https:\/\/crusoe.com.br\/crusoe-variedades\/wp-json\/wp\/v2\/media\/45365"}],"wp:attachment":[{"href":"https:\/\/crusoe.com.br\/crusoe-variedades\/wp-json\/wp\/v2\/media?parent=45366"}],"wp:term":[{"taxonomy":"category","embeddable":true,"href":"https:\/\/crusoe.com.br\/crusoe-variedades\/wp-json\/wp\/v2\/categories?post=45366"},{"taxonomy":"post_tag","embeddable":true,"href":"https:\/\/crusoe.com.br\/crusoe-variedades\/wp-json\/wp\/v2\/tags?post=45366"}],"curies":[{"name":"wp","href":"https:\/\/api.w.org\/{rel}","templated":true}]}}