{"id":45358,"date":"2026-08-31T00:30:00","date_gmt":"2026-08-31T03:30:00","guid":{"rendered":"https:\/\/crusoe.com.br\/crusoe-variedades\/?p=45358"},"modified":"2026-08-31T00:30:00","modified_gmt":"2026-08-31T03:30:00","slug":"estrelas-do-futebol-europeu-fazem-postagem-direcionada-a-gigante-brasileiro","status":"publish","type":"post","link":"https:\/\/crusoe.com.br\/crusoe-variedades\/estrelas-do-futebol-europeu-fazem-postagem-direcionada-a-gigante-brasileiro\/","title":{"rendered":"Estrelas do futebol europeu fazem postagem direcionada a gigante brasileiro"},"content":{"rendered":"\n<p class=\"wp-block-paragraph\">As estrelas do futebol europeu Endrick e Est\u00eav\u00e3o marcaram os 112 anos do Palmeiras com mensagens nas redes sociais na \u00faltima quarta-feira (26).&nbsp;<\/p>\n\n\n\n<p class=\"wp-block-paragraph\">Formados nas categorias de base do clube, os atacantes hoje vestem as camisas de Real Madrid e Chelsea.&nbsp;<\/p>\n\n\n\n<p class=\"wp-block-paragraph\">Na sexta-feira anterior (14), o clube social celebrou a data com uma festa no sagu\u00e3o rec\u00e9m-reformado.<\/p>\n\n\n\n<p class=\"wp-block-paragraph\">Antes de deixar o Brasil, Est\u00eav\u00e3o somou mais partidas e gols pelo Palmeiras do que Endrick.<\/p>\n\n\n\n<h2 class=\"wp-block-heading\">Ex-jogadores da base do Palmeiras celebram anivers\u00e1rio<\/h2>\n\n\n\n<p class=\"wp-block-paragraph\">No v\u00eddeo publicado, Endrick reuniu lances de sua passagem pelo Palmeiras e disse que o per\u00edodo ficar\u00e1 guardado para sempre em sua mem\u00f3ria.&nbsp;<\/p>\n\n\n\n<p class=\"wp-block-paragraph\">O atacante foi pe\u00e7a importante na conquista do Campeonato Brasileiro de 2023.<\/p>\n\n\n\n<p class=\"wp-block-paragraph\">Est\u00eav\u00e3o, no Chelsea desde o segundo semestre de 2025, tamb\u00e9m dedicou uma mensagem ao clube que o revelou.&nbsp;<\/p>\n\n\n\n<p class=\"wp-block-paragraph\">Ele agradeceu a oportunidade recebida e manifestou gratid\u00e3o eterna pelas portas que sempre estiveram abertas.<\/p>\n\n\n\n<p class=\"wp-block-paragraph\">Antes de se transferir para a Europa, conquistou o Campeonato Brasileiro de 2023 e o Campeonato Paulista de 2024.<\/p>\n\n\n\n<h2 class=\"wp-block-heading\">Sagu\u00e3o reformado recebe festa de anivers\u00e1rio do Palmeiras<\/h2>\n\n\n\n<p class=\"wp-block-paragraph\">A comemora\u00e7\u00e3o dos 112 anos tamb\u00e9m passou pelo clube social, que reuniu s\u00f3cios na \u00faltima sexta-feira (14) para reinaugurar o sagu\u00e3o ap\u00f3s ampla reforma.&nbsp;<\/p>\n\n\n\n<p class=\"wp-block-paragraph\">A banda Sylver Rock embalou a noite, com carrinho de sorvetes Rochinha e foodtrucks somando-se ao card\u00e1pio.<\/p>\n\n\n\n<p class=\"wp-block-paragraph\">Entre os presentes estava o ex-jogador Galeano, um dos que mais vestiram a camisa alviverde, com 480 jogos.&nbsp;<\/p>\n\n\n\n<p class=\"wp-block-paragraph\">Campe\u00e3o da Libertadores em 1999, ele aproveitou a festa com a fam\u00edlia e destacou a relev\u00e2ncia do espa\u00e7o para os torcedores palmeirenses.<\/p>\n\n\n\n<p class=\"wp-block-paragraph\">Os associados tamb\u00e9m conheceram o Sushi 1914, novo espa\u00e7o de culin\u00e1ria japonesa que agora integra o card\u00e1pio do clube social.&nbsp;<\/p>\n\n\n\n<p class=\"wp-block-paragraph\">A op\u00e7\u00e3o se soma \u00e0s demais atra\u00e7\u00f5es gastron\u00f4micas da celebra\u00e7\u00e3o.&nbsp;<\/p>\n\n\n\n<p class=\"wp-block-paragraph\">A festa reuniu s\u00f3cios, familiares e amigos em um ambiente preparado para marcar mais um cap\u00edtulo da hist\u00f3ria alviverde.<\/p>\n","protected":false},"excerpt":{"rendered":"<p>As estrelas do futebol europeu Endrick e Est\u00eav\u00e3o marcaram os 112 anos do Palmeiras com mensagens nas redes sociais na \u00faltima quarta-feira (26).&nbsp;<\/p>\n","protected":false},"author":21,"featured_media":45357,"comment_status":"open","ping_status":"open","sticky":false,"template":"","format":"standard","meta":{"jnews-multi-image_gallery":[],"jnews_single_post":[],"jnews_primary_category":[],"jnews_override_counter":[],"jnews_post_split":[],"footnotes":""},"categories":[1],"tags":[],"class_list":["post-45358","post","type-post","status-publish","format-standard","has-post-thumbnail","hentry","category-geral"],"yoast_head":"<!-- This site is optimized with the Yoast SEO plugin v25.0 - https:\/\/yoast.com\/wordpress\/plugins\/seo\/ -->\n<title>Estrelas do futebol europeu fazem postagem direcionada a gigante brasileiro<\/title>\n<meta name=\"robots\" content=\"index, follow, max-snippet:-1, max-image-preview:large, max-video-preview:-1\" \/>\n<link rel=\"canonical\" href=\"https:\/\/crusoe.com.br\/crusoe-variedades\/estrelas-do-futebol-europeu-fazem-postagem-direcionada-a-gigante-brasileiro\/\" \/>\n<meta property=\"og:locale\" content=\"pt_BR\" \/>\n<meta property=\"og:type\" content=\"article\" \/>\n<meta property=\"og:title\" content=\"Estrelas do futebol europeu fazem postagem direcionada a gigante brasileiro\" \/>\n<meta property=\"og:description\" content=\"As estrelas do futebol europeu Endrick e Est\u00eav\u00e3o marcaram os 112 anos do Palmeiras com mensagens nas redes sociais na \u00faltima quarta-feira (26).&nbsp;\" \/>\n<meta property=\"og:url\" content=\"https:\/\/crusoe.com.br\/crusoe-variedades\/estrelas-do-futebol-europeu-fazem-postagem-direcionada-a-gigante-brasileiro\/\" \/>\n<meta property=\"og:site_name\" content=\"Variedades - Cruso\u00e9\" \/>\n<meta property=\"article:published_time\" content=\"2026-08-31T03:30:00+00:00\" \/>\n<meta property=\"og:image\" content=\"https:\/\/cdn.crusoe.com.br\/uploads\/2026\/08\/estrelas-do-futebol-europeu-fazem-postagem-direcionada.jpg\" \/>\n\t<meta property=\"og:image:width\" content=\"1280\" \/>\n\t<meta property=\"og:image:height\" content=\"800\" \/>\n\t<meta property=\"og:image:type\" content=\"image\/jpeg\" \/>\n<meta name=\"author\" content=\"Jeferson da Rosa\" \/>\n<meta name=\"twitter:card\" content=\"summary_large_image\" \/>\n<meta name=\"twitter:label1\" content=\"Escrito por\" \/>\n\t<meta name=\"twitter:data1\" content=\"Jeferson da Rosa\" \/>\n\t<meta name=\"twitter:label2\" content=\"Est. tempo de leitura\" \/>\n\t<meta name=\"twitter:data2\" content=\"2 minutos\" \/>\n<script type=\"application\/ld+json\" class=\"yoast-schema-graph\">{\"@context\":\"https:\/\/schema.org\",\"@graph\":[{\"@type\":\"WebPage\",\"@id\":\"https:\/\/crusoe.com.br\/crusoe-variedades\/estrelas-do-futebol-europeu-fazem-postagem-direcionada-a-gigante-brasileiro\/\",\"url\":\"https:\/\/crusoe.com.br\/crusoe-variedades\/estrelas-do-futebol-europeu-fazem-postagem-direcionada-a-gigante-brasileiro\/\",\"name\":\"Estrelas do futebol europeu fazem postagem direcionada a gigante brasileiro\",\"isPartOf\":{\"@id\":\"https:\/\/crusoe.com.br\/crusoe-variedades\/#website\"},\"primaryImageOfPage\":{\"@id\":\"https:\/\/crusoe.com.br\/crusoe-variedades\/estrelas-do-futebol-europeu-fazem-postagem-direcionada-a-gigante-brasileiro\/#primaryimage\"},\"image\":{\"@id\":\"https:\/\/crusoe.com.br\/crusoe-variedades\/estrelas-do-futebol-europeu-fazem-postagem-direcionada-a-gigante-brasileiro\/#primaryimage\"},\"thumbnailUrl\":\"https:\/\/cdn.crusoe.com.br\/uploads\/2026\/08\/estrelas-do-futebol-europeu-fazem-postagem-direcionada.jpg\",\"datePublished\":\"2026-08-31T03:30:00+00:00\",\"author\":{\"@id\":\"https:\/\/crusoe.com.br\/crusoe-variedades\/#\/schema\/person\/b801baefd07f9b448cf1fe24b5b119d8\"},\"breadcrumb\":{\"@id\":\"https:\/\/crusoe.com.br\/crusoe-variedades\/estrelas-do-futebol-europeu-fazem-postagem-direcionada-a-gigante-brasileiro\/#breadcrumb\"},\"inLanguage\":\"pt-BR\",\"potentialAction\":[{\"@type\":\"ReadAction\",\"target\":[\"https:\/\/crusoe.com.br\/crusoe-variedades\/estrelas-do-futebol-europeu-fazem-postagem-direcionada-a-gigante-brasileiro\/\"]}]},{\"@type\":\"ImageObject\",\"inLanguage\":\"pt-BR\",\"@id\":\"https:\/\/crusoe.com.br\/crusoe-variedades\/estrelas-do-futebol-europeu-fazem-postagem-direcionada-a-gigante-brasileiro\/#primaryimage\",\"url\":\"https:\/\/cdn.crusoe.com.br\/uploads\/2026\/08\/estrelas-do-futebol-europeu-fazem-postagem-direcionada.jpg\",\"contentUrl\":\"https:\/\/cdn.crusoe.com.br\/uploads\/2026\/08\/estrelas-do-futebol-europeu-fazem-postagem-direcionada.jpg\",\"width\":1280,\"height\":800,\"caption\":\"Estrelas do futebol europeu fazem postagem direcionada a gigante brasileiro - Imagem: Pixabay\"},{\"@type\":\"BreadcrumbList\",\"@id\":\"https:\/\/crusoe.com.br\/crusoe-variedades\/estrelas-do-futebol-europeu-fazem-postagem-direcionada-a-gigante-brasileiro\/#breadcrumb\",\"itemListElement\":[{\"@type\":\"ListItem\",\"position\":1,\"name\":\"Home\",\"item\":\"https:\/\/crusoe.com.br\/crusoe-variedades\/\"},{\"@type\":\"ListItem\",\"position\":2,\"name\":\"Estrelas do futebol europeu fazem postagem direcionada a gigante brasileiro\"}]},{\"@type\":\"WebSite\",\"@id\":\"https:\/\/crusoe.com.br\/crusoe-variedades\/#website\",\"url\":\"https:\/\/crusoe.com.br\/crusoe-variedades\/\",\"name\":\"Variedades - Cruso\u00e9\",\"description\":\"\",\"potentialAction\":[{\"@type\":\"SearchAction\",\"target\":{\"@type\":\"EntryPoint\",\"urlTemplate\":\"https:\/\/crusoe.com.br\/crusoe-variedades\/?s={search_term_string}\"},\"query-input\":{\"@type\":\"PropertyValueSpecification\",\"valueRequired\":true,\"valueName\":\"search_term_string\"}}],\"inLanguage\":\"pt-BR\"},{\"@type\":\"Person\",\"@id\":\"https:\/\/crusoe.com.br\/crusoe-variedades\/#\/schema\/person\/b801baefd07f9b448cf1fe24b5b119d8\",\"name\":\"Jeferson da Rosa\",\"image\":{\"@type\":\"ImageObject\",\"inLanguage\":\"pt-BR\",\"@id\":\"https:\/\/crusoe.com.br\/crusoe-variedades\/#\/schema\/person\/image\/\",\"url\":\"https:\/\/secure.gravatar.com\/avatar\/cd7646e328d9670dad7dea8698522e522745eeffcff5b9d08be858e377ce326b?s=96&d=mm&r=g\",\"contentUrl\":\"https:\/\/secure.gravatar.com\/avatar\/cd7646e328d9670dad7dea8698522e522745eeffcff5b9d08be858e377ce326b?s=96&d=mm&r=g\",\"caption\":\"Jeferson da Rosa\"},\"description\":\"Jornalista apaixonado pela profiss\u00e3o\",\"url\":\"https:\/\/crusoe.com.br\/crusoe-variedades\/author\/jeferson-da-rosa\/\"}]}<\/script>\n<!-- \/ Yoast SEO plugin. -->","yoast_head_json":{"title":"Estrelas do futebol europeu fazem postagem direcionada a gigante brasileiro","robots":{"index":"index","follow":"follow","max-snippet":"max-snippet:-1","max-image-preview":"max-image-preview:large","max-video-preview":"max-video-preview:-1"},"canonical":"https:\/\/crusoe.com.br\/crusoe-variedades\/estrelas-do-futebol-europeu-fazem-postagem-direcionada-a-gigante-brasileiro\/","og_locale":"pt_BR","og_type":"article","og_title":"Estrelas do futebol europeu fazem postagem direcionada a gigante brasileiro","og_description":"As estrelas do futebol europeu Endrick e Est\u00eav\u00e3o marcaram os 112 anos do Palmeiras com mensagens nas redes sociais na \u00faltima quarta-feira (26).&nbsp;","og_url":"https:\/\/crusoe.com.br\/crusoe-variedades\/estrelas-do-futebol-europeu-fazem-postagem-direcionada-a-gigante-brasileiro\/","og_site_name":"Variedades - Cruso\u00e9","article_published_time":"2026-08-31T03:30:00+00:00","og_image":[{"width":1280,"height":800,"url":"https:\/\/cdn.crusoe.com.br\/uploads\/2026\/08\/estrelas-do-futebol-europeu-fazem-postagem-direcionada.jpg","type":"image\/jpeg"}],"author":"Jeferson da Rosa","twitter_card":"summary_large_image","twitter_misc":{"Escrito por":"Jeferson da Rosa","Est. tempo de leitura":"2 minutos"},"schema":{"@context":"https:\/\/schema.org","@graph":[{"@type":"WebPage","@id":"https:\/\/crusoe.com.br\/crusoe-variedades\/estrelas-do-futebol-europeu-fazem-postagem-direcionada-a-gigante-brasileiro\/","url":"https:\/\/crusoe.com.br\/crusoe-variedades\/estrelas-do-futebol-europeu-fazem-postagem-direcionada-a-gigante-brasileiro\/","name":"Estrelas do futebol europeu fazem postagem direcionada a gigante brasileiro","isPartOf":{"@id":"https:\/\/crusoe.com.br\/crusoe-variedades\/#website"},"primaryImageOfPage":{"@id":"https:\/\/crusoe.com.br\/crusoe-variedades\/estrelas-do-futebol-europeu-fazem-postagem-direcionada-a-gigante-brasileiro\/#primaryimage"},"image":{"@id":"https:\/\/crusoe.com.br\/crusoe-variedades\/estrelas-do-futebol-europeu-fazem-postagem-direcionada-a-gigante-brasileiro\/#primaryimage"},"thumbnailUrl":"https:\/\/cdn.crusoe.com.br\/uploads\/2026\/08\/estrelas-do-futebol-europeu-fazem-postagem-direcionada.jpg","datePublished":"2026-08-31T03:30:00+00:00","author":{"@id":"https:\/\/crusoe.com.br\/crusoe-variedades\/#\/schema\/person\/b801baefd07f9b448cf1fe24b5b119d8"},"breadcrumb":{"@id":"https:\/\/crusoe.com.br\/crusoe-variedades\/estrelas-do-futebol-europeu-fazem-postagem-direcionada-a-gigante-brasileiro\/#breadcrumb"},"inLanguage":"pt-BR","potentialAction":[{"@type":"ReadAction","target":["https:\/\/crusoe.com.br\/crusoe-variedades\/estrelas-do-futebol-europeu-fazem-postagem-direcionada-a-gigante-brasileiro\/"]}]},{"@type":"ImageObject","inLanguage":"pt-BR","@id":"https:\/\/crusoe.com.br\/crusoe-variedades\/estrelas-do-futebol-europeu-fazem-postagem-direcionada-a-gigante-brasileiro\/#primaryimage","url":"https:\/\/cdn.crusoe.com.br\/uploads\/2026\/08\/estrelas-do-futebol-europeu-fazem-postagem-direcionada.jpg","contentUrl":"https:\/\/cdn.crusoe.com.br\/uploads\/2026\/08\/estrelas-do-futebol-europeu-fazem-postagem-direcionada.jpg","width":1280,"height":800,"caption":"Estrelas do futebol europeu fazem postagem direcionada a gigante brasileiro - Imagem: Pixabay"},{"@type":"BreadcrumbList","@id":"https:\/\/crusoe.com.br\/crusoe-variedades\/estrelas-do-futebol-europeu-fazem-postagem-direcionada-a-gigante-brasileiro\/#breadcrumb","itemListElement":[{"@type":"ListItem","position":1,"name":"Home","item":"https:\/\/crusoe.com.br\/crusoe-variedades\/"},{"@type":"ListItem","position":2,"name":"Estrelas do futebol europeu fazem postagem direcionada a gigante brasileiro"}]},{"@type":"WebSite","@id":"https:\/\/crusoe.com.br\/crusoe-variedades\/#website","url":"https:\/\/crusoe.com.br\/crusoe-variedades\/","name":"Variedades - Cruso\u00e9","description":"","potentialAction":[{"@type":"SearchAction","target":{"@type":"EntryPoint","urlTemplate":"https:\/\/crusoe.com.br\/crusoe-variedades\/?s={search_term_string}"},"query-input":{"@type":"PropertyValueSpecification","valueRequired":true,"valueName":"search_term_string"}}],"inLanguage":"pt-BR"},{"@type":"Person","@id":"https:\/\/crusoe.com.br\/crusoe-variedades\/#\/schema\/person\/b801baefd07f9b448cf1fe24b5b119d8","name":"Jeferson da Rosa","image":{"@type":"ImageObject","inLanguage":"pt-BR","@id":"https:\/\/crusoe.com.br\/crusoe-variedades\/#\/schema\/person\/image\/","url":"https:\/\/secure.gravatar.com\/avatar\/cd7646e328d9670dad7dea8698522e522745eeffcff5b9d08be858e377ce326b?s=96&d=mm&r=g","contentUrl":"https:\/\/secure.gravatar.com\/avatar\/cd7646e328d9670dad7dea8698522e522745eeffcff5b9d08be858e377ce326b?s=96&d=mm&r=g","caption":"Jeferson da Rosa"},"description":"Jornalista apaixonado pela profiss\u00e3o","url":"https:\/\/crusoe.com.br\/crusoe-variedades\/author\/jeferson-da-rosa\/"}]}},"_links":{"self":[{"href":"https:\/\/crusoe.com.br\/crusoe-variedades\/wp-json\/wp\/v2\/posts\/45358","targetHints":{"allow":["GET"]}}],"collection":[{"href":"https:\/\/crusoe.com.br\/crusoe-variedades\/wp-json\/wp\/v2\/posts"}],"about":[{"href":"https:\/\/crusoe.com.br\/crusoe-variedades\/wp-json\/wp\/v2\/types\/post"}],"author":[{"embeddable":true,"href":"https:\/\/crusoe.com.br\/crusoe-variedades\/wp-json\/wp\/v2\/users\/21"}],"replies":[{"embeddable":true,"href":"https:\/\/crusoe.com.br\/crusoe-variedades\/wp-json\/wp\/v2\/comments?post=45358"}],"version-history":[{"count":1,"href":"https:\/\/crusoe.com.br\/crusoe-variedades\/wp-json\/wp\/v2\/posts\/45358\/revisions"}],"predecessor-version":[{"id":45444,"href":"https:\/\/crusoe.com.br\/crusoe-variedades\/wp-json\/wp\/v2\/posts\/45358\/revisions\/45444"}],"wp:featuredmedia":[{"embeddable":true,"href":"https:\/\/crusoe.com.br\/crusoe-variedades\/wp-json\/wp\/v2\/media\/45357"}],"wp:attachment":[{"href":"https:\/\/crusoe.com.br\/crusoe-variedades\/wp-json\/wp\/v2\/media?parent=45358"}],"wp:term":[{"taxonomy":"category","embeddable":true,"href":"https:\/\/crusoe.com.br\/crusoe-variedades\/wp-json\/wp\/v2\/categories?post=45358"},{"taxonomy":"post_tag","embeddable":true,"href":"https:\/\/crusoe.com.br\/crusoe-variedades\/wp-json\/wp\/v2\/tags?post=45358"}],"curies":[{"name":"wp","href":"https:\/\/api.w.org\/{rel}","templated":true}]}}