{"id":44689,"date":"2026-08-30T19:32:57","date_gmt":"2026-08-30T22:32:57","guid":{"rendered":"https:\/\/crusoe.com.br\/crusoe-variedades\/?p=44689"},"modified":"2026-08-24T11:14:02","modified_gmt":"2026-08-24T14:14:02","slug":"entenda-o-fenomeno-psicologico-que-atinge-a-populacao-mundial-nos-finais-de-semana","status":"publish","type":"post","link":"https:\/\/crusoe.com.br\/crusoe-variedades\/entenda-o-fenomeno-psicologico-que-atinge-a-populacao-mundial-nos-finais-de-semana\/","title":{"rendered":"Entenda o fen\u00f4meno psicol\u00f3gico que atinge a popula\u00e7\u00e3o mundial nos finais de semana"},"content":{"rendered":"<p>Uma ang\u00fastia bem familiar toma conta de lares em todo o pa\u00eds nas horas que antecedem a segunda-feira. Conhecido popularmente como &#8220;<strong>S\u00edndrome de domingo \u00e0 noite<\/strong>&#8220;, o <strong>fen\u00f4meno psicol\u00f3gico<\/strong> \u00e9 tema de discuss\u00f5es nas redes sociais e, para alguns especialistas, pode ser um indicador de insatisfa\u00e7\u00e3o profissional ou esgotamento mental.<\/p>\n<p>De acordo com especialistas, as pessoas devem prestar aten\u00e7\u00e3o na pr\u00f3pria <strong>sa\u00fade mental<\/strong> e tomar cuidados para que o que come\u00e7a como uma tristeza passageira n\u00e3o acabe evoluindo para quadros graves de <strong>burnout<\/strong> e <strong>depress\u00e3o<\/strong>.<\/p>\n<p>Dados recentes indicam que a condi\u00e7\u00e3o afeta desproporcionalmente as gera\u00e7\u00f5es mais jovens. Enquanto apenas 11,49% da gera\u00e7\u00e3o <em><strong>Baby Boomers<\/strong><\/em> (nascidos entre 1945 e 1964) relatam sentir o fen\u00f4meno, o n\u00famero salta para 57,39% da <em><strong>Gera\u00e7\u00e3o Z<\/strong><\/em>.<\/p>\n<h2>O que \u00e9 essa s\u00edndrome?<\/h2>\n<p>Segundo a psic\u00f3loga <strong>Mar\u00edlia Vav<\/strong>, mestre pela <strong>Universidade de Bras\u00edlia<\/strong>, esse fen\u00f4meno se manifesta como uma esp\u00e9cie de ansiedade; o c\u00e9rebro deixa de processar o domingo como dia de descanso e passa a antecipar &#8220;amea\u00e7as&#8221; da semana antes mesmo que elas ocorram.<\/p>\n<p>&#8220;Muitas pessoas n\u00e3o se identificam com o que fazem, enfrentam ambientes dif\u00edceis ou n\u00e3o se sentem valorizadas. Nesse cen\u00e1rio, a volta da rotina deixa de ser um compromisso e passa a ser sentida como um peso emocional&#8221;, explica.<\/p>\n<p>Os sintomas variam de inquieta\u00e7\u00e3o a crises f\u00edsicas, incluindo taquicardia, &#8220;n\u00f3&#8221; no est\u00f4mago e ins\u00f4nia severa. Diferente do cansa\u00e7o comum, a s\u00edndrome marca uma transi\u00e7\u00e3o em que\u00a0o indiv\u00edduo sente que o fim de semana foi &#8220;roubado&#8221;.<\/p>\n<p>Em casos mais graves, o sofrimento pode ser ainda mais antecipado, podendo avan\u00e7ar do domingo para a tarde de s\u00e1bado e &#8220;contaminando&#8221; todo o per\u00edodo de descanso da pessoa.<\/p>\n<h2>O que causa isso?<\/h2>\n<p>A onipresen\u00e7a da tecnologia \u00e9 apontada como um dos principais combust\u00edveis para o agravamento do quadro em 2026. A dissolu\u00e7\u00e3o das fronteiras entre vida pessoal e profissional mant\u00e9m o trabalhador em alerta constante. Notifica\u00e7\u00f5es e mensagens no fim de semana impedem o desligamento mental, mantendo os n\u00edveis de cortisol elevados.<\/p>\n<p>Al\u00e9m disso, psic\u00f3logos alertam que a cultura da produtividade t\u00f3xica e o perfeccionismo individual criam um ciclo vicioso. O medo de errar e a necessidade de aprova\u00e7\u00e3o fazem com que o trabalhador leve pend\u00eancias mentais para o descanso.<\/p>\n<p>A ansiedade tamb\u00e9m pode come\u00e7ar antes mesmo do domingo. Pend\u00eancias acumuladas na sexta-feira e a sensa\u00e7\u00e3o de que sempre ficou alguma coisa para tr\u00e1s fazem com que o trabalhador leve mentalmente o expediente para o fim de semana&#8221;, detalham especialistas.<\/p>\n<h2>O que fazer sobre isso?<\/h2>\n<p>Diante do cen\u00e1rio, especialistas destacam a atualiza\u00e7\u00e3o de normas reguladoras, como a <strong>NR-1<\/strong>, que obriga a gest\u00e3o de riscos psicossociais, coloca a s\u00edndrome de domingo como um indicador de falhas estruturais no ambiente corporativo.<\/p>\n<p>Segundo psic\u00f3logos, a recomenda\u00e7\u00e3o para se recuperar ou minimizar a s\u00edndrome de domingo \u00e0 noite \u00e9 estabelecer limites r\u00edgidos, como evitar telas e e-mails de trabalho ap\u00f3s cumprir o hor\u00e1rio de trabalho na sexta-feira e atividades prazerosas no domingo \u00e0 noite que n\u00e3o envolvam planejamento da semana.<\/p>\n<p>Al\u00e9m disso, especialistas tamb\u00e9m sugerem a busca por terapia caso os sintomas interfiram no sono ou no conv\u00edvio familiar.<\/p>\n","protected":false},"excerpt":{"rendered":"<p>Uma ang\u00fastia bem familiar toma conta de lares em todo o pa\u00eds nas horas que antecedem a segunda-feira. Conhecido popularmente como &#8220;S\u00edndrome de domingo \u00e0 noite&#8220;, o fen\u00f4meno psicol\u00f3gico \u00e9 tema de discuss\u00f5es nas redes sociais e, para alguns especialistas, pode ser um indicador de insatisfa\u00e7\u00e3o profissional ou esgotamento mental. De acordo com especialistas, as [&hellip;]<\/p>\n","protected":false},"author":15,"featured_media":37330,"comment_status":"open","ping_status":"open","sticky":false,"template":"","format":"standard","meta":{"jnews-multi-image_gallery":[],"jnews_single_post":[],"jnews_primary_category":[],"jnews_override_counter":[],"jnews_post_split":[],"footnotes":""},"categories":[1],"tags":[],"class_list":["post-44689","post","type-post","status-publish","format-standard","has-post-thumbnail","hentry","category-geral"],"yoast_head":"<!-- This site is optimized with the Yoast SEO plugin v25.0 - https:\/\/yoast.com\/wordpress\/plugins\/seo\/ -->\n<title>Entenda o fen\u00f4meno psicol\u00f3gico que atinge a popula\u00e7\u00e3o mundial nos finais de semana<\/title>\n<meta name=\"robots\" content=\"index, follow, max-snippet:-1, max-image-preview:large, max-video-preview:-1\" \/>\n<link rel=\"canonical\" href=\"https:\/\/crusoe.com.br\/crusoe-variedades\/entenda-o-fenomeno-psicologico-que-atinge-a-populacao-mundial-nos-finais-de-semana\/\" \/>\n<meta property=\"og:locale\" content=\"pt_BR\" \/>\n<meta property=\"og:type\" content=\"article\" \/>\n<meta property=\"og:title\" content=\"Entenda o fen\u00f4meno psicol\u00f3gico que atinge a popula\u00e7\u00e3o mundial nos finais de semana\" \/>\n<meta property=\"og:description\" content=\"Uma ang\u00fastia bem familiar toma conta de lares em todo o pa\u00eds nas horas que antecedem a segunda-feira. Conhecido popularmente como &#8220;S\u00edndrome de domingo \u00e0 noite&#8220;, o fen\u00f4meno psicol\u00f3gico \u00e9 tema de discuss\u00f5es nas redes sociais e, para alguns especialistas, pode ser um indicador de insatisfa\u00e7\u00e3o profissional ou esgotamento mental. De acordo com especialistas, as [&hellip;]\" \/>\n<meta property=\"og:url\" content=\"https:\/\/crusoe.com.br\/crusoe-variedades\/entenda-o-fenomeno-psicologico-que-atinge-a-populacao-mundial-nos-finais-de-semana\/\" \/>\n<meta property=\"og:site_name\" content=\"Variedades - Cruso\u00e9\" \/>\n<meta property=\"article:published_time\" content=\"2026-08-30T22:32:57+00:00\" \/>\n<meta property=\"og:image\" content=\"https:\/\/cdn.crusoe.com.br\/uploads\/2026\/04\/daniil-onischenko-RW1m8-6BJOY-unsplash.jpg\" \/>\n\t<meta property=\"og:image:width\" content=\"640\" \/>\n\t<meta property=\"og:image:height\" content=\"433\" \/>\n\t<meta property=\"og:image:type\" content=\"image\/jpeg\" \/>\n<meta name=\"author\" content=\"J\u00falio Nesi\" \/>\n<meta name=\"twitter:card\" content=\"summary_large_image\" \/>\n<meta name=\"twitter:label1\" content=\"Escrito por\" \/>\n\t<meta name=\"twitter:data1\" content=\"J\u00falio Nesi\" \/>\n\t<meta name=\"twitter:label2\" content=\"Est. tempo de leitura\" \/>\n\t<meta name=\"twitter:data2\" content=\"4 minutos\" \/>\n<script type=\"application\/ld+json\" class=\"yoast-schema-graph\">{\"@context\":\"https:\/\/schema.org\",\"@graph\":[{\"@type\":\"WebPage\",\"@id\":\"https:\/\/crusoe.com.br\/crusoe-variedades\/entenda-o-fenomeno-psicologico-que-atinge-a-populacao-mundial-nos-finais-de-semana\/\",\"url\":\"https:\/\/crusoe.com.br\/crusoe-variedades\/entenda-o-fenomeno-psicologico-que-atinge-a-populacao-mundial-nos-finais-de-semana\/\",\"name\":\"Entenda o fen\u00f4meno psicol\u00f3gico que atinge a popula\u00e7\u00e3o mundial nos finais de semana\",\"isPartOf\":{\"@id\":\"https:\/\/crusoe.com.br\/crusoe-variedades\/#website\"},\"primaryImageOfPage\":{\"@id\":\"https:\/\/crusoe.com.br\/crusoe-variedades\/entenda-o-fenomeno-psicologico-que-atinge-a-populacao-mundial-nos-finais-de-semana\/#primaryimage\"},\"image\":{\"@id\":\"https:\/\/crusoe.com.br\/crusoe-variedades\/entenda-o-fenomeno-psicologico-que-atinge-a-populacao-mundial-nos-finais-de-semana\/#primaryimage\"},\"thumbnailUrl\":\"https:\/\/cdn.crusoe.com.br\/uploads\/2026\/04\/daniil-onischenko-RW1m8-6BJOY-unsplash.jpg\",\"datePublished\":\"2026-08-30T22:32:57+00:00\",\"author\":{\"@id\":\"https:\/\/crusoe.com.br\/crusoe-variedades\/#\/schema\/person\/0cca5874eda7d72cef71e77a9a9c2143\"},\"breadcrumb\":{\"@id\":\"https:\/\/crusoe.com.br\/crusoe-variedades\/entenda-o-fenomeno-psicologico-que-atinge-a-populacao-mundial-nos-finais-de-semana\/#breadcrumb\"},\"inLanguage\":\"pt-BR\",\"potentialAction\":[{\"@type\":\"ReadAction\",\"target\":[\"https:\/\/crusoe.com.br\/crusoe-variedades\/entenda-o-fenomeno-psicologico-que-atinge-a-populacao-mundial-nos-finais-de-semana\/\"]}]},{\"@type\":\"ImageObject\",\"inLanguage\":\"pt-BR\",\"@id\":\"https:\/\/crusoe.com.br\/crusoe-variedades\/entenda-o-fenomeno-psicologico-que-atinge-a-populacao-mundial-nos-finais-de-semana\/#primaryimage\",\"url\":\"https:\/\/cdn.crusoe.com.br\/uploads\/2026\/04\/daniil-onischenko-RW1m8-6BJOY-unsplash.jpg\",\"contentUrl\":\"https:\/\/cdn.crusoe.com.br\/uploads\/2026\/04\/daniil-onischenko-RW1m8-6BJOY-unsplash.jpg\",\"width\":640,\"height\":433,\"caption\":\"Imagem meramente ilustrativa. Reprodu\u00e7\u00e3o: Unsplash \/ Daniil Onischenko\"},{\"@type\":\"BreadcrumbList\",\"@id\":\"https:\/\/crusoe.com.br\/crusoe-variedades\/entenda-o-fenomeno-psicologico-que-atinge-a-populacao-mundial-nos-finais-de-semana\/#breadcrumb\",\"itemListElement\":[{\"@type\":\"ListItem\",\"position\":1,\"name\":\"Home\",\"item\":\"https:\/\/crusoe.com.br\/crusoe-variedades\/\"},{\"@type\":\"ListItem\",\"position\":2,\"name\":\"Entenda o fen\u00f4meno psicol\u00f3gico que atinge a popula\u00e7\u00e3o mundial nos finais de semana\"}]},{\"@type\":\"WebSite\",\"@id\":\"https:\/\/crusoe.com.br\/crusoe-variedades\/#website\",\"url\":\"https:\/\/crusoe.com.br\/crusoe-variedades\/\",\"name\":\"Variedades - Cruso\u00e9\",\"description\":\"\",\"potentialAction\":[{\"@type\":\"SearchAction\",\"target\":{\"@type\":\"EntryPoint\",\"urlTemplate\":\"https:\/\/crusoe.com.br\/crusoe-variedades\/?s={search_term_string}\"},\"query-input\":{\"@type\":\"PropertyValueSpecification\",\"valueRequired\":true,\"valueName\":\"search_term_string\"}}],\"inLanguage\":\"pt-BR\"},{\"@type\":\"Person\",\"@id\":\"https:\/\/crusoe.com.br\/crusoe-variedades\/#\/schema\/person\/0cca5874eda7d72cef71e77a9a9c2143\",\"name\":\"J\u00falio Nesi\",\"image\":{\"@type\":\"ImageObject\",\"inLanguage\":\"pt-BR\",\"@id\":\"https:\/\/crusoe.com.br\/crusoe-variedades\/#\/schema\/person\/image\/\",\"url\":\"https:\/\/secure.gravatar.com\/avatar\/c22eb47c3e2320e71637346b980e09f63de9f75742d3335f94a26b83dff70473?s=96&d=mm&r=g\",\"contentUrl\":\"https:\/\/secure.gravatar.com\/avatar\/c22eb47c3e2320e71637346b980e09f63de9f75742d3335f94a26b83dff70473?s=96&d=mm&r=g\",\"caption\":\"J\u00falio Nesi\"},\"description\":\"Jornalista alagoano formado pela UFAL, j\u00e1 atuei em produ\u00e7\u00e3o de conte\u00fado digital para portais, r\u00e1dio e redes sociais.\",\"sameAs\":[\"www.linkedin.com\/in\/j\u00falio-nesi\"],\"url\":\"https:\/\/crusoe.com.br\/crusoe-variedades\/author\/julionesi\/\"}]}<\/script>\n<!-- \/ Yoast SEO plugin. -->","yoast_head_json":{"title":"Entenda o fen\u00f4meno psicol\u00f3gico que atinge a popula\u00e7\u00e3o mundial nos finais de semana","robots":{"index":"index","follow":"follow","max-snippet":"max-snippet:-1","max-image-preview":"max-image-preview:large","max-video-preview":"max-video-preview:-1"},"canonical":"https:\/\/crusoe.com.br\/crusoe-variedades\/entenda-o-fenomeno-psicologico-que-atinge-a-populacao-mundial-nos-finais-de-semana\/","og_locale":"pt_BR","og_type":"article","og_title":"Entenda o fen\u00f4meno psicol\u00f3gico que atinge a popula\u00e7\u00e3o mundial nos finais de semana","og_description":"Uma ang\u00fastia bem familiar toma conta de lares em todo o pa\u00eds nas horas que antecedem a segunda-feira. Conhecido popularmente como &#8220;S\u00edndrome de domingo \u00e0 noite&#8220;, o fen\u00f4meno psicol\u00f3gico \u00e9 tema de discuss\u00f5es nas redes sociais e, para alguns especialistas, pode ser um indicador de insatisfa\u00e7\u00e3o profissional ou esgotamento mental. De acordo com especialistas, as [&hellip;]","og_url":"https:\/\/crusoe.com.br\/crusoe-variedades\/entenda-o-fenomeno-psicologico-que-atinge-a-populacao-mundial-nos-finais-de-semana\/","og_site_name":"Variedades - Cruso\u00e9","article_published_time":"2026-08-30T22:32:57+00:00","og_image":[{"width":640,"height":433,"url":"https:\/\/cdn.crusoe.com.br\/uploads\/2026\/04\/daniil-onischenko-RW1m8-6BJOY-unsplash.jpg","type":"image\/jpeg"}],"author":"J\u00falio Nesi","twitter_card":"summary_large_image","twitter_misc":{"Escrito por":"J\u00falio Nesi","Est. tempo de leitura":"4 minutos"},"schema":{"@context":"https:\/\/schema.org","@graph":[{"@type":"WebPage","@id":"https:\/\/crusoe.com.br\/crusoe-variedades\/entenda-o-fenomeno-psicologico-que-atinge-a-populacao-mundial-nos-finais-de-semana\/","url":"https:\/\/crusoe.com.br\/crusoe-variedades\/entenda-o-fenomeno-psicologico-que-atinge-a-populacao-mundial-nos-finais-de-semana\/","name":"Entenda o fen\u00f4meno psicol\u00f3gico que atinge a popula\u00e7\u00e3o mundial nos finais de semana","isPartOf":{"@id":"https:\/\/crusoe.com.br\/crusoe-variedades\/#website"},"primaryImageOfPage":{"@id":"https:\/\/crusoe.com.br\/crusoe-variedades\/entenda-o-fenomeno-psicologico-que-atinge-a-populacao-mundial-nos-finais-de-semana\/#primaryimage"},"image":{"@id":"https:\/\/crusoe.com.br\/crusoe-variedades\/entenda-o-fenomeno-psicologico-que-atinge-a-populacao-mundial-nos-finais-de-semana\/#primaryimage"},"thumbnailUrl":"https:\/\/cdn.crusoe.com.br\/uploads\/2026\/04\/daniil-onischenko-RW1m8-6BJOY-unsplash.jpg","datePublished":"2026-08-30T22:32:57+00:00","author":{"@id":"https:\/\/crusoe.com.br\/crusoe-variedades\/#\/schema\/person\/0cca5874eda7d72cef71e77a9a9c2143"},"breadcrumb":{"@id":"https:\/\/crusoe.com.br\/crusoe-variedades\/entenda-o-fenomeno-psicologico-que-atinge-a-populacao-mundial-nos-finais-de-semana\/#breadcrumb"},"inLanguage":"pt-BR","potentialAction":[{"@type":"ReadAction","target":["https:\/\/crusoe.com.br\/crusoe-variedades\/entenda-o-fenomeno-psicologico-que-atinge-a-populacao-mundial-nos-finais-de-semana\/"]}]},{"@type":"ImageObject","inLanguage":"pt-BR","@id":"https:\/\/crusoe.com.br\/crusoe-variedades\/entenda-o-fenomeno-psicologico-que-atinge-a-populacao-mundial-nos-finais-de-semana\/#primaryimage","url":"https:\/\/cdn.crusoe.com.br\/uploads\/2026\/04\/daniil-onischenko-RW1m8-6BJOY-unsplash.jpg","contentUrl":"https:\/\/cdn.crusoe.com.br\/uploads\/2026\/04\/daniil-onischenko-RW1m8-6BJOY-unsplash.jpg","width":640,"height":433,"caption":"Imagem meramente ilustrativa. Reprodu\u00e7\u00e3o: Unsplash \/ Daniil Onischenko"},{"@type":"BreadcrumbList","@id":"https:\/\/crusoe.com.br\/crusoe-variedades\/entenda-o-fenomeno-psicologico-que-atinge-a-populacao-mundial-nos-finais-de-semana\/#breadcrumb","itemListElement":[{"@type":"ListItem","position":1,"name":"Home","item":"https:\/\/crusoe.com.br\/crusoe-variedades\/"},{"@type":"ListItem","position":2,"name":"Entenda o fen\u00f4meno psicol\u00f3gico que atinge a popula\u00e7\u00e3o mundial nos finais de semana"}]},{"@type":"WebSite","@id":"https:\/\/crusoe.com.br\/crusoe-variedades\/#website","url":"https:\/\/crusoe.com.br\/crusoe-variedades\/","name":"Variedades - Cruso\u00e9","description":"","potentialAction":[{"@type":"SearchAction","target":{"@type":"EntryPoint","urlTemplate":"https:\/\/crusoe.com.br\/crusoe-variedades\/?s={search_term_string}"},"query-input":{"@type":"PropertyValueSpecification","valueRequired":true,"valueName":"search_term_string"}}],"inLanguage":"pt-BR"},{"@type":"Person","@id":"https:\/\/crusoe.com.br\/crusoe-variedades\/#\/schema\/person\/0cca5874eda7d72cef71e77a9a9c2143","name":"J\u00falio Nesi","image":{"@type":"ImageObject","inLanguage":"pt-BR","@id":"https:\/\/crusoe.com.br\/crusoe-variedades\/#\/schema\/person\/image\/","url":"https:\/\/secure.gravatar.com\/avatar\/c22eb47c3e2320e71637346b980e09f63de9f75742d3335f94a26b83dff70473?s=96&d=mm&r=g","contentUrl":"https:\/\/secure.gravatar.com\/avatar\/c22eb47c3e2320e71637346b980e09f63de9f75742d3335f94a26b83dff70473?s=96&d=mm&r=g","caption":"J\u00falio Nesi"},"description":"Jornalista alagoano formado pela UFAL, j\u00e1 atuei em produ\u00e7\u00e3o de conte\u00fado digital para portais, r\u00e1dio e redes sociais.","sameAs":["www.linkedin.com\/in\/j\u00falio-nesi"],"url":"https:\/\/crusoe.com.br\/crusoe-variedades\/author\/julionesi\/"}]}},"_links":{"self":[{"href":"https:\/\/crusoe.com.br\/crusoe-variedades\/wp-json\/wp\/v2\/posts\/44689","targetHints":{"allow":["GET"]}}],"collection":[{"href":"https:\/\/crusoe.com.br\/crusoe-variedades\/wp-json\/wp\/v2\/posts"}],"about":[{"href":"https:\/\/crusoe.com.br\/crusoe-variedades\/wp-json\/wp\/v2\/types\/post"}],"author":[{"embeddable":true,"href":"https:\/\/crusoe.com.br\/crusoe-variedades\/wp-json\/wp\/v2\/users\/15"}],"replies":[{"embeddable":true,"href":"https:\/\/crusoe.com.br\/crusoe-variedades\/wp-json\/wp\/v2\/comments?post=44689"}],"version-history":[{"count":1,"href":"https:\/\/crusoe.com.br\/crusoe-variedades\/wp-json\/wp\/v2\/posts\/44689\/revisions"}],"predecessor-version":[{"id":44691,"href":"https:\/\/crusoe.com.br\/crusoe-variedades\/wp-json\/wp\/v2\/posts\/44689\/revisions\/44691"}],"wp:featuredmedia":[{"embeddable":true,"href":"https:\/\/crusoe.com.br\/crusoe-variedades\/wp-json\/wp\/v2\/media\/37330"}],"wp:attachment":[{"href":"https:\/\/crusoe.com.br\/crusoe-variedades\/wp-json\/wp\/v2\/media?parent=44689"}],"wp:term":[{"taxonomy":"category","embeddable":true,"href":"https:\/\/crusoe.com.br\/crusoe-variedades\/wp-json\/wp\/v2\/categories?post=44689"},{"taxonomy":"post_tag","embeddable":true,"href":"https:\/\/crusoe.com.br\/crusoe-variedades\/wp-json\/wp\/v2\/tags?post=44689"}],"curies":[{"name":"wp","href":"https:\/\/api.w.org\/{rel}","templated":true}]}}